{"id":357221,"date":"2025-08-31T23:39:13","date_gmt":"2025-08-31T23:39:13","guid":{"rendered":"https:\/\/www.europesays.com\/fr\/357221\/"},"modified":"2025-08-31T23:39:13","modified_gmt":"2025-08-31T23:39:13","slug":"touristes-a-paris-ils-nont-jamais-ete-aussi-nombreux-journal-de-20-heures","status":"publish","type":"post","link":"https:\/\/www.europesays.com\/fr\/357221\/","title":{"rendered":"Touristes \u00e0 Paris : ils n&rsquo;ont jamais \u00e9t\u00e9 aussi nombreux &#8211; Journal de 20 heures"},"content":{"rendered":"<p id=\"descriptionPanel\" class=\"text-secondary mr-2 line-clamp-2 pr-2.5 overflow-visible\">La plus belle ville du monde reste Paris. Les professionnels du tourisme parisien ont pass\u00e9 un tr\u00e8s bon \u00e9t\u00e9 avec pr\u00e8s de 6,5 millions de visiteurs, soit 20 % de plus qu&rsquo;il y a dix ans. Plus de 40 % de la client\u00e8le est asiatique, et 24 % viennent d&rsquo;Arabie Saoudite. La capitale retrouve des niveaux d&rsquo;avant-pand\u00e9mie, m\u00eame si certains quartiers aimeraient eux aussi un peu plus de tranquillit\u00e9. Le Sacr\u00e9-Coeur de Montmartre est devenu le monument le plus visit\u00e9 de la ville, devant la tour Eiffel.<\/p>\n<p>TF1 | Reportage J. DE FRANCQUEVILLE, A. DE RAIGNAC, M. MERLE<\/p>\n<p>Afficher la version longue du r\u00e9sum\u00e9<a class=\"shrink-0\" href=\"https:\/\/www.tf1.fr\/tf1\/jt-20h\" target=\"_blank\" rel=\"noopener\"><img decoding=\"async\" src=\"https:\/\/www.europesays.com\/fr\/wp-content\/uploads\/2025\/07\/flux-program-card-portrait-1-jt20h-btcb-f6f521-de0119-4109ab-0@1x.jpg\" width=\"138\" height=\"184\" alt=\"\" loading=\"eager\" fetchpriority=\"auto\" class=\"rounded-3px aspect-[3\/4] h-24 w-auto\" aria-hidden=\"true\"\/><\/a><\/p>\n","protected":false},"excerpt":{"rendered":"La plus belle ville du monde reste Paris. Les professionnels du tourisme parisien ont pass\u00e9 un tr\u00e8s bon&hellip;\n","protected":false},"author":2,"featured_media":357222,"comment_status":"","ping_status":"","sticky":false,"template":"","format":"standard","meta":{"footnotes":""},"categories":[1888],"tags":[1111,1928,11,1927,1777,674,3483,3697,41323,41321,1011,27,3699,3698,41324,41329,41333,41322,41330,41334,41327,41326,12,1926,626,1925,25,41331,41332,3701,41328,3700,41325],"class_list":{"0":"post-357221","1":"post","2":"type-post","3":"status-publish","4":"format-standard","5":"has-post-thumbnail","7":"category-paris","8":"tag-actu","9":"tag-actu-paris","10":"tag-actualites","11":"tag-actualites-paris","12":"tag-eu","13":"tag-europe","14":"tag-extrait","15":"tag-extrait-journal-de-20-heures","16":"tag-extrait-journal-de-20-heures-tf1","17":"tag-extrait-tf1","18":"tag-fr","19":"tag-france","20":"tag-journal-de-20-heures","21":"tag-journal-de-20-heures-extrait","22":"tag-journal-de-20-heures-extrait-tf1","23":"tag-journal-de-20-heures-streaming","24":"tag-journal-de-20-heures-streaming-gratuit","25":"tag-journal-de-20-heures-tf1","26":"tag-journal-de-20-heures-tf1-streaming","27":"tag-journal-de-20-heures-tf1-streaming-gratuit","28":"tag-journal-de-20-heures-tf1-video","29":"tag-journal-de-20-heures-video","30":"tag-news","31":"tag-news-paris","32":"tag-paris","33":"tag-paris-news","34":"tag-republique-francaise","35":"tag-streaming-gratuit-journal-de-20-heures","36":"tag-streaming-gratuit-journal-de-20-heures-tf1","37":"tag-streaming-journal-de-20-heures","38":"tag-streaming-journal-de-20-heures-tf1","39":"tag-video-journal-de-20-heures","40":"tag-video-journal-de-20-heures-tf1"},"share_on_mastodon":{"url":"","error":"Validation failed: Text character limit of 500 exceeded"},"_links":{"self":[{"href":"https:\/\/www.europesays.com\/fr\/wp-json\/wp\/v2\/posts\/357221","targetHints":{"allow":["GET"]}}],"collection":[{"href":"https:\/\/www.europesays.com\/fr\/wp-json\/wp\/v2\/posts"}],"about":[{"href":"https:\/\/www.europesays.com\/fr\/wp-json\/wp\/v2\/types\/post"}],"author":[{"embeddable":true,"href":"https:\/\/www.europesays.com\/fr\/wp-json\/wp\/v2\/users\/2"}],"replies":[{"embeddable":true,"href":"https:\/\/www.europesays.com\/fr\/wp-json\/wp\/v2\/comments?post=357221"}],"version-history":[{"count":0,"href":"https:\/\/www.europesays.com\/fr\/wp-json\/wp\/v2\/posts\/357221\/revisions"}],"wp:featuredmedia":[{"embeddable":true,"href":"https:\/\/www.europesays.com\/fr\/wp-json\/wp\/v2\/media\/357222"}],"wp:attachment":[{"href":"https:\/\/www.europesays.com\/fr\/wp-json\/wp\/v2\/media?parent=357221"}],"wp:term":[{"taxonomy":"category","embeddable":true,"href":"https:\/\/www.europesays.com\/fr\/wp-json\/wp\/v2\/categories?post=357221"},{"taxonomy":"post_tag","embeddable":true,"href":"https:\/\/www.europesays.com\/fr\/wp-json\/wp\/v2\/tags?post=357221"}],"curies":[{"name":"wp","href":"https:\/\/api.w.org\/{rel}","templated":true}]}}