{"id":357227,"date":"2025-08-31T23:42:10","date_gmt":"2025-08-31T23:42:10","guid":{"rendered":"https:\/\/www.europesays.com\/fr\/357227\/"},"modified":"2025-08-31T23:42:10","modified_gmt":"2025-08-31T23:42:10","slug":"contes-doux-amers-de-ma-mere-russie","status":"publish","type":"post","link":"https:\/\/www.europesays.com\/fr\/357227\/","title":{"rendered":"Contes doux amers de ma M\u00e8re Russie"},"content":{"rendered":"<p>    <img decoding=\"async\" src=\"https:\/\/www.europesays.com\/fr\/wp-content\/uploads\/2025\/08\/9782493992062-475x500-1-68a58d7c1e177663120329.jpg\" alt=\"ActuaLitt\u00e9\" loading=\"lazy\"\/><\/p>\n<p>\n                Dans un village abandonn\u00e9 o\u00f9 la guerre vient de passer, Kim, un jeune soldat russe, bless\u00e9 et d\u00e9sorient\u00e9, est recueilli par deux babas. Au cours de longues veill\u00e9es, elles lui racontent l&rsquo;histoire de la Russie, depuis les origines var\u00e8gues et slaves jusqu&rsquo;\u00e0 aujourd&rsquo;hui. Sous forme de Contes, Pierre Gonneau nous invite \u00e0 d\u00e9couvrir ou revisiter d&rsquo;immenses contr\u00e9es, de la toundra et de la ta\u00efga, jusqu&rsquo;\u00e0 la steppe, mille ans d&rsquo;histoire, des temps pass\u00e9s aux temps qui ne passent pas.\n              <\/p>\n","protected":false},"excerpt":{"rendered":"Dans un village abandonn\u00e9 o\u00f9 la guerre vient de passer, Kim, un jeune soldat russe, bless\u00e9 et d\u00e9sorient\u00e9,&hellip;\n","protected":false},"author":2,"featured_media":357228,"comment_status":"","ping_status":"","sticky":false,"template":"","format":"standard","meta":{"footnotes":""},"categories":[1591],"tags":[11,1887,12,1885,1886,132],"class_list":{"0":"post-357227","1":"post","2":"type-post","3":"status-publish","4":"format-standard","5":"has-post-thumbnail","7":"category-russie","8":"tag-actualites","9":"tag-federation-de-russie","10":"tag-news","11":"tag-russia","12":"tag-russian-federation","13":"tag-russie"},"share_on_mastodon":{"url":"https:\/\/pubeurope.com\/@fr\/115126032487386171","error":""},"_links":{"self":[{"href":"https:\/\/www.europesays.com\/fr\/wp-json\/wp\/v2\/posts\/357227","targetHints":{"allow":["GET"]}}],"collection":[{"href":"https:\/\/www.europesays.com\/fr\/wp-json\/wp\/v2\/posts"}],"about":[{"href":"https:\/\/www.europesays.com\/fr\/wp-json\/wp\/v2\/types\/post"}],"author":[{"embeddable":true,"href":"https:\/\/www.europesays.com\/fr\/wp-json\/wp\/v2\/users\/2"}],"replies":[{"embeddable":true,"href":"https:\/\/www.europesays.com\/fr\/wp-json\/wp\/v2\/comments?post=357227"}],"version-history":[{"count":0,"href":"https:\/\/www.europesays.com\/fr\/wp-json\/wp\/v2\/posts\/357227\/revisions"}],"wp:featuredmedia":[{"embeddable":true,"href":"https:\/\/www.europesays.com\/fr\/wp-json\/wp\/v2\/media\/357228"}],"wp:attachment":[{"href":"https:\/\/www.europesays.com\/fr\/wp-json\/wp\/v2\/media?parent=357227"}],"wp:term":[{"taxonomy":"category","embeddable":true,"href":"https:\/\/www.europesays.com\/fr\/wp-json\/wp\/v2\/categories?post=357227"},{"taxonomy":"post_tag","embeddable":true,"href":"https:\/\/www.europesays.com\/fr\/wp-json\/wp\/v2\/tags?post=357227"}],"curies":[{"name":"wp","href":"https:\/\/api.w.org\/{rel}","templated":true}]}}