{"id":357229,"date":"2025-08-31T23:43:10","date_gmt":"2025-08-31T23:43:10","guid":{"rendered":"https:\/\/www.europesays.com\/fr\/357229\/"},"modified":"2025-08-31T23:43:10","modified_gmt":"2025-08-31T23:43:10","slug":"arrestation-dune-personne-suspectee-du-meurtre-de-lex-president-du-parlement","status":"publish","type":"post","link":"https:\/\/www.europesays.com\/fr\/357229\/","title":{"rendered":"arrestation d\u2019une personne suspect\u00e9e du meurtre de l&rsquo;ex-pr\u00e9sident du Parlement"},"content":{"rendered":"<p>Andri\u00ef Paroubiy, 54 ans, \u00e9tait une figure de la r\u00e9volution pro-europ\u00e9enne du Ma\u00efdan et avait \u00e9t\u00e9 pr\u00e9sident du Parlement ukrainien, la Rada, de 2016 \u00e0 2019.<\/p>\n<p class=\"fig-paragraph\">Le pr\u00e9sident ukrainien\u00a0<a href=\"http:\/\/www.lefigaro.fr\/international\/donald-trump-continue-a-travailler-pour-une-rencontre-entre-vladimir-poutine-et-volodymyr-zelensky-20250829\" data-fig-type=\"NewsFlash\" data-gtm-custom-categorie=\"navigation\" data-gtm-custom-action=\"crossclick\" data-gtm-custom-label=\"Contextuel\" data-gtm-event=\"customEventSPE\" data-fig-domain=\"LEFIGARO\" rel=\"nofollow noopener\" target=\"_blank\">Volodymyr Zelensky<\/a>\u00a0a annonc\u00e9 lundi l&rsquo;arrestation d&rsquo;une personne apr\u00e8s le meurtre samedi de l&rsquo;<a href=\"http:\/\/www.lefigaro.fr\/international\/ukraine-un-ancien-president-du-parlement-tue-par-balle-dans-l-ouest-du-pays-20250830\" data-fig-type=\"NewsFlash\" rel=\"sponsored nofollow noopener\" data-gtm-custom-categorie=\"navigation\" data-gtm-custom-action=\"crossclick\" data-gtm-custom-label=\"Contextuel\" data-gtm-event=\"customEventSPE\" data-fig-domain=\"LEFIGARO\" target=\"_blank\">ex-pr\u00e9sident du Parlement Andri\u00ef Paroubiy<\/a>. \u00abLes investigations de rigueur sont en cours\u00bb, a-t-il pr\u00e9cis\u00e9 sur les r\u00e9seaux sociaux, remerciant les enqu\u00eateurs pour leur \u00abtravail rapide et coordonn\u00e9\u00bb.<\/p>\n<p class=\"fig-paragraph\">Andri\u00ef Paroubiy, 54 ans, \u00e9tait une figure de la r\u00e9volution pro-europ\u00e9enne du Ma\u00efdan et avait \u00e9t\u00e9 pr\u00e9sident du Parlement ukrainien, la Rada, de 2016 \u00e0 2019. Il a \u00e9t\u00e9 tu\u00e9 par balle samedi \u00e0 Lviv, dans l&rsquo;ouest du pays, un assassinat que le chef du renseignement militaire ukrainien, Kyrylo Boudanov, a imput\u00e9 \u00e0 la Russie avec qui le pays est en guerre depuis f\u00e9vrier 2022.<\/p>\n<p>                                    <a class=\"fig-a11y-skip a11y-hidden\" href=\"#fig-a11y-skip-main-inarticle\"><br \/>\n        Passer la publicit\u00e9<br \/>\n    <\/a><\/p>\n<p class=\"fig-paragraph\">Andri\u00ef Paroubiy est notamment connu pour son r\u00f4le dans les grands mouvements pro-europ\u00e9ens en Ukraine, d&rsquo;abord la \u00abr\u00e9volution orange\u00bb de 2004, puis celle du Ma\u00efdan en 2014.<\/p>\n<p class=\"fig-paragraph\">Il avait \u00e9t\u00e9 \u00abcommandant\u00bb des groupes d&rsquo;auto-d\u00e9fense lors des manifestations du Ma\u00efdan, r\u00e9prim\u00e9es dans le sang. Ce mouvement avait forc\u00e9 le pr\u00e9sident prorusse Viktor Ianoukovitch \u00e0 quitter le pouvoir pour fuir vers la Russie en 2014.<\/p>\n","protected":false},"excerpt":{"rendered":"Andri\u00ef Paroubiy, 54 ans, \u00e9tait une figure de la r\u00e9volution pro-europ\u00e9enne du Ma\u00efdan et avait \u00e9t\u00e9 pr\u00e9sident du&hellip;\n","protected":false},"author":2,"featured_media":357230,"comment_status":"","ping_status":"","sticky":false,"template":"","format":"standard","meta":{"footnotes":""},"categories":[1590],"tags":[11,1777,674,12,220,134],"class_list":{"0":"post-357229","1":"post","2":"type-post","3":"status-publish","4":"format-standard","5":"has-post-thumbnail","7":"category-ukraine","8":"tag-actualites","9":"tag-eu","10":"tag-europe","11":"tag-news","12":"tag-ukraine","13":"tag-volodymyr-zelensky"},"share_on_mastodon":{"url":"https:\/\/pubeurope.com\/@fr\/115126036568071535","error":""},"_links":{"self":[{"href":"https:\/\/www.europesays.com\/fr\/wp-json\/wp\/v2\/posts\/357229","targetHints":{"allow":["GET"]}}],"collection":[{"href":"https:\/\/www.europesays.com\/fr\/wp-json\/wp\/v2\/posts"}],"about":[{"href":"https:\/\/www.europesays.com\/fr\/wp-json\/wp\/v2\/types\/post"}],"author":[{"embeddable":true,"href":"https:\/\/www.europesays.com\/fr\/wp-json\/wp\/v2\/users\/2"}],"replies":[{"embeddable":true,"href":"https:\/\/www.europesays.com\/fr\/wp-json\/wp\/v2\/comments?post=357229"}],"version-history":[{"count":0,"href":"https:\/\/www.europesays.com\/fr\/wp-json\/wp\/v2\/posts\/357229\/revisions"}],"wp:featuredmedia":[{"embeddable":true,"href":"https:\/\/www.europesays.com\/fr\/wp-json\/wp\/v2\/media\/357230"}],"wp:attachment":[{"href":"https:\/\/www.europesays.com\/fr\/wp-json\/wp\/v2\/media?parent=357229"}],"wp:term":[{"taxonomy":"category","embeddable":true,"href":"https:\/\/www.europesays.com\/fr\/wp-json\/wp\/v2\/categories?post=357229"},{"taxonomy":"post_tag","embeddable":true,"href":"https:\/\/www.europesays.com\/fr\/wp-json\/wp\/v2\/tags?post=357229"}],"curies":[{"name":"wp","href":"https:\/\/api.w.org\/{rel}","templated":true}]}}