{"id":357234,"date":"2025-08-31T23:46:27","date_gmt":"2025-08-31T23:46:27","guid":{"rendered":"https:\/\/www.europesays.com\/fr\/357234\/"},"modified":"2025-08-31T23:46:27","modified_gmt":"2025-08-31T23:46:27","slug":"premier-double-de-serhou-guirassy-avec-dortmund-guineefoot","status":"publish","type":"post","link":"https:\/\/www.europesays.com\/fr\/357234\/","title":{"rendered":"premier doubl\u00e9 de Serhou Guirassy avec Dortmund \u2013 Guineefoot"},"content":{"rendered":"<p><strong>DORTMUND- Il d\u00e9marre la saison sur des chapeaux de roues. Serhou Guirassy a encore frapp\u00e9 ce week-end lors de la suite du d\u00e9but du championnat allemand. Face \u00e0 l\u2019Union Berlin, le buteur du BvB s\u2019est illustr\u00e9 avec un doubl\u00e9, son premier de cette saison sportive<\/strong>. <strong>Dortmund s\u2019est impos\u00e9 (3-0) \u00e0 domicile.<\/strong><\/p>\n<p>Serhou Guirassy totalise d\u00e9j\u00e0 trois buts avec le Borussia Dortmund. Apr\u00e8s cette journ\u00e9e de Bundesliga Allemande, Guirassy s\u2019appr\u00eate \u00e0 rejoindre la s\u00e9lection nationale avec la Guin\u00e9e, pour le compte des \u00e9liminatoires du mondial 2026 pour les rencontres contre la Somalie (5 septembre,  Kampala) et l\u2019Alg\u00e9rie (8 septembre, Casablanca).<\/p>\n<p><strong>ALPHA DIALLO <\/strong><\/p>\n","protected":false},"excerpt":{"rendered":"DORTMUND- Il d\u00e9marre la saison sur des chapeaux de roues. Serhou Guirassy a encore frapp\u00e9 ce week-end lors&hellip;\n","protected":false},"author":2,"featured_media":357235,"comment_status":"","ping_status":"","sticky":false,"template":"","format":"standard","meta":{"footnotes":""},"categories":[1587],"tags":[11,672,1804,1805,1803,1777,674,1801,12,1802],"class_list":{"0":"post-357234","1":"post","2":"type-post","3":"status-publish","4":"format-standard","5":"has-post-thumbnail","7":"category-allemagne","8":"tag-actualites","9":"tag-allemagne","10":"tag-bundesrepublik-deutschland","11":"tag-de","12":"tag-deutschland","13":"tag-eu","14":"tag-europe","15":"tag-germany","16":"tag-news","17":"tag-republique-federale-dallemagne"},"share_on_mastodon":{"url":"https:\/\/pubeurope.com\/@fr\/115126048392842464","error":""},"_links":{"self":[{"href":"https:\/\/www.europesays.com\/fr\/wp-json\/wp\/v2\/posts\/357234","targetHints":{"allow":["GET"]}}],"collection":[{"href":"https:\/\/www.europesays.com\/fr\/wp-json\/wp\/v2\/posts"}],"about":[{"href":"https:\/\/www.europesays.com\/fr\/wp-json\/wp\/v2\/types\/post"}],"author":[{"embeddable":true,"href":"https:\/\/www.europesays.com\/fr\/wp-json\/wp\/v2\/users\/2"}],"replies":[{"embeddable":true,"href":"https:\/\/www.europesays.com\/fr\/wp-json\/wp\/v2\/comments?post=357234"}],"version-history":[{"count":0,"href":"https:\/\/www.europesays.com\/fr\/wp-json\/wp\/v2\/posts\/357234\/revisions"}],"wp:featuredmedia":[{"embeddable":true,"href":"https:\/\/www.europesays.com\/fr\/wp-json\/wp\/v2\/media\/357235"}],"wp:attachment":[{"href":"https:\/\/www.europesays.com\/fr\/wp-json\/wp\/v2\/media?parent=357234"}],"wp:term":[{"taxonomy":"category","embeddable":true,"href":"https:\/\/www.europesays.com\/fr\/wp-json\/wp\/v2\/categories?post=357234"},{"taxonomy":"post_tag","embeddable":true,"href":"https:\/\/www.europesays.com\/fr\/wp-json\/wp\/v2\/tags?post=357234"}],"curies":[{"name":"wp","href":"https:\/\/api.w.org\/{rel}","templated":true}]}}