{"id":357236,"date":"2025-08-31T23:47:22","date_gmt":"2025-08-31T23:47:22","guid":{"rendered":"https:\/\/www.europesays.com\/fr\/357236\/"},"modified":"2025-08-31T23:47:22","modified_gmt":"2025-08-31T23:47:22","slug":"le-bilan-salourdit-a-23-morts-vives-reactions-chez-les-dirigeants-europeens","status":"publish","type":"post","link":"https:\/\/www.europesays.com\/fr\/357236\/","title":{"rendered":"le bilan s&rsquo;alourdit \u00e0 23 morts, vives r\u00e9actions chez les dirigeants Europ\u00e9ens"},"content":{"rendered":"<p class=\"rev-margin-0 rev-text-xs-normal\">Un h\u00e9licopt\u00e8re de lutte contre les incendies survole un immeuble r\u00e9sidentiel gravement endommag\u00e9, \u00e0 la suite de l&rsquo;attaque de drones et de missiles russes \u00e0 grande \u00e9chelle sur Kiev le 28 ao\u00fbt 2025.<\/p>\n<p class=\"rev-margin-0 rev-text-xs-bold\">AFP &#8211; AFP or licensors &#8211; OLEKSII FILIPPOV<\/p>\n<p>Le bilan d\u00e9j\u00e0 lourd des<a href=\"https:\/\/www.laprovence.com\/article\/france-monde\/2660781528596914\/guerre-en-ukraine-des-frappes-russes-sur-kiev-font-au-moins-huit-morts-et-des-dizaines-de-blesses\" target=\"_blank\" rel=\"nofollow noopener\"> frappes russes <\/a>sur Kiev s&rsquo;alourdit \u00e0 23 morts, dont 4 enfants. Des <a href=\"https:\/\/www.laprovence.com\/article\/france-monde\/91044373547202\/record-depuis-un-mois-la-russie-a-attaque-lukraine-avec-614-drones-et-missiles-pendant-la-nuit-selon-kiev\" target=\"_blank\" rel=\"nofollow noopener\">missiles et de drones russes<\/a> ont \u00e9ventr\u00e9 jeudi 28 ao\u00fbt au matin des immeubles d&rsquo;habitation \u00e0 Kiev, c&rsquo;est l&rsquo;une des plus importantes attaques a\u00e9riennes russes contre l&rsquo;Ukraine.\u00a0Ce nouveau bilan annonc\u00e9 par Tymour Tkatchenko, chef de l&rsquo;administration militaire de <a href=\"https:\/\/www.laprovence.com\/article\/france-monde\/135732472010214\/lukraine-surprise-par-larret-de-certaines-livraisons-darmes-americaines\" target=\"_blank\" rel=\"nofollow noopener\">Kiev<\/a>, d\u00e9compte \u00e9galement une cinquantaine ont \u00e9t\u00e9 bless\u00e9es.<\/p>\n<p>Des b\u00e2timents repr\u00e9sentants <a href=\"https:\/\/www.laprovence.com\/article\/france-monde\/2881052670760514\/frappes-meurtrieres-sur-kiev-l-ue-dont-les-bureaux-ont-ete-endommages-convoque-l-ambassadeur-russe\" target=\"_blank\" rel=\"nofollow noopener\">l&rsquo;Union europ\u00e9enne <\/a>et du Royaume-Uni ont \u00e9t\u00e9 endommag\u00e9s \u00e0 Kiev par ces frappes dans lesquelles les forces russes ont tir\u00e9 598 drones et 31 missiles sur l&rsquo;Ukraine, selon l&rsquo;arm\u00e9e de l&rsquo;air ukrainienne.\u00a0En cons\u00e9quence, l&rsquo;Union Europ\u00e9enne et les autorit\u00e9s britanniques ont respectivement convoqu\u00e9 les ambassadeurs russes \u00e0 Bruxelles et \u00e0 Londres.<\/p>\n<p>Toll\u00e9 chez les Europ\u00e9ens<\/p>\n<p>La Russie \u00ab\u00a0ne recule devant rien\u00a0\u00bb pour \u00ab\u00a0terroriser\u00a0\u00bb l&rsquo;Ukraine, s&rsquo;est insurg\u00e9e la pr\u00e9sidente de la Commission europ\u00e9enne Ursula von der Leyen, qui au cours d&rsquo;un \u00e9change t\u00e9l\u00e9phonique avec Donald Trump a appel\u00e9 Vladimir Poutine \u00e0 \u00ab\u00a0venir \u00e0 la table des n\u00e9gociations\u00a0\u00bb. Ce dernier \u00ab\u00a0tue des enfants et des civils et sabote les espoirs de paix\u00a0\u00bb, s&rsquo;est emport\u00e9 le Premier ministre Britannique Keir Starmer. Le pr\u00e9sident fran\u00e7ais Emmanuel Macron fustige, lui, des \u00ab\u00a0attaques insens\u00e9es d&rsquo;une grande cruaut\u00e9\u00a0\u00bb.<\/p>\n<p>Cette attaque est intervenue alors que des membres de l&rsquo;\u00e9quipe du pr\u00e9sident ukrainien Volodymyr Zelensky doivent rencontrer ce vendredi \u00e0 New York des repr\u00e9sentants du gouvernement am\u00e9ricain.\u00a0Washington a annonc\u00e9 jeudi avoir approuv\u00e9 la vente \u00e0 l&rsquo;Ukraine de 3 350 missiles \u00e0 longue port\u00e9e et d&rsquo;\u00e9quipements connexes pour un montant total de 825 millions de dollars.<\/p>\n<p>Donald Trump \u00ab\u00a0pas surpris\u00a0\u00bb par ces bombardements<\/p>\n<p>Le pr\u00e9sident am\u00e9ricain Donald Trump n&rsquo;est \u00ab\u00a0pas content\u00a0\u00bb mais \u00ab\u00a0pas surpris\u00a0\u00bb par ces bombardements, a r\u00e9agi jeudi sa porte-parole, Karoline Leavitt.\u00a0Son \u00e9missaire sp\u00e9cial pour l&rsquo;Ukraine, Keith Kellogg avait d\u00e9nonc\u00e9 plus t\u00f4t de \u00ab\u00a0terribles attaques\u00a0\u00bb mena\u00e7ant \u00ab\u00a0la paix que le pr\u00e9sident des Etats-Unis cherche \u00e0 obtenir\u00a0\u00bb.<\/p>\n<p>Volodymyr Zelensky a dit esp\u00e9rer de nouvelles sanctions contre Moscou et appel\u00e9 les partenaires du Kremlin, tels que la Chine et la Hongrie (membre de l&rsquo;Union europ\u00e9enne), \u00e0 adopter une position ferme vis-\u00e0-vis de la Russie, qui occupe 20% du territoire ukrainien.\u00a0<\/p>\n<p>Le porte-parole du Kremlin Dmitri Peskov a pour sa part assur\u00e9 jeudi 28 ao\u00fbt que la Russie restait \u00ab\u00a0int\u00e9ress\u00e9e\u00a0\u00bb par des n\u00e9gociations de paix avec l&rsquo;Ukraine mais qu&rsquo;elle poursuivrait ses bombardements tant que ses \u00ab\u00a0objectifs\u00a0\u00bb ne seraient pas atteints. L&rsquo;arm\u00e9e russe, qui affirme ne jamais cibler des civils, a affirm\u00e9 avoir vis\u00e9 des sites du \u00ab\u00a0complexe militaro-industriel\u00a0\u00bb ukrainien.<\/p>\n<p><img alt=\"\" loading=\"lazy\" width=\"18\" height=\"18\" decoding=\"async\" data-nimg=\"1\" class=\"mx-[8px]\" style=\"color:transparent\" src=\"https:\/\/www.laprovence.com\/_next\/static\/media\/comment.b95dda91.svg\"\/>D\u00e9marrez la conversation<\/p>\n<p class=\"text-[1.8rem] mt-[32px]\">Votre opinion compte pour nous. Rejoignez la communaut\u00e9 laprovence.com en r\u00e9agissant sur l&rsquo;article Frappes russes en Ukraine : le bilan s&rsquo;alourdit \u00e0 23 morts, vives r\u00e9actions chez les dirigeants Europ\u00e9ens.<\/p>\n","protected":false},"excerpt":{"rendered":"Un h\u00e9licopt\u00e8re de lutte contre les incendies survole un immeuble r\u00e9sidentiel gravement endommag\u00e9, \u00e0 la suite de l&rsquo;attaque&hellip;\n","protected":false},"author":2,"featured_media":357237,"comment_status":"","ping_status":"","sticky":false,"template":"","format":"standard","meta":{"footnotes":""},"categories":[1586],"tags":[17,11,3783,1777,674,1011,27,329,2535,5184,12,25,2536,49293,220,11479],"class_list":{"0":"post-357236","1":"post","2":"type-post","3":"status-publish","4":"format-standard","5":"has-post-thumbnail","7":"category-europe","8":"tag-17","9":"tag-actualites","10":"tag-bilan","11":"tag-eu","12":"tag-europe","13":"tag-fr","14":"tag-france","15":"tag-france-monde","16":"tag-frappes","17":"tag-morts","18":"tag-news","19":"tag-republique-francaise","20":"tag-russes","21":"tag-salourdit","22":"tag-ukraine","23":"tag-vives"},"share_on_mastodon":{"url":"https:\/\/pubeurope.com\/@fr\/115126052187318474","error":""},"_links":{"self":[{"href":"https:\/\/www.europesays.com\/fr\/wp-json\/wp\/v2\/posts\/357236","targetHints":{"allow":["GET"]}}],"collection":[{"href":"https:\/\/www.europesays.com\/fr\/wp-json\/wp\/v2\/posts"}],"about":[{"href":"https:\/\/www.europesays.com\/fr\/wp-json\/wp\/v2\/types\/post"}],"author":[{"embeddable":true,"href":"https:\/\/www.europesays.com\/fr\/wp-json\/wp\/v2\/users\/2"}],"replies":[{"embeddable":true,"href":"https:\/\/www.europesays.com\/fr\/wp-json\/wp\/v2\/comments?post=357236"}],"version-history":[{"count":0,"href":"https:\/\/www.europesays.com\/fr\/wp-json\/wp\/v2\/posts\/357236\/revisions"}],"wp:featuredmedia":[{"embeddable":true,"href":"https:\/\/www.europesays.com\/fr\/wp-json\/wp\/v2\/media\/357237"}],"wp:attachment":[{"href":"https:\/\/www.europesays.com\/fr\/wp-json\/wp\/v2\/media?parent=357236"}],"wp:term":[{"taxonomy":"category","embeddable":true,"href":"https:\/\/www.europesays.com\/fr\/wp-json\/wp\/v2\/categories?post=357236"},{"taxonomy":"post_tag","embeddable":true,"href":"https:\/\/www.europesays.com\/fr\/wp-json\/wp\/v2\/tags?post=357236"}],"curies":[{"name":"wp","href":"https:\/\/api.w.org\/{rel}","templated":true}]}}