{"id":357238,"date":"2025-08-31T23:48:15","date_gmt":"2025-08-31T23:48:15","guid":{"rendered":"https:\/\/www.europesays.com\/fr\/357238\/"},"modified":"2025-08-31T23:48:15","modified_gmt":"2025-08-31T23:48:15","slug":"faut-il-utiliser-les-avoirs-russes","status":"publish","type":"post","link":"https:\/\/www.europesays.com\/fr\/357238\/","title":{"rendered":"Faut-il utiliser les avoirs russes?"},"content":{"rendered":"<p>Les ministres des Affaires \u00e9trang\u00e8res europ\u00e9ens \u00e9taient \u00e0 Copenhague pour une r\u00e9union qui a concern\u00e9 les 210 milliards d\u2019euros d\u2019avoirs russes gel\u00e9s en Europe.<\/p>\n<p class=\"text\">Le ministre des Affaires \u00e9trang\u00e8res et europ\u00e9ennes, Xavier Bettel, s\u2019est rendu \u00e0 Copenhague le 30 ao\u00fbt 2025 pour participer \u00e0 la r\u00e9union informelle \u00ab Gymnich \u00bb des ministres des Affaires \u00e9trang\u00e8res de l\u2019Union europ\u00e9enne.<\/p>\n<p class=\"text\">Lors de la premi\u00e8re session, la discussion a port\u00e9 sur l\u2019agression russe contre l\u2019Ukraine, organis\u00e9e en pr\u00e9sence des ministres de l\u2019Islande, de la Norv\u00e8ge et du Royaume-Uni. Les ministres ont discut\u00e9 des mesures possibles pour accro\u00eetre la pression sur la Russie et soutenir l\u2019Ukraine. Lors de la deuxi\u00e8me session, les \u00e9changes ont port\u00e9 sur les avoirs russes.<\/p>\n<p class=\"text\">\u00abIl est essentiel d\u2019explorer toutes les voies possibles tout en minimisant les risques potentiels\u00bb, a affirm\u00e9 Kaja Kallas, la cheffe de la diplomatie europ\u00e9enne\u00a0\u00e0 l\u2019issue de la r\u00e9union. \u00abNous faisons avancer les travaux sur l\u2019utilisation des avoirs russes gel\u00e9s, car il est clair que le pr\u00e9dateur doit payer pour ce qu\u2019il a fait\u00bb, a dit de son c\u00f4t\u00e9 la pr\u00e9sidente de la Commission europ\u00e9enne, Ursula von der Leyen, lors d\u2019un d\u00e9placement en Estonie.<\/p>\n<p class=\"text\">Les avoirs de l\u2019\u00c9tat russe \u00e0 l\u2019\u00e9tranger ont \u00e9t\u00e9 gel\u00e9s apr\u00e8s l\u2019invasion de l\u2019Ukraine en f\u00e9vrier 2022. La plus grande partie, quelque 210 milliards d\u2019euros, se trouve en Belgique, pays membre de l\u2019UE. Les 27 \u00c9tats de l\u2019Union ont dans un premier temps d\u00e9cid\u00e9 d\u2019utiliser les int\u00e9r\u00eats g\u00e9n\u00e9r\u00e9s par ces avoirs, soit plusieurs milliards d\u2019euros par an, pour financer l\u2019effort de guerre de l\u2019Ukraine.<\/p>\n<p class=\"text\">Mais plusieurs pays de l\u2019UE estiment d\u00e9sormais qu\u2019il faut aller plus loin, et certains sont favorables \u00e0 une utilisation du capital lui-m\u00eame, et pas seulement des int\u00e9r\u00eats. D\u2019autres en revanche, comme la France, l\u2019Allemagne et les Pays-Bas, se montrent beaucoup plus prudents.<\/p>\n","protected":false},"excerpt":{"rendered":"Les ministres des Affaires \u00e9trang\u00e8res europ\u00e9ens \u00e9taient \u00e0 Copenhague pour une r\u00e9union qui a concern\u00e9 les 210 milliards&hellip;\n","protected":false},"author":2,"featured_media":357239,"comment_status":"","ping_status":"","sticky":false,"template":"","format":"standard","meta":{"footnotes":""},"categories":[1586],"tags":[11,1777,674,1779,1011,27,12,25,1778,364],"class_list":{"0":"post-357238","1":"post","2":"type-post","3":"status-publish","4":"format-standard","5":"has-post-thumbnail","7":"category-europe","8":"tag-actualites","9":"tag-eu","10":"tag-europe","11":"tag-european-union","12":"tag-fr","13":"tag-france","14":"tag-news","15":"tag-republique-francaise","16":"tag-ue","17":"tag-union-europeenne"},"share_on_mastodon":{"url":"https:\/\/pubeurope.com\/@fr\/115126056056468284","error":""},"_links":{"self":[{"href":"https:\/\/www.europesays.com\/fr\/wp-json\/wp\/v2\/posts\/357238","targetHints":{"allow":["GET"]}}],"collection":[{"href":"https:\/\/www.europesays.com\/fr\/wp-json\/wp\/v2\/posts"}],"about":[{"href":"https:\/\/www.europesays.com\/fr\/wp-json\/wp\/v2\/types\/post"}],"author":[{"embeddable":true,"href":"https:\/\/www.europesays.com\/fr\/wp-json\/wp\/v2\/users\/2"}],"replies":[{"embeddable":true,"href":"https:\/\/www.europesays.com\/fr\/wp-json\/wp\/v2\/comments?post=357238"}],"version-history":[{"count":0,"href":"https:\/\/www.europesays.com\/fr\/wp-json\/wp\/v2\/posts\/357238\/revisions"}],"wp:featuredmedia":[{"embeddable":true,"href":"https:\/\/www.europesays.com\/fr\/wp-json\/wp\/v2\/media\/357239"}],"wp:attachment":[{"href":"https:\/\/www.europesays.com\/fr\/wp-json\/wp\/v2\/media?parent=357238"}],"wp:term":[{"taxonomy":"category","embeddable":true,"href":"https:\/\/www.europesays.com\/fr\/wp-json\/wp\/v2\/categories?post=357238"},{"taxonomy":"post_tag","embeddable":true,"href":"https:\/\/www.europesays.com\/fr\/wp-json\/wp\/v2\/tags?post=357238"}],"curies":[{"name":"wp","href":"https:\/\/api.w.org\/{rel}","templated":true}]}}