{"id":357240,"date":"2025-08-31T23:49:12","date_gmt":"2025-08-31T23:49:12","guid":{"rendered":"https:\/\/www.europesays.com\/fr\/357240\/"},"modified":"2025-08-31T23:49:12","modified_gmt":"2025-08-31T23:49:12","slug":"distribution-de-cahiers-bricolage-et-chateaux-gonflables-quand-les-narcotrafiquants-achetent-la-paix-sociale","status":"publish","type":"post","link":"https:\/\/www.europesays.com\/fr\/357240\/","title":{"rendered":"Distribution de cahiers, bricolage et ch\u00e2teaux gonflables\u2026 Quand les narcotrafiquants ach\u00e8tent la paix sociale"},"content":{"rendered":"<p class=\"paragraph text_align_left lp-f-body-02\">L\u2019annonce \u00e9tait frapp\u00e9e d\u2019une maxime emplie de sagesse : \u00ab \u00c9tudier c\u2019est semer l\u2019avenir \u00bb. Moins consensuels \u00e9taient les organisateurs de la distribution gratuite de fournitures scolaires, annonc\u00e9e ce week-end sur les r\u00e9seaux sociaux pour les \u00e9coliers du quartier prioritaire de Fourchevieilles, \u00e0 Orange (<a href=\"https:\/\/www.leparisien.fr\/vaucluse-84\/\" target=\"_blank\" rel=\"noreferrer nofollow noopener\">Vaucluse<\/a>). Les bons samaritains aux bras charg\u00e9s de cahiers \u00e9taient, selon les autorit\u00e9s, les dealers de la cit\u00e9.<\/p>\n<p class=\"paragraph text_align_left lp-f-body-02\">La distribution de feuilles et stylos quatre couleurs <a href=\"https:\/\/www.leparisien.fr\/faits-divers\/orange-le-prefet-du-vaucluse-interdit-une-distribution-de-materiel-scolaire-par-des-narcotrafiquants-30-08-2025-C4V4K4D53ZFIXARTAIBTCT5APE.php\" target=\"_blank\" rel=\"noreferrer nofollow noopener\">a \u00e9t\u00e9 interdite par un arr\u00eat\u00e9 pr\u00e9fectoral<\/a>, pris in extremis, apr\u00e8s un renseignement policier. Le directeur de cabinet du pr\u00e9fet du Vaucluse, Thibault de Cacqueray, justifie l\u2019interdiction par le \u00ab trouble \u00e0 la morale publique que constitue une initiative, m\u00eame caritative, si elle aboutit \u00e0 faire la promotion d\u2019une entreprise criminelle \u00bb. Et d\u2019ajouter : \u00ab Nous combattons toutes les strat\u00e9gies d\u2019entrisme des trafiquants \u00bb.<\/p>\n","protected":false},"excerpt":{"rendered":"L\u2019annonce \u00e9tait frapp\u00e9e d\u2019une maxime emplie de sagesse : \u00ab \u00c9tudier c\u2019est semer l\u2019avenir \u00bb. Moins consensuels \u00e9taient&hellip;\n","protected":false},"author":2,"featured_media":357241,"comment_status":"","ping_status":"","sticky":false,"template":"","format":"standard","meta":{"footnotes":""},"categories":[2],"tags":[11,459,118,1011,27,12,25],"class_list":{"0":"post-357240","1":"post","2":"type-post","3":"status-publish","4":"format-standard","5":"has-post-thumbnail","7":"category-actualites","8":"tag-actualites","9":"tag-departements-horsidfo","10":"tag-faits-divers","11":"tag-fr","12":"tag-france","13":"tag-news","14":"tag-republique-francaise"},"share_on_mastodon":{"url":"https:\/\/pubeurope.com\/@fr\/115126060011536793","error":""},"_links":{"self":[{"href":"https:\/\/www.europesays.com\/fr\/wp-json\/wp\/v2\/posts\/357240","targetHints":{"allow":["GET"]}}],"collection":[{"href":"https:\/\/www.europesays.com\/fr\/wp-json\/wp\/v2\/posts"}],"about":[{"href":"https:\/\/www.europesays.com\/fr\/wp-json\/wp\/v2\/types\/post"}],"author":[{"embeddable":true,"href":"https:\/\/www.europesays.com\/fr\/wp-json\/wp\/v2\/users\/2"}],"replies":[{"embeddable":true,"href":"https:\/\/www.europesays.com\/fr\/wp-json\/wp\/v2\/comments?post=357240"}],"version-history":[{"count":0,"href":"https:\/\/www.europesays.com\/fr\/wp-json\/wp\/v2\/posts\/357240\/revisions"}],"wp:featuredmedia":[{"embeddable":true,"href":"https:\/\/www.europesays.com\/fr\/wp-json\/wp\/v2\/media\/357241"}],"wp:attachment":[{"href":"https:\/\/www.europesays.com\/fr\/wp-json\/wp\/v2\/media?parent=357240"}],"wp:term":[{"taxonomy":"category","embeddable":true,"href":"https:\/\/www.europesays.com\/fr\/wp-json\/wp\/v2\/categories?post=357240"},{"taxonomy":"post_tag","embeddable":true,"href":"https:\/\/www.europesays.com\/fr\/wp-json\/wp\/v2\/tags?post=357240"}],"curies":[{"name":"wp","href":"https:\/\/api.w.org\/{rel}","templated":true}]}}