{"id":357244,"date":"2025-08-31T23:51:16","date_gmt":"2025-08-31T23:51:16","guid":{"rendered":"https:\/\/www.europesays.com\/fr\/357244\/"},"modified":"2025-08-31T23:51:16","modified_gmt":"2025-08-31T23:51:16","slug":"alice-nevers-s17-e01-mort-pour-la-france","status":"publish","type":"post","link":"https:\/\/www.europesays.com\/fr\/357244\/","title":{"rendered":"Alice Nevers &#8211; S17 E01 &#8211; Mort pour la France"},"content":{"rendered":"<p id=\"descriptionPanel\" class=\"text-secondary mr-2 line-clamp-2 pr-2.5 overflow-visible\">Noah a \u00e9t\u00e9 assassin\u00e9. Dans son quartier, personne ne savait qu\u2019il \u00e9tait flic. Avait-il honte de son m\u00e9tier ? Alice et Marquand apprennent qu\u2019il \u00e9tait prof b\u00e9n\u00e9vole dans un club d\u2019impro depuis les \u00e9v\u00e9nements de Charlie Hebdo. Tandis que Marquand d\u00e9cide de donner une chance \u00e0 son histoire avec L\u00e9a, Alice pose \u00e0 Chahine ses conditions.<\/p>\n<p>Afficher la version longue du r\u00e9sum\u00e9<a class=\"shrink-0\" href=\"https:\/\/www.tf1.fr\/tf1\/alice-nevers\" target=\"_blank\" rel=\"noopener\"><img decoding=\"async\" src=\"https:\/\/www.europesays.com\/fr\/wp-content\/uploads\/2025\/08\/flux-vignette_portrait-404-fe63e1-555f85-0@1x.jpg\" width=\"138\" height=\"184\" alt=\"\" loading=\"eager\" fetchpriority=\"auto\" class=\"rounded-3px aspect-[3\/4] h-24 w-auto\" aria-hidden=\"true\"\/><\/a><\/p>\n","protected":false},"excerpt":{"rendered":"Noah a \u00e9t\u00e9 assassin\u00e9. Dans son quartier, personne ne savait qu\u2019il \u00e9tait flic. Avait-il honte de son m\u00e9tier&hellip;\n","protected":false},"author":2,"featured_media":357245,"comment_status":"","ping_status":"","sticky":false,"template":"","format":"standard","meta":{"footnotes":""},"categories":[4],"tags":[11,49298,49299,1365,49296,49297,41047,1011,27,12,25,49294,49306,49310,49295,49307,49311,49303,49302,49308,49309,49304,49305,49300,49301],"class_list":{"0":"post-357244","1":"post","2":"type-post","3":"status-publish","4":"format-standard","5":"has-post-thumbnail","7":"category-france","8":"tag-actualites","9":"tag-alice-nevers-episode","10":"tag-alice-nevers-episode-tf1","11":"tag-episode","12":"tag-episode-alice-nevers","13":"tag-episode-alice-nevers-tf1","14":"tag-episode-tf1","15":"tag-fr","16":"tag-france","17":"tag-news","18":"tag-republique-francaise","19":"tag-serie-alice-nevers","20":"tag-serie-alice-nevers-streaming","21":"tag-serie-alice-nevers-streaming-gratuit","22":"tag-serie-alice-nevers-tf1","23":"tag-serie-alice-nevers-tf1-streaming","24":"tag-serie-alice-nevers-tf1-streaming-gratuit","25":"tag-serie-alice-nevers-tf1-video","26":"tag-serie-alice-nevers-video","27":"tag-streaming-gratuit-serie-alice-nevers","28":"tag-streaming-gratuit-serie-alice-nevers-tf1","29":"tag-streaming-serie-alice-nevers","30":"tag-streaming-serie-alice-nevers-tf1","31":"tag-video-serie-alice-nevers","32":"tag-video-serie-alice-nevers-tf1"},"share_on_mastodon":{"url":"","error":"Validation failed: Text character limit of 500 exceeded"},"_links":{"self":[{"href":"https:\/\/www.europesays.com\/fr\/wp-json\/wp\/v2\/posts\/357244","targetHints":{"allow":["GET"]}}],"collection":[{"href":"https:\/\/www.europesays.com\/fr\/wp-json\/wp\/v2\/posts"}],"about":[{"href":"https:\/\/www.europesays.com\/fr\/wp-json\/wp\/v2\/types\/post"}],"author":[{"embeddable":true,"href":"https:\/\/www.europesays.com\/fr\/wp-json\/wp\/v2\/users\/2"}],"replies":[{"embeddable":true,"href":"https:\/\/www.europesays.com\/fr\/wp-json\/wp\/v2\/comments?post=357244"}],"version-history":[{"count":0,"href":"https:\/\/www.europesays.com\/fr\/wp-json\/wp\/v2\/posts\/357244\/revisions"}],"wp:featuredmedia":[{"embeddable":true,"href":"https:\/\/www.europesays.com\/fr\/wp-json\/wp\/v2\/media\/357245"}],"wp:attachment":[{"href":"https:\/\/www.europesays.com\/fr\/wp-json\/wp\/v2\/media?parent=357244"}],"wp:term":[{"taxonomy":"category","embeddable":true,"href":"https:\/\/www.europesays.com\/fr\/wp-json\/wp\/v2\/categories?post=357244"},{"taxonomy":"post_tag","embeddable":true,"href":"https:\/\/www.europesays.com\/fr\/wp-json\/wp\/v2\/tags?post=357244"}],"curies":[{"name":"wp","href":"https:\/\/api.w.org\/{rel}","templated":true}]}}