{"id":357246,"date":"2025-08-31T23:54:15","date_gmt":"2025-08-31T23:54:15","guid":{"rendered":"https:\/\/www.europesays.com\/fr\/357246\/"},"modified":"2025-08-31T23:54:15","modified_gmt":"2025-08-31T23:54:15","slug":"super-league-le-fils-de-lentraineur-de-leeds-arrive-en-super-league-en-2026-rugby-a-xiii","status":"publish","type":"post","link":"https:\/\/www.europesays.com\/fr\/357246\/","title":{"rendered":"Super League &#8211; Le fils de l&rsquo;entraineur de Leeds arrive en Super League en 2026 &#8211; Rugby \u00e0 XIII"},"content":{"rendered":"<p style=\"text-align: justify;\"><strong>Jake Arthur, fils de Brad, vient de signer pour Hull FC la saison prochaine, avec un contrat de deux ans \u00e0 la cl\u00e9.<\/strong><\/p>\n<p style=\"text-align: justify;\">Le meneur de 22 ans a fait ses grands d\u00e9buts en NRL en 2021 avec les Parramatta Eels, alors que l\u2019entraineur \u00e9tait son p\u00e8re, Brad, l\u2019actuel coach des Leeds Rhinos. Puis il a rejoint Manly et est actuellement chez les Newcastle Knights. Condamn\u00e9 \u00e0 un r\u00f4le de doublure en NRL, il a principalement jou\u00e9 en NSW Cup. Il brille dans l\u2019antichambre de la NRL, notamment avec sa capacit\u00e9 \u00e0 mener le jeu et \u00e0 d\u00e9livrer de nombreuses passes d\u00e9cisives. Mais la grande ligue australienne reste relativement hors de port\u00e9e pour lui.<\/p>\n<p style=\"text-align: justify;\">Il vient donc chercher du temps de jeu en Super League. Associ\u00e9 \u00e0 Aidan Sezer, qui illumine de sa gestion cette saison en Super League, Jake Arthur pourrait s\u2019\u00e9panouir \u00e0 Hull FC.<\/p>\n<blockquote class=\"twitter-tweet\" data-width=\"500\" data-dnt=\"true\">\n<p lang=\"en\" dir=\"ltr\">Hull FC are delighted to confirm the signing of Jake Arthur for the 2026 Betfred Super League campaign \u270d\ufe0f<\/p>\n<p>The Australian halfback has signed a two-year-deal at the MKM Stadium \u2705<\/p>\n<p>Read \ud83d\udc49 <a href=\"https:\/\/t.co\/ktuR6LUp3B\">https:\/\/t.co\/ktuR6LUp3B<\/a><\/p>\n<p>\u26ab\ufe0f\u26aa\ufe0f <a href=\"https:\/\/twitter.com\/hashtag\/COYH?src=hash&amp;ref_src=twsrc%5Etfw\" target=\"_blank\" rel=\"noopener\">#COYH<\/a> | <a href=\"https:\/\/twitter.com\/ecostrad?ref_src=twsrc%5Etfw\" target=\"_blank\" rel=\"noopener\">@ecostrad<\/a> <a href=\"https:\/\/t.co\/U4tWskV1pJ\">pic.twitter.com\/U4tWskV1pJ<\/a><\/p>\n<p>\u2014 Hull FC (@hullfcofficial) <a href=\"https:\/\/twitter.com\/hullfcofficial\/status\/1961112793912094957?ref_src=twsrc%5Etfw\" target=\"_blank\" rel=\"noopener\">August 28, 2025<\/a><\/p>\n<\/blockquote>\n<p>        <script async src=\"https:\/\/platform.twitter.com\/widgets.js\" charset=\"utf-8\"><\/script><\/p>\n","protected":false},"excerpt":{"rendered":"Jake Arthur, fils de Brad, vient de signer pour Hull FC la saison prochaine, avec un contrat de&hellip;\n","protected":false},"author":2,"featured_media":357247,"comment_status":"","ping_status":"","sticky":false,"template":"","format":"standard","meta":{"footnotes":""},"categories":[1416],"tags":[1011,27,33901,49312,479,2228,1468,2229,60,4474,969],"class_list":{"0":"post-357246","1":"post","2":"type-post","3":"status-publish","4":"format-standard","5":"has-post-thumbnail","7":"category-rugby","8":"tag-fr","9":"tag-france","10":"tag-hull-fc","11":"tag-jake-arthur","12":"tag-rugby","13":"tag-rugby-a-xiii","14":"tag-rugby-football","15":"tag-rugby-league","16":"tag-sports","17":"tag-super-league","18":"tag-transfert"},"share_on_mastodon":{"url":"https:\/\/pubeurope.com\/@fr\/115126079585037727","error":""},"_links":{"self":[{"href":"https:\/\/www.europesays.com\/fr\/wp-json\/wp\/v2\/posts\/357246","targetHints":{"allow":["GET"]}}],"collection":[{"href":"https:\/\/www.europesays.com\/fr\/wp-json\/wp\/v2\/posts"}],"about":[{"href":"https:\/\/www.europesays.com\/fr\/wp-json\/wp\/v2\/types\/post"}],"author":[{"embeddable":true,"href":"https:\/\/www.europesays.com\/fr\/wp-json\/wp\/v2\/users\/2"}],"replies":[{"embeddable":true,"href":"https:\/\/www.europesays.com\/fr\/wp-json\/wp\/v2\/comments?post=357246"}],"version-history":[{"count":0,"href":"https:\/\/www.europesays.com\/fr\/wp-json\/wp\/v2\/posts\/357246\/revisions"}],"wp:featuredmedia":[{"embeddable":true,"href":"https:\/\/www.europesays.com\/fr\/wp-json\/wp\/v2\/media\/357247"}],"wp:attachment":[{"href":"https:\/\/www.europesays.com\/fr\/wp-json\/wp\/v2\/media?parent=357246"}],"wp:term":[{"taxonomy":"category","embeddable":true,"href":"https:\/\/www.europesays.com\/fr\/wp-json\/wp\/v2\/categories?post=357246"},{"taxonomy":"post_tag","embeddable":true,"href":"https:\/\/www.europesays.com\/fr\/wp-json\/wp\/v2\/tags?post=357246"}],"curies":[{"name":"wp","href":"https:\/\/api.w.org\/{rel}","templated":true}]}}