{"id":357254,"date":"2025-08-31T23:59:10","date_gmt":"2025-08-31T23:59:10","guid":{"rendered":"https:\/\/www.europesays.com\/fr\/357254\/"},"modified":"2025-08-31T23:59:10","modified_gmt":"2025-08-31T23:59:10","slug":"nous-avons-approche-cette-premiere-semaine-de-maniere-tres-calme-vingegaard-a-gagne-en-balayant-les-plans-mais-visma-veut-continuer-de-courir-prudemment-lequipe","status":"publish","type":"post","link":"https:\/\/www.europesays.com\/fr\/357254\/","title":{"rendered":"\u00ab Nous avons approch\u00e9 cette premi\u00e8re semaine de mani\u00e8re tr\u00e8s calme \u00bb : Vingegaard a gagn\u00e9 en balayant les plans, mais Visma veut continuer de courir prudemment &#8211; L&#039;\u00c9quipe"},"content":{"rendered":"<ol>\n<li><a href=\"https:\/\/news.google.com\/rss\/articles\/CBMitgJBVV95cUxOUXB1T0wzQXoyWXcxd19UT2ZndWtlaDdPczZVakJGdlpqT1lMVnlNMnR2ZnNQek9jLXFOXzFpcDBYdFdVYVhyTDhuRlg3RzR6T1hPeFZLM0NseGcxTzQySTJrRDZWWk5pOElPMHNIZmlkNTlmZElEWG1IMlZ2UzJGU1Q1V294REFZMHBla3J2Z0d6WlhaSmplX2ZUSEtROGZiNnYwb241enE2b205czR4WGZpN3JmZ1VYYVhvY2ZVS1ZXbDNlbHZkNTJrQWg5ak9IVmMzTE1laDQ1WDRFaXA1eDdWQ0ZicmZObF9JWlZuMlJEcXdjb2JFZHo5Tkx1WnRRNDFPZEE2UGhGSEZ4RHdPTU1iS0VWMVkyeENaVTlpZlZUZk80RDNKQ1UwQ3c1d3d5d29qSWFB?oc=5\" target=\"_blank\" rel=\"nofollow noopener\">\u00ab Nous avons approch\u00e9 cette premi\u00e8re semaine de mani\u00e8re tr\u00e8s calme \u00bb : Vingegaard a gagn\u00e9 en balayant les plans, mais Visma veut continuer de courir prudemment<\/a>&nbsp;&nbsp;L&rsquo;\u00c9quipe<\/li>\n<li><a href=\"https:\/\/news.google.com\/rss\/articles\/CBMipwFBVV95cUxPZzA4QUFnb2dNdzhEcS1hcXB3V1FFZmc0VVBvU0N3X2NVTHc0NFVGSE9qRHltMEtXaklnTnNyRlBXMFZrVzBVVkdBZHJmTnd1b1NPemJ5VG9NVnFaVVA5TWRSZG1BWFBEdlJJQ2VwbmFQeGFNbHlUYTNlR19NNklwMHkwUjNVZTN4NnBQTEhxNFJzbjljb25sRlRXUlNyZUUxZ2lSQ19zRdIBrAFBVV95cUxNTFBiSlNrYlpzbzF0RldINmpnMkY0SHpvQUZramxWVm9OZEhUUWp5WkVNUVRlcVZuN0xSMFJhZnZ4dUtpMUZfcTBRLVhUeTgzaERQZ05pNXNfa0wtZV9oR1RZQ2tqcG9jMGNmVTVvRjY0U1NmOC1YdDFZUkZkUjQyb1AtQVdVTE81YkpTQklfRl9XR1p4eWRHdWNGcEJiZ3pjREtiMzZDMlZWTnMt?oc=5\" target=\"_blank\" rel=\"nofollow noopener\">Tour d\u2019Espagne 2025 : le classement g\u00e9n\u00e9ral apr\u00e8s la 9e \u00e9tape<\/a>&nbsp;&nbsp;CNews<\/li>\n<li><a href=\"https:\/\/news.google.com\/rss\/articles\/CBMivAJBVV95cUxPX1J3NkRCZnRqd25OSWZfelBsTWgtSThmNmJEYmJHUEh1MFdpMS14bk9kQU9YWVcwTWxtclNZQ1BpRy1IWWNWZ3NJeE5YQmxLWjI1NHpuV3Yxa0FoTzVaWHJWb19mLUdmR0k2RVo5RTQzMGY3UGRJRDVyeDdSU25NdFJ6SXhvWHlyTGtCQ092S3VEeE5kek5XazUxaUFuZ2I5V3hhWGZlZUJWMUhiMkhhbEZ6M1QzcTRXX2pSeGc0clRNOVEtYWZXckNHWDFwckFHQ1hFNW8zb3BLMXlsam14aTNpd0dERUdJSTdYemhuLVE0TEpmZHFWX1RESGIxUHZubG9IYVpXNDFsWWdkejRMajdldXRNbzJ1OEdNc08ycVpTQzdYOUQzZGNhSzBhUlRRVWdHTnZMaGNLTVR6?oc=5\" target=\"_blank\" rel=\"nofollow noopener\">Jonas Vingegaard s&rsquo;impose en solitaire au sommet de Valdezcaray et fond sur Torstein Tr\u00e6en<\/a>&nbsp;&nbsp;Eurosport<\/li>\n<li><a href=\"https:\/\/news.google.com\/rss\/articles\/CBMi6wFBVV95cUxNV1VwRG9tZkZoT3YxUjkxZTRMWkZ3MXRxY1BYYTFlYlQ0ZmVVLTFYRmxZUXh4VmtFU000UlRtSlFfeWxNc244eWJqMHItaW5FeFN5SzlSci1nU1NDazN0ZXg5QXJ1aGxSbVNTb0wzdnpyTThJcW11T3A2NklBbGdRUHFUVVJyOTNUcnFSM2JTVVdjTFV2VjZwaUlzTTY0VFkyR2RfSmdxUS1qZ1hINWVnUzRnMDg5YmVKZ09HbU5IOEFsdUluTmJzVmZIUkJIQW9ZLUtScjlXNzJfc1llUlVXdEptZ0ZOVzFzZjkw?oc=5\" target=\"_blank\" rel=\"nofollow noopener\">Cyclisme : Vingegaard s&rsquo;impose en solitaire sur la 9e \u00e9tape du Tour d\u2019Espagne, Traaen sauve son maillot rouge<\/a>&nbsp;&nbsp;Le Figaro<\/li>\n<li><a href=\"https:\/\/news.google.com\/rss\/articles\/CBMi-AFBVV95cUxNRVl5U2lCVFBsSDU5MGpKR1NZU1ozNk1fMVFWVnlJa0E2RFJ1WTkycTdRb3U5WnNfc21ucDNUaWNmVFVtSjJseTB0QUZFbGxRLVNJT3BuLXR3ZjQ3ejlERWNEV0lSOVdnSVBWT0tKVjdneTVXcFprdExiM1FfY085Q090N3dXclE0UldwV0dkTl9oNmFBbnFBVFdfWHpCa1JLSXBxMUlCRURJOVdnZmFpM0ZIOTJVODVmN2JYazJxd2ZSc1dLdTVvaVlncHc0M0ZLRWZGT2NPMzc5ZTFOaGdpSDNQYVJyQVN1QTQwc0xiMGZYNWhZRE5DUdIB9wFBVV95cUxPVmpaVG5OU1lXQTdaWkVES1FjUjFCQkluUWNLM0FYWjQ0a0NnNS1XbEZhR1FoZEc1WlJteWFNRjFENFd1SU5mcVFfN3RaNHVvalZ3NnpNWk5ydzUwSnFEYkVTcVdxUFV3WElOcldWcjgyTWlEWU1VZ1V4dmd1WmEyaUZCRUtseFFpSURWbHhGYl91Vmh6QW0zRDZrU0xxaW5ERU9udjBJd1puRHRDUld6eHFpOTMtS1lmekN5elVwOXBBeWxFd2tEZ1NySnVuTHBuZ1JuaXNhYV96NXBQUjByZTBLLUNUeFd4a1diQUduWXhqZnhxOE9J?oc=5\" target=\"_blank\" rel=\"nofollow noopener\">Vuelta (E9) : Vingegaard s&rsquo;impose en solo \u00e0 Valdezcaray mais laisse le maillot rouge \u00e0 Tr\u00e6en<\/a>&nbsp;&nbsp;Orange Actualit\u00e9s | Sports<\/li>\n<\/ol>\n","protected":false},"excerpt":{"rendered":"\u00ab Nous avons approch\u00e9 cette premi\u00e8re semaine de mani\u00e8re tr\u00e8s calme \u00bb : Vingegaard a gagn\u00e9 en balayant&hellip;\n","protected":false},"author":2,"featured_media":357255,"comment_status":"","ping_status":"","sticky":false,"template":"","format":"standard","meta":{"footnotes":""},"categories":[1411],"tags":[1154,207,1011,27,60],"class_list":{"0":"post-357254","1":"post","2":"type-post","3":"status-publish","4":"format-standard","5":"has-post-thumbnail","7":"category-cyclisme","8":"tag-cycling","9":"tag-cyclisme","10":"tag-fr","11":"tag-france","12":"tag-sports"},"share_on_mastodon":{"url":"https:\/\/pubeurope.com\/@fr\/115126099286320374","error":""},"_links":{"self":[{"href":"https:\/\/www.europesays.com\/fr\/wp-json\/wp\/v2\/posts\/357254","targetHints":{"allow":["GET"]}}],"collection":[{"href":"https:\/\/www.europesays.com\/fr\/wp-json\/wp\/v2\/posts"}],"about":[{"href":"https:\/\/www.europesays.com\/fr\/wp-json\/wp\/v2\/types\/post"}],"author":[{"embeddable":true,"href":"https:\/\/www.europesays.com\/fr\/wp-json\/wp\/v2\/users\/2"}],"replies":[{"embeddable":true,"href":"https:\/\/www.europesays.com\/fr\/wp-json\/wp\/v2\/comments?post=357254"}],"version-history":[{"count":0,"href":"https:\/\/www.europesays.com\/fr\/wp-json\/wp\/v2\/posts\/357254\/revisions"}],"wp:featuredmedia":[{"embeddable":true,"href":"https:\/\/www.europesays.com\/fr\/wp-json\/wp\/v2\/media\/357255"}],"wp:attachment":[{"href":"https:\/\/www.europesays.com\/fr\/wp-json\/wp\/v2\/media?parent=357254"}],"wp:term":[{"taxonomy":"category","embeddable":true,"href":"https:\/\/www.europesays.com\/fr\/wp-json\/wp\/v2\/categories?post=357254"},{"taxonomy":"post_tag","embeddable":true,"href":"https:\/\/www.europesays.com\/fr\/wp-json\/wp\/v2\/tags?post=357254"}],"curies":[{"name":"wp","href":"https:\/\/api.w.org\/{rel}","templated":true}]}}