{"id":357256,"date":"2025-09-01T00:00:19","date_gmt":"2025-09-01T00:00:19","guid":{"rendered":"https:\/\/www.europesays.com\/fr\/357256\/"},"modified":"2025-09-01T00:00:19","modified_gmt":"2025-09-01T00:00:19","slug":"le-psg-cest-devenu-ma-deuxieme-famille","status":"publish","type":"post","link":"https:\/\/www.europesays.com\/fr\/357256\/","title":{"rendered":"Le PSG, c&rsquo;est devenu ma deuxi\u00e8me famille"},"content":{"rendered":"<p>Devenu un joueur essentiel du onze de Luis Enrique, le<br \/>\nmilieu du PSG, Fabian Ruiz, a des ambitions \u00e9lev\u00e9s pour cette<br \/>\nsaison 2025-2026.<\/p>\n<p>Apr\u00e8s des d\u00e9buts compliqu\u00e9s au <strong>PSG<\/strong>,<br \/>\n<strong><a href=\"https:\/\/canal-supporters.com\/mercato-fabian-ruiz-toujours-dans-le-viseur-de-larabie-saoudite\/\" title=\"\" rel=\"nofollow noopener\" target=\"_blank\">Fabian Ruiz<\/a><\/strong> a pris une nouvelle dimension<br \/>\nchez les Rouge &amp; Bleu. Transform\u00e9 depuis l\u2019arriv\u00e9e de <strong>Luis<br \/>\nEnrique<\/strong> sur le banc parisien, le milieu de 29 ans est<br \/>\ndevenu une pi\u00e8ce essentielle du onze parisien. Dans un entretien<br \/>\naccord\u00e9 \u00e0 l\u2019\u00e9mission de <strong>TF1<\/strong>,<br \/>\n<strong><a href=\"https:\/\/x.com\/telefoot_TF1\" target=\"_blank\" rel=\"noopener nofollow\" title=\"\">\u00ab\u00a0T\u00e9l\u00e9foot\u00a0\u00bb<\/a><\/strong>,<br \/>\nl\u2019international espagnol est revenu sur la saison historique des<br \/>\nRouge &amp; Bleu avant d\u2019\u00e9voquer ses ambitions pour ce nouvel<br \/>\nexercice.<\/p>\n<p>La victoire en<br \/>\nLigue des champions<\/p>\n<p>\u00ab\u00a0Nous pensons encore \u00e0 cette victoire, c\u2019est<br \/>\nhistorique ce que nous avons fait \u00e0 <strong>Munich<\/strong>. Ce<br \/>\nsont des souvenirs merveilleux. \u00c0 titre personnel, je pense que<br \/>\nc\u2019est l\u2019un des meilleurs moments de ma carri\u00e8re, en \u00e9tant en plus<br \/>\nnomm\u00e9 au <strong>Ballon d\u2019Or<\/strong> pour la premi\u00e8re fois. Cela<br \/>\nsignifie que j\u2019ai fait du tr\u00e8s bon travail.\u00a0\u00bb<\/p>\n<p>Le Ballon d\u2019Or,<br \/>\nun r\u00eave d\u2019enfant ?<\/p>\n<p>\u00ab\u00a0Le <strong>Ballon d\u2019Or<\/strong> n\u2019\u00e9tait pas quelque<br \/>\nchose dont je r\u00eavais, \u00e7a r\u00e9compense un effort de chaque joueur, de<br \/>\nchaque entra\u00eenement, de chaque match. C\u2019est un travail de longue<br \/>\nhaleine.\u00a0\u00bb<\/p>\n<p>L\u2019objectif de la<br \/>\nsaison apr\u00e8s avoir remport\u00e9 la C1<\/p>\n<p>\u00ab\u00a0Je pense que la difficult\u00e9 n\u2019est pas de gagner. C\u2019est<br \/>\ndifficile, bien s\u00fbr, mais le plus compliqu\u00e9 est de remporter \u00e0<br \/>\nnouveau des titres, de revenir \u00e0 100 % et d\u2019\u00e9crire \u00e0 nouveau<br \/>\nl\u2019histoire. On va essayer de r\u00e9aliser la m\u00eame saison que l\u2019ann\u00e9e<br \/>\nderni\u00e8re, de lutter pour tous les titres. Nous savons que ce sera<br \/>\nun grand d\u00e9fi mais je pense que nous sommes pr\u00eats.\u00a0\u00bb<\/p>\n<p>Ses performances<br \/>\nde la saison pass\u00e9e<\/p>\n<p>\u00ab\u00a0C\u2019est vrai que la saison derni\u00e8re, j\u2019ai r\u00e9alis\u00e9 la<br \/>\nmeilleure saison de toute ma carri\u00e8re. Je pense aussi que c\u2019est<br \/>\ngr\u00e2ce au coach, <strong>Luis Enrique<\/strong>. Il aime que ses<br \/>\nmilieux de terrain se projettent beaucoup dans la surface, qu\u2019ils<br \/>\ntentent leur chance de l\u2019ext\u00e9rieur. Il aime que je sois pr\u00e8s de la<br \/>\nsurface pour marquer, il m\u2019incite beaucoup \u00e0 arriver lanc\u00e9, et<br \/>\nc\u2019est une facette de jeu qu\u2019il nous a toujours inculqu\u00e9e depuis<br \/>\nqu\u2019il est arriv\u00e9. C\u2019est pour cela que j\u2019ai marqu\u00e9 autant de buts et<br \/>\nd\u00e9livr\u00e9 autant de passes d\u00e9cisives. Ce sont de bons chiffres que<br \/>\nj\u2019essayerai d\u2019am\u00e9liorer cette ann\u00e9e.\u00a0\u00bb<\/p>\n<p>La pr\u00e9sence des<br \/>\nmembres du PSG pendant son mariage cet \u00e9t\u00e9<\/p>\n<p>\u00ab\u00a0Oui, il y avait <strong>Arnau (Tenas)<\/strong>,<br \/>\n<strong>Ousmane (Demb\u00e9l\u00e9)<\/strong>, <strong>Hakimi<\/strong>, le<br \/>\npr\u00e9sident (<strong><a href=\"https:\/\/canal-supporters.com\/la-ldc-les-droits-tv-le-mercato-le-ballon-dor-nasser-al-khelaifi-se-confie\/\" title=\"\" rel=\"nofollow noopener\" target=\"_blank\">Nasser Al-Khela\u00effi<\/a><\/strong>), <strong>Luis<br \/>\nCampos<\/strong>. Ils \u00e9taient l\u00e0, m\u00eame si c\u2019\u00e9tait pendant leurs<br \/>\nvacances, car c\u2019\u00e9tait un jour sp\u00e9cial pour moi. Le<br \/>\n<strong>PSG<\/strong>, c\u2019est devenu ma deuxi\u00e8me famille. On passe<br \/>\nbeaucoup de temps ensemble, tous les jours, toute l\u2019ann\u00e9e. La<br \/>\nv\u00e9rit\u00e9, c\u2019est que partager des moments avec eux, c\u2019est<br \/>\nincroyable.\u00a0\u00bb<\/p>\n<p>Ce qu\u2019on peut<br \/>\nlui souhaiter pour la suite de sa carri\u00e8re<\/p>\n<p>\u00ab\u00a0J\u2019ai pratiquement remport\u00e9 tous les titres en club.<br \/>\nComme r\u00eave, j\u2019aimerais remporter la <strong>Coupe du monde<\/strong><br \/>\nl\u2019ann\u00e9e prochaine, ce serait magnifique, un r\u00eave pour<br \/>\nmoi.\u00a0\u00bb<\/p>\n<\/p>\n<p>Youtube :<br \/>\n<strong><a href=\"https:\/\/www.youtube.com\/@CanalSupportersParis\" target=\"_blank\" rel=\"noopener nofollow\" title=\"\">Canal Supporters<br \/>\nParis<\/a><\/strong><\/p>\n","protected":false},"excerpt":{"rendered":"Devenu un joueur essentiel du onze de Luis Enrique, le milieu du PSG, Fabian Ruiz, a des ambitions&hellip;\n","protected":false},"author":2,"featured_media":357257,"comment_status":"","ping_status":"","sticky":false,"template":"","format":"standard","meta":{"footnotes":""},"categories":[1410],"tags":[454,81,787,14700,63,1011,27,49313,447,921,32051,91,92,93,49314,60,96],"class_list":{"0":"post-357256","1":"post","2":"type-post","3":"status-publish","4":"format-standard","5":"has-post-thumbnail","7":"category-football","8":"tag-ballon-dor","9":"tag-canal-supporters","10":"tag-cs","11":"tag-fabian-ruiz","12":"tag-football","13":"tag-fr","14":"tag-france","15":"tag-interview-psg","16":"tag-ligue-des-champions","17":"tag-luis-enrique","18":"tag-milieu-psg","19":"tag-paris-saint-germain","20":"tag-paris-sg","21":"tag-psg","22":"tag-ruiz-psg","23":"tag-sports","24":"tag-une"},"share_on_mastodon":{"url":"https:\/\/pubeurope.com\/@fr\/115126103151766584","error":""},"_links":{"self":[{"href":"https:\/\/www.europesays.com\/fr\/wp-json\/wp\/v2\/posts\/357256","targetHints":{"allow":["GET"]}}],"collection":[{"href":"https:\/\/www.europesays.com\/fr\/wp-json\/wp\/v2\/posts"}],"about":[{"href":"https:\/\/www.europesays.com\/fr\/wp-json\/wp\/v2\/types\/post"}],"author":[{"embeddable":true,"href":"https:\/\/www.europesays.com\/fr\/wp-json\/wp\/v2\/users\/2"}],"replies":[{"embeddable":true,"href":"https:\/\/www.europesays.com\/fr\/wp-json\/wp\/v2\/comments?post=357256"}],"version-history":[{"count":0,"href":"https:\/\/www.europesays.com\/fr\/wp-json\/wp\/v2\/posts\/357256\/revisions"}],"wp:featuredmedia":[{"embeddable":true,"href":"https:\/\/www.europesays.com\/fr\/wp-json\/wp\/v2\/media\/357257"}],"wp:attachment":[{"href":"https:\/\/www.europesays.com\/fr\/wp-json\/wp\/v2\/media?parent=357256"}],"wp:term":[{"taxonomy":"category","embeddable":true,"href":"https:\/\/www.europesays.com\/fr\/wp-json\/wp\/v2\/categories?post=357256"},{"taxonomy":"post_tag","embeddable":true,"href":"https:\/\/www.europesays.com\/fr\/wp-json\/wp\/v2\/tags?post=357256"}],"curies":[{"name":"wp","href":"https:\/\/api.w.org\/{rel}","templated":true}]}}