{"id":357258,"date":"2025-09-01T00:01:18","date_gmt":"2025-09-01T00:01:18","guid":{"rendered":"https:\/\/www.europesays.com\/fr\/357258\/"},"modified":"2025-09-01T00:01:18","modified_gmt":"2025-09-01T00:01:18","slug":"comment-va-richard-bohringer-sa-fille-romane-bohringer-donne-des-nouvelles-de-sa-sante","status":"publish","type":"post","link":"https:\/\/www.europesays.com\/fr\/357258\/","title":{"rendered":"Comment va Richard Bohringer ? Sa fille Romane Bohringer donne des nouvelles de sa sant\u00e9"},"content":{"rendered":"<p>Apr\u00e8s avoir cor\u00e9alis\u00e9 en 2018 avec <a href=\"https:\/\/www.programme-tv.net\/news\/people\/372193-il-y-a-eu-un-coup-de-foudre-philippe-rebbot-se-confie-sur-sa-rencontre-avec-romane-bohringer-en-marge-d-un-tournage-ou-il-etait-stagiaire\/\" data-api-deeplink=\"teleloisirs:\/\/news\/372193\" target=\"_blank\" rel=\"noopener\">son ancien compagnon Philippe Rebbot<\/a> L\u2019Amour flou, Romane Bohringer s\u2019appr\u00eate \u00e0 d\u00e9voiler son deuxi\u00e8me long-m\u00e9trage, intitul\u00e9 Dites-lui que je l\u2019aime. Invit\u00e9e dans Le Journal inattendu sur RTL, d\u00e9sormais anim\u00e9 par St\u00e9phane Boudsocq, qui a choisi d\u2019ouvrir la saison par une \u00e9mission sp\u00e9ciale consacr\u00e9e au festival d\u2019Angoul\u00eame, l\u2019actrice et r\u00e9alisatrice est revenue sur les coulisses de ses deux films. Comme pour sa premi\u00e8re \u0153uvre, elle n\u2019h\u00e9site pas \u00e0 y explorer des th\u00e9matiques intimes, en livrant des fragments de son histoire personnelle. \u00ab\u00a0Je donne des moments de ma vie, mes archives, mon fils qui joue dans le film. En r\u00e9alit\u00e9, les deux fois, j\u2019avais la conviction profonde que \u00e7a racontait les enfances bless\u00e9es, les manques, la fa\u00e7on dont on grandit, dont on se r\u00e9concilie avec nos fant\u00f4mes. Comment on fait la paix avec tout \u00e7a pour devenir \u00e0 son tour parent ou, simplement, adulte\u00a0\u00bb, a-t-elle confi\u00e9 avec \u00e9motion. Et pour donner encore plus de relief \u00e0 ce r\u00e9cit intime, elle a m\u00eame convaincu son p\u00e8re, Richard Bohringer, de repasser devant la cam\u00e9ra, offrant ainsi l\u2019occasion au journaliste St\u00e9phane Boudsocq de demander de ses nouvelles.<\/p>\n<p>                        \u00ab\u00a0La vieillesse est l\u00e0\u00a0\u00bb : Romane Bohringer fait de rares confidences sur l\u2019\u00e9tat de sant\u00e9 de son p\u00e8re Richard Bohringer<\/p>\n<p>St\u00e9phane Boudsocq, d\u00e9sormais \u00e0 la t\u00eate du Journal inattendu sur RTL, a ouvert sa saison avec un num\u00e9ro consacr\u00e9 au festival d\u2019Angoul\u00eame, dont <a href=\"https:\/\/www.programme-tv.net\/biographie\/11313-besnehard-dominique\/\" data-link-people=\"599c7f6b-c876-441e-8d13-856a2dd9390f\" target=\"_blank\" rel=\"noopener\">Dominique Besnehard<\/a> \u00e9tait le fil rouge. Lors de cette \u00e9mission, le journaliste a aussi notamment tendu le micro \u00e0 <a href=\"https:\/\/www.programme-tv.net\/biographie\/2713-zylberstein-elsa\/\" data-link-people=\"c45c46ec-69c7-46ba-8905-b02b6928e826\" target=\"_blank\" rel=\"noopener\">Elsa Zylberstein<\/a> et Romane Bohringer, qui est revenue sur son nouveau film Dites-lui que je l\u2019aime. Elle y r\u00e9serve une belle surprise aux spectateurs : on y aper\u00e7oit son p\u00e8re, Richard Bohringer. L\u2019occasion pour le pr\u00e9sentateur de prendre des nouvelles du c\u00e9l\u00e8bre acteur, qui avait lutt\u00e9 contre un cancer du syst\u00e8me nerveux il y a une dizaine d&rsquo;ann\u00e9es. \u00ab\u00a0Bah \u00e9coutez, il va comme un homme de 83 ans qui a eu une vie riche et remplie. La vieillesse est l\u00e0, mais il est entour\u00e9 d\u2019amour, de nous et de sa femme\u00a0\u00bb, a-t-elle r\u00e9pondu sans d\u00e9tours. Preuve qu\u2019il est en pleine forme, elle a ajout\u00e9 qu\u2019elle l\u2019avait r\u00e9cemment fait monter sur les planches : \u00ab\u00a0J\u2019ai fait du th\u00e9\u00e2tre avec lui, il n\u2019y a pas longtemps, je l\u2019ai mis en sc\u00e8ne au th\u00e9\u00e2tre de l\u2019Atelier (\u00e0 Paris, ndlr). Il a eu un mois magnifique o\u00f9 il a retrouv\u00e9 le public qu\u2019il aime tant. Donc, on fait encore des choses et on a encore des projets, des id\u00e9es, des envies, m\u00eame si la vieillesse est l\u00e0 et le fragilise.\u00a0\u00bb<\/p>\n<p>            Quand sortira le nouveau film de Romane Bohringer dans lequel joue son p\u00e8re, Richard Bohringer ?<\/p>\n<p>Les cin\u00e9philes amoureux du travail des Bohringer devront encore patienter un petit peu avant de d\u00e9couvrir le nouveau film de Romane Bohringer dans lequel joue son p\u00e8re, Richard Bohringer. Dites-lui que je l\u2019aime est attendu en salles \u00e0 la fin de l\u2019ann\u00e9e, pr\u00e9cis\u00e9ment le 3 d\u00e9cembre 2025.<\/p>\n","protected":false},"excerpt":{"rendered":"Apr\u00e8s avoir cor\u00e9alis\u00e9 en 2018 avec son ancien compagnon Philippe Rebbot L\u2019Amour flou, Romane Bohringer s\u2019appr\u00eate \u00e0 d\u00e9voiler&hellip;\n","protected":false},"author":2,"featured_media":357259,"comment_status":"","ping_status":"","sticky":false,"template":"","format":"standard","meta":{"footnotes":""},"categories":[1359],"tags":[7196,244,58,59,1011,27,49316,973,49315,25488,1630],"class_list":{"0":"post-357258","1":"post","2":"type-post","3":"status-publish","4":"format-standard","5":"has-post-thumbnail","7":"category-people","8":"tag-cinu00e9ma","9":"tag-commentaire","10":"tag-divertissement","11":"tag-entertainment","12":"tag-fr","13":"tag-france","14":"tag-lamour-flou","15":"tag-people","16":"tag-richard-bohringer","17":"tag-romane-bohringer","18":"tag-zapping"},"share_on_mastodon":{"url":"https:\/\/pubeurope.com\/@fr\/115126107103147363","error":""},"_links":{"self":[{"href":"https:\/\/www.europesays.com\/fr\/wp-json\/wp\/v2\/posts\/357258","targetHints":{"allow":["GET"]}}],"collection":[{"href":"https:\/\/www.europesays.com\/fr\/wp-json\/wp\/v2\/posts"}],"about":[{"href":"https:\/\/www.europesays.com\/fr\/wp-json\/wp\/v2\/types\/post"}],"author":[{"embeddable":true,"href":"https:\/\/www.europesays.com\/fr\/wp-json\/wp\/v2\/users\/2"}],"replies":[{"embeddable":true,"href":"https:\/\/www.europesays.com\/fr\/wp-json\/wp\/v2\/comments?post=357258"}],"version-history":[{"count":0,"href":"https:\/\/www.europesays.com\/fr\/wp-json\/wp\/v2\/posts\/357258\/revisions"}],"wp:featuredmedia":[{"embeddable":true,"href":"https:\/\/www.europesays.com\/fr\/wp-json\/wp\/v2\/media\/357259"}],"wp:attachment":[{"href":"https:\/\/www.europesays.com\/fr\/wp-json\/wp\/v2\/media?parent=357258"}],"wp:term":[{"taxonomy":"category","embeddable":true,"href":"https:\/\/www.europesays.com\/fr\/wp-json\/wp\/v2\/categories?post=357258"},{"taxonomy":"post_tag","embeddable":true,"href":"https:\/\/www.europesays.com\/fr\/wp-json\/wp\/v2\/tags?post=357258"}],"curies":[{"name":"wp","href":"https:\/\/api.w.org\/{rel}","templated":true}]}}