{"id":357260,"date":"2025-09-01T00:02:09","date_gmt":"2025-09-01T00:02:09","guid":{"rendered":"https:\/\/www.europesays.com\/fr\/357260\/"},"modified":"2025-09-01T00:02:09","modified_gmt":"2025-09-01T00:02:09","slug":"edition-n3099-du-01-septembre-2025","status":"publish","type":"post","link":"https:\/\/www.europesays.com\/fr\/357260\/","title":{"rendered":"\u00c9dition N\u00b03099 du 01 septembre 2025"},"content":{"rendered":"<p class=\"edition__intro\">Au sommaire le 01 septembre 2025<\/p>\n<p class=\"article__baseline\">Nomm\u00e9 il y a un an et demi \u00e0 la t\u00eate du mus\u00e9e parisien, le conservateur g\u00e9n\u00e9ral du patrimoine est d\u00e9c\u00e9d\u00e9 ce dimanche dans le Gard, des suites d\u2019un malaise. <a class=\"article__baseline__link\" href=\"https:\/\/www.lequotidiendelart.com\/articles\/27814-sylvain-amic-pr%C3%A9sident-du-mus%C3%A9e-d-orsay-est-mort.html\" rel=\"nofollow noopener\" target=\"_blank\">Lire la suite<\/a><\/p>\n<p class=\"edition__summary__title\">Et aussi<\/p>\n<ul class=\"list edition__summary__list\">\n<li class=\"edition__summary__item\">B\u00e9n\u00e9dicte Gady \u00e0 la direction du mus\u00e9e des Arts d\u00e9coratifs<\/li>\n<li class=\"edition__summary__item\">La galerie Clearing ferme<\/li>\n<li class=\"edition__summary__item\">Le chiffre du jour : 102 galeries \u00e0 viennacontemporary<\/li>\n<li class=\"edition__summary__item\">Les t\u00e9lex du 1er septembre<\/li>\n<\/ul>\n","protected":false},"excerpt":{"rendered":"Au sommaire le 01 septembre 2025 Nomm\u00e9 il y a un an et demi \u00e0 la t\u00eate du&hellip;\n","protected":false},"author":2,"featured_media":357261,"comment_status":"","ping_status":"","sticky":false,"template":"","format":"standard","meta":{"footnotes":""},"categories":[1358],"tags":[1348,1384,1385,1386,58,59,1011,27],"class_list":{"0":"post-357260","1":"post","2":"type-post","3":"status-publish","4":"format-standard","5":"has-post-thumbnail","7":"category-arts-et-design","8":"tag-arts","9":"tag-arts-and-design","10":"tag-arts-et-design","11":"tag-design","12":"tag-divertissement","13":"tag-entertainment","14":"tag-fr","15":"tag-france"},"share_on_mastodon":{"url":"https:\/\/pubeurope.com\/@fr\/115126111122011678","error":""},"_links":{"self":[{"href":"https:\/\/www.europesays.com\/fr\/wp-json\/wp\/v2\/posts\/357260","targetHints":{"allow":["GET"]}}],"collection":[{"href":"https:\/\/www.europesays.com\/fr\/wp-json\/wp\/v2\/posts"}],"about":[{"href":"https:\/\/www.europesays.com\/fr\/wp-json\/wp\/v2\/types\/post"}],"author":[{"embeddable":true,"href":"https:\/\/www.europesays.com\/fr\/wp-json\/wp\/v2\/users\/2"}],"replies":[{"embeddable":true,"href":"https:\/\/www.europesays.com\/fr\/wp-json\/wp\/v2\/comments?post=357260"}],"version-history":[{"count":0,"href":"https:\/\/www.europesays.com\/fr\/wp-json\/wp\/v2\/posts\/357260\/revisions"}],"wp:featuredmedia":[{"embeddable":true,"href":"https:\/\/www.europesays.com\/fr\/wp-json\/wp\/v2\/media\/357261"}],"wp:attachment":[{"href":"https:\/\/www.europesays.com\/fr\/wp-json\/wp\/v2\/media?parent=357260"}],"wp:term":[{"taxonomy":"category","embeddable":true,"href":"https:\/\/www.europesays.com\/fr\/wp-json\/wp\/v2\/categories?post=357260"},{"taxonomy":"post_tag","embeddable":true,"href":"https:\/\/www.europesays.com\/fr\/wp-json\/wp\/v2\/tags?post=357260"}],"curies":[{"name":"wp","href":"https:\/\/api.w.org\/{rel}","templated":true}]}}