{"id":357266,"date":"2025-09-01T00:05:14","date_gmt":"2025-09-01T00:05:14","guid":{"rendered":"https:\/\/www.europesays.com\/fr\/357266\/"},"modified":"2025-09-01T00:05:14","modified_gmt":"2025-09-01T00:05:14","slug":"au-theatre-antique-darles-soso-maness-et-lacrim-ont-enflamme-la-fin-de-lete","status":"publish","type":"post","link":"https:\/\/www.europesays.com\/fr\/357266\/","title":{"rendered":"au th\u00e9\u00e2tre antique d\u2019Arles, Soso Maness et Lacrim ont enflamm\u00e9 la fin de l\u2019\u00e9t\u00e9"},"content":{"rendered":"<p><a href=\"https:\/\/laprovence.com\/article\/sorties-loisirs\/5491974\/soso-maness-le-rappeur-rescape-des-quartiers-nord-de-marseille.html\" target=\"_blank\" rel=\"noopener\">Soso Maness<\/a> est un rappeur tout terrain. Sp\u00e9cialiste des textes aiguis\u00e9s qu\u2019il rappe avec un flow tranchant derri\u00e8re son micro, le Marseillais est aussi capable de jouer aux jeux vid\u00e9o en live avec ses fans sur les r\u00e9seaux sociaux, que d\u2019aller, ce qu\u2019il a fait il y a quelques jours, jouer au football avec <a href=\"https:\/\/www.laprovence.com\/article\/om\/5260924042706114\/om-entre-lolympico-et-le-mercato-le-club-est-sur-tous-les-fronts\" target=\"_blank\" rel=\"noopener\">l\u2019\u00e9quipe de l\u2019OM<\/a>.<\/p>\n<p>Sans doute inspir\u00e9 par son passage \u00e0 la Commanderie, c\u2019est avec une \u00e9nergie olympique que le rappeur s\u2019est pr\u00e9sent\u00e9 face au public du th\u00e9\u00e2tre antique, ce samedi 30\u00a0ao\u00fbt. Pour son premier concert \u00e0 Arles, Soso Maness a brill\u00e9 par sa sinc\u00e9rit\u00e9. \u00ab\u00a0C\u2019est tarpin beau ici\u00a0\u00bb, s\u2019est-il exclam\u00e9 en montant sur sc\u00e8ne, sous le charme des ruines romaines. Il a chant\u00e9 son histoire qu\u2019il raconte en d\u00e9tail dans ses albums, \u00e0 l\u2019image de son pass\u00e9 dans le narcotrafic, dans les quartiers Nords de Marseille. Dans ses morceaux, il reconna\u00eet notamment avoir \u00ab\u00a0vendu la mort\u00a0\u00bb. Le Marseillais a aussi fait sauter les Arl\u00e9siens comme lui seul sait le faire, sur ses titres offrant un savant m\u00e9lange entre rap et \u00e9lectro.<\/p>\n<p>Lacrim, une si rare pr\u00e9sence salu\u00e9e<\/p>\n<p>Mais si Soso Maness jouait presque \u00e0 domicile dans sa Provence natale, la majorit\u00e9 des spectateurs pr\u00e9sents semblaient \u00eatre venus en priorit\u00e9 applaudir <a href=\"https:\/\/www.laprovence.com\/article\/region\/1221362724427215\/le-rappeur-lacrim-rejoint-la-programmation-du-summer-festivhalle-de-martigues\" target=\"_blank\" rel=\"noopener\">Lacrim,<\/a> premier artiste \u00e0 entrer sur sc\u00e8ne. \u00ab\u00a0J\u2019\u00e9coute Lacrim depuis tout petit avec ma m\u00e8re, glisse Bastien, 18\u00a0ans, lunettes de soleil sur le nez. J\u2019ai grandi avec lui, et c\u2019est incroyable de pouvoir le voir pour la premi\u00e8re fois en concert.\u00a0\u00bb<\/p>\n<p>Malgr\u00e9 ses 12\u00a0ans de carri\u00e8re, les concerts de Lacrim ont toujours \u00e9t\u00e9 rares, surtout dans le sud de la France, notamment \u00e0 cause de ses d\u00e9m\u00eal\u00e9s judiciaires. \u00ab\u00a0C\u2019est une chance unique de voir Lacrim en concert, et je ne pouvais pas rater l\u2019occasion, confirme Najam-Din, venu de N\u00eemes. Je me suis pr\u00e9cipit\u00e9 d\u00e8s que les billets ont \u00e9t\u00e9 mis en vente.\u00a0\u00bb<\/p>\n<p><img alt=\"Soso Maness en concert au th\u00e9atre antique d\u2019Arles.\" loading=\"lazy\" decoding=\"async\" data-nimg=\"fill\" class=\" TwicCore_img__i9TC1 undefined  undefined\" style=\"position:absolute;height:100%;width:100%;left:0;top:0;right:0;bottom:0;color:transparent;background-size:cover;background-position:50% 50%;background-repeat:no-repeat;background-image:url(&quot;data:image\/svg+xml;charset=utf-8,%3Csvg xmlns='http:\/\/www.w3.org\/2000\/svg' %3E%3Cfilter id='b' color-interpolation-filters='sRGB'%3E%3CfeGaussianBlur stdDeviation='20'\/%3E%3CfeColorMatrix values='1 0 0 0 0 0 1 0 0 0 0 0 1 0 0 0 0 0 100 -1' result='s'\/%3E%3CfeFlood x='0' y='0' width='100%25' height='100%25'\/%3E%3CfeComposite operator='out' in='s'\/%3E%3CfeComposite in2='SourceGraphic'\/%3E%3CfeGaussianBlur stdDeviation='20'\/%3E%3C\/filter%3E%3Cimage width='100%25' height='100%25' x='0' y='0' preserveAspectRatio='none' style='filter: url(%23b);' href='https:\/\/pictures.laprovence.com\/cdn-cgi\/image\/blur=250\/media\/melody\/2025\/08\/31\/soso-maness-en-concert-au-theatre-antique-d-arles-soso-maness-en-concert-300825dtt02-1756644311_10ed3c3c83b8624ed3c3c83b818ed3v_.jpg'\/%3E%3C\/svg%3E&quot;)\"   src=\"https:\/\/www.europesays.com\/fr\/wp-content\/uploads\/2025\/09\/soso-maness-en-concert-au-theatre-antique-d-arles-soso-maness-en-concert-300825dtt02-1756644311_10ed.jpeg\"\/>Soso Maness en concert au th\u00e9atre antique d\u2019Arles. \/ Photos Denis Thaust<\/p>\n<p>Tous les fans rencontr\u00e9s dans le th\u00e9\u00e2tre antique s\u2019accordaient pour le classer parmi les \u00ab\u00a0plus grandes l\u00e9gendes du rap fran\u00e7ais\u00a0\u00bb.<\/p>\n<p>Nombre d\u2019entre eux ont mis un t-shirt \u00e0 l\u2019effigie du Parisien pour l\u2019occasion, du mod\u00e8le qu\u2019il vendait au sommet de sa carri\u00e8re au d\u00e9but des ann\u00e9es\u00a02010.<\/p>\n<p>\u00c0 son entr\u00e9e sur sc\u00e8ne, Lacrim a provoqu\u00e9 un mouvement de foule, avec des centaines de spectateurs assis dans les gradins d\u00e9cidant de se ruer dans la fosse. Sa voix rauque et son rap agressif unique ont fait se casser la voix \u00e0 ses aficionados pendant une heure, au son de certains de ses \u00ab\u00a0classiques\u00a0\u00bb, \u00e0 l\u2019image de l\u2019intemporel <a href=\"https:\/\/www.laprovence.com\/article\/france-monde\/49433700003790\/le-proces-de-la-star-du-rap-young-thug-pour-crime-organise-entre-dans-le-dur\" target=\"_blank\" rel=\"noopener\">Je suis qu\u2019un thug.<\/a> Lacrim a m\u00eame fait le bonheur de Fiona, une jeune Arl\u00e9sienne en la faisant monter sur sc\u00e8ne avec lui pour chanter le titre Sablier, qu\u2019elle a rapp\u00e9 en int\u00e9gralit\u00e9 sans faille ni stress, comme si elle avait toujours partag\u00e9 la sc\u00e8ne avec son idole.<\/p>\n<p><img alt=\"Fiona, jeune fan arl\u00e9sienne de Lacrim, a \u00e9t\u00e9 invit\u00e9e \u00e0 monter sur sc\u00e8ne par son artiste favori pour un moment qui restera grav\u00e9 dans sa m\u00e9moire.\" loading=\"lazy\" decoding=\"async\" data-nimg=\"fill\" class=\" TwicCore_img__i9TC1 undefined  undefined\" style=\"position:absolute;height:100%;width:100%;left:0;top:0;right:0;bottom:0;color:transparent;background-size:cover;background-position:50% 50%;background-repeat:no-repeat;background-image:url(&quot;data:image\/svg+xml;charset=utf-8,%3Csvg xmlns='http:\/\/www.w3.org\/2000\/svg' %3E%3Cfilter id='b' color-interpolation-filters='sRGB'%3E%3CfeGaussianBlur stdDeviation='20'\/%3E%3CfeColorMatrix values='1 0 0 0 0 0 1 0 0 0 0 0 1 0 0 0 0 0 100 -1' result='s'\/%3E%3CfeFlood x='0' y='0' width='100%25' height='100%25'\/%3E%3CfeComposite operator='out' in='s'\/%3E%3CfeComposite in2='SourceGraphic'\/%3E%3CfeGaussianBlur stdDeviation='20'\/%3E%3C\/filter%3E%3Cimage width='100%25' height='100%25' x='0' y='0' preserveAspectRatio='none' style='filter: url(%23b);' href='https:\/\/pictures.laprovence.com\/cdn-cgi\/image\/blur=250\/media\/melody\/2025\/08\/31\/lacrim-en-concert-au-theatre-antique-d-arles-concert-de-lacrim-300825dtt02-1756644312_f21ee71663b86f61ee71663b8ea1eev_.jpg'\/%3E%3C\/svg%3E&quot;)\"   src=\"https:\/\/www.europesays.com\/fr\/wp-content\/uploads\/2025\/09\/lacrim-en-concert-au-theatre-antique-d-arles-concert-de-lacrim-300825dtt02-1756644312_f21ee71663b86f.jpeg\"\/>Fiona, jeune fan arl\u00e9sienne de Lacrim, a \u00e9t\u00e9 invit\u00e9e \u00e0 monter sur sc\u00e8ne par son artiste favori pour un moment qui restera grav\u00e9 dans sa m\u00e9moire. \/ Photos Denis ThaustSoso Maness, la Provence lui va si bien<\/p>\n<p>Apr\u00e8s le concert de Lacrim, les Arl\u00e9siens pr\u00e9sents au th\u00e9\u00e2tre antique sont donc rest\u00e9s pour savourer la prestation de Soso Maness, conquis par le style tout en d\u00e9tente du Marseillais en concert. Un public d\u2019habitu\u00e9s, dont une grande partie \u00e9tait d\u00e9j\u00e0 all\u00e9e voir le rappeur en live sur <a href=\"https:\/\/laprovence.com\/article\/sortie-loisirs\/1706701742049115\/le-rap-a-boucle-en-fanfare-un-ete-de-scene-flottante-sur-le-vieux-port-de-marseille\" target=\"_blank\" rel=\"noopener\">d\u2019autres sc\u00e8nes de Provence<\/a> o\u00f9 il a ses habitudes. Le show a aussi \u00e9t\u00e9 un moment de communion entre deux artistes rendant hommage \u00e0 leurs origines alg\u00e9riennes, face \u00e0 plusieurs de leurs fans brandissant le maillot du pays dans la fosse.<\/p>\n<p>\u00ab\u00a0J\u2019aime tout chez Soso Maness, il a des sons pour faire la f\u00eate, de bons textes, une belle plume, c\u2019est toujours agr\u00e9able \u00e0 \u00e9couter\u00a0\u00bb, s\u2019exclame Hicham, torse nu et conquis quelques minutes apr\u00e8s la fin d\u2019un concert aux airs de derni\u00e8re f\u00eate des vacances d\u2019\u00e9t\u00e9, devant un public en majorit\u00e9 \u00e2g\u00e9 de 15 \u00e0 25\u00a0ans, dans un tr\u00e8s clairsem\u00e9 th\u00e9\u00e2tre antique.<\/p>\n","protected":false},"excerpt":{"rendered":"Soso Maness est un rappeur tout terrain. Sp\u00e9cialiste des textes aiguis\u00e9s qu\u2019il rappe avec un flow tranchant derri\u00e8re&hellip;\n","protected":false},"author":2,"featured_media":357267,"comment_status":"","ping_status":"","sticky":false,"template":"","format":"standard","meta":{"footnotes":""},"categories":[1355],"tags":[17,49318,6005,2511,46107,58,59,1011,27,9103,1361,873,16,49317,1347],"class_list":{"0":"post-357266","1":"post","2":"type-post","3":"status-publish","4":"format-standard","5":"has-post-thumbnail","7":"category-musique","8":"tag-17","9":"tag-antique","10":"tag-beau","11":"tag-cest","12":"tag-darles","13":"tag-divertissement","14":"tag-entertainment","15":"tag-fr","16":"tag-france","17":"tag-ici","18":"tag-music","19":"tag-musique","20":"tag-region","21":"tag-tarpin","22":"tag-theatre"},"share_on_mastodon":{"url":"https:\/\/pubeurope.com\/@fr\/115126122965655188","error":""},"_links":{"self":[{"href":"https:\/\/www.europesays.com\/fr\/wp-json\/wp\/v2\/posts\/357266","targetHints":{"allow":["GET"]}}],"collection":[{"href":"https:\/\/www.europesays.com\/fr\/wp-json\/wp\/v2\/posts"}],"about":[{"href":"https:\/\/www.europesays.com\/fr\/wp-json\/wp\/v2\/types\/post"}],"author":[{"embeddable":true,"href":"https:\/\/www.europesays.com\/fr\/wp-json\/wp\/v2\/users\/2"}],"replies":[{"embeddable":true,"href":"https:\/\/www.europesays.com\/fr\/wp-json\/wp\/v2\/comments?post=357266"}],"version-history":[{"count":0,"href":"https:\/\/www.europesays.com\/fr\/wp-json\/wp\/v2\/posts\/357266\/revisions"}],"wp:featuredmedia":[{"embeddable":true,"href":"https:\/\/www.europesays.com\/fr\/wp-json\/wp\/v2\/media\/357267"}],"wp:attachment":[{"href":"https:\/\/www.europesays.com\/fr\/wp-json\/wp\/v2\/media?parent=357266"}],"wp:term":[{"taxonomy":"category","embeddable":true,"href":"https:\/\/www.europesays.com\/fr\/wp-json\/wp\/v2\/categories?post=357266"},{"taxonomy":"post_tag","embeddable":true,"href":"https:\/\/www.europesays.com\/fr\/wp-json\/wp\/v2\/tags?post=357266"}],"curies":[{"name":"wp","href":"https:\/\/api.w.org\/{rel}","templated":true}]}}