{"id":357272,"date":"2025-09-01T00:08:12","date_gmt":"2025-09-01T00:08:12","guid":{"rendered":"https:\/\/www.europesays.com\/fr\/357272\/"},"modified":"2025-09-01T00:08:12","modified_gmt":"2025-09-01T00:08:12","slug":"morton-insaisissable-fofana-redoutable-balerdi-epouvantable-les-tops-et-flops-de-lolympico","status":"publish","type":"post","link":"https:\/\/www.europesays.com\/fr\/357272\/","title":{"rendered":"Morton insaisissable, Fofana redoutable, Balerdi \u00e9pouvantable&#8230; Les tops et flops de l\u2019\u00abOlympico\u00bb"},"content":{"rendered":"<p>Au terme du succ\u00e8s de l\u2019Olympique Lyonnais face \u00e0 l\u2019Olympique de Marseille (1-0) dimanche soir, au Groupama Stadium, en cl\u00f4ture de la troisi\u00e8me journ\u00e9e de Ligue 1, d\u00e9couvrez ce qui a plu&#8230; et d\u00e9plu \u00e0 la r\u00e9daction du Figaro.<\/p>\n<p class=\"fig-paragraph\"><strong>TOPS\u00a0<\/strong><\/p>\n<p>Tyler Morton le m\u00e9tronome<\/p>\n<p class=\"fig-paragraph\">Lors du\u00a0<a href=\"http:\/\/www.lefigaro.fr\/sports\/football\/ligue-1\/ligue-1-en-superiorite-numerique-lyon-finit-par-faire-craquer-marseille-20250831\" data-fig-type=\"NewsFlash\" data-gtm-custom-categorie=\"navigation\" data-gtm-custom-action=\"crossclick\" data-gtm-custom-label=\"Contextuel\" data-gtm-event=\"customEventSPE\" data-fig-domain=\"LEFIGARO\" target=\"_blank\" rel=\"noopener\">succ\u00e8s de l\u2019OL dans l\u2019\u00abOlympico\u00bb<\/a>\u00a0dimanche soir face \u00e0 l\u2019OM (<a href=\"http:\/\/www.lefigaro.fr\/sports\/football\/ligue-1\/ligue-1-en-superiorite-numerique-lyon-finit-par-faire-craquer-marseille-20250831\" data-fig-type=\"NewsFlash\" data-gtm-custom-categorie=\"navigation\" data-gtm-custom-action=\"crossclick\" data-gtm-custom-label=\"Contextuel\" data-gtm-event=\"customEventSPE\" data-fig-domain=\"LEFIGARO\" target=\"_blank\" rel=\"noopener\">1-0<\/a>), l\u2019ancien de Liverpool a (encore) \u00e9t\u00e9 d\u00e9cisif. D\u00e9j\u00e0 \u00e9tincelant la semaine derni\u00e8re face \u00e0 Metz (3-0), l\u2019Anglais a une nouvelle montr\u00e9 l\u2019\u00e9tendue de sa qualit\u00e9 technique, en r\u00e9partissant notamment une flop\u00e9e de passes (longues ou courtes) plus ajust\u00e9es les unes que les autres (95 % de r\u00e9ussies). Serein balle au pied, malgr\u00e9 le pressing adverse, le jeune milieu de terrain de 22 ans ne cesse d\u2019\u00e9tonner et se place encore un peu plus comme la recrue phare de Lyon lors de l\u2019intersaison.<\/p>\n<p>                                    <a class=\"fig-a11y-skip a11y-hidden\" href=\"#fig-a11y-skip-main-inarticle\"><br \/>\n        Passer la publicit\u00e9<br \/>\n    <\/a><\/p>\n<p>Malick Fofana, Tanner Tessmann et Abner Vinicius redoutables<\/p>\n<p class=\"fig-paragraph\">Ces trois Lyonnais ont fait (tr\u00e8s) mal et ont g\u00e9n\u00e9r\u00e9 beaucoup de probl\u00e8mes \u00e0 la d\u00e9fense marseillaise. Le premier\u00a0? D\u00e9tonateur spectaculaire, capable de casser plusieurs lignes \u00e0 lui seul, auteur de la perc\u00e9e suite \u00e0 l\u2019approximation technique de Leo Balerdi, qui a entra\u00een\u00e9 l\u2019ex\u00e9crable intervention de CJ Egan-Riley &#8211; compl\u00e8tement en retard sur son tacle &#8211; , expuls\u00e9 dans la foul\u00e9e. Remplac\u00e9 et touch\u00e9 \u00e0 la cheville en seconde p\u00e9riode (53e), une indisponibilit\u00e9 de Fofana pourrait \u00eatre une mauvaise nouvelle pour l\u2019OL, lui qui semble parti pour rester dans le Rh\u00f4ne.<\/p>\n<p class=\"fig-paragraph\">Le deuxi\u00e8me a tent\u00e9 quatre fois sa chance au but de Geronimo Rulli, en cadrant une fois et n\u2019\u00e9tant pas loin de trouver la faille en flirtant avec la barre transversale. Grosse activit\u00e9 au milieu de terrain. L\u2019Am\u00e9ricain d\u00e9montre un impact et un volume de jeu impressionnant. Le dernier a, lui, \u00e9norm\u00e9ment propos\u00e9 offensivement. \u00c9norm\u00e9ment de projections incisives de sa part, faisant vivre un calvaire \u00e0 Mason Greenwood, incapable de suivre la cadence.<\/p>\n<p>L\u2019OL re\u00e7u 3\/3<\/p>\n<p class=\"fig-paragraph\">D\u00e9but de saison canon pour Lyon. Apr\u00e8s trois journ\u00e9es de championnat, les \u00abGones\u00bb se retrouvent \u00e0 \u00e9galit\u00e9 de points avec l\u2019ogre PSG. Jusqu\u2019\u00e0 quand\u00a0? Bonne question. Mais les joueurs de Paulo Fonseca pr\u00e9sentent de belles choses, dans un contexte \u00e9conomique toujours d\u00e9licat, avec des recrues estivales qui se mettent d\u2019embl\u00e9e au diapason. Le (vrai) rival de Paris cette saison\u00a0? Affaire \u00e0 suivre.<\/p>\n<p class=\"fig-paragraph\"><strong>FLOPS\u00a0<\/strong><\/p>\n<p>Lyon orphelin de Mikautadze<\/p>\n<p class=\"fig-paragraph\">C\u2019est une des images tristes et \u00e9mouvantes de cette soir\u00e9e. En parall\u00e8le de l\u2019hommage \u00e0 l\u2019illustre buteur l\u00e9gendaire de l\u2019OL\u00a0<a href=\"http:\/\/www.lefigaro.fr\/sports\/football\/aulas-giresse-domenech-benzema-en-images-les-personnalites-du-monde-du-football-rendent-un-dernier-hommage-a-bernard-lacombe-20250625\" data-fig-type=\"NewsFlash\" data-gtm-custom-categorie=\"navigation\" data-gtm-custom-action=\"crossclick\" data-gtm-custom-label=\"Contextuel\" data-gtm-event=\"customEventSPE\" data-fig-domain=\"LEFIGARO\" target=\"_blank\" rel=\"noopener\">Bernard Lacombe<\/a>\u00a0&#8211; d\u00e9c\u00e9d\u00e9 le 17 juin dernier &#8211; , le public du Groupama, Stadium a \u00e9galement applaudi chaleureusement son avant-centre Georges Mikautadze, en partance pour le club espagnol de Villarreal. Une situation difficile pour l\u2019attaquant de 24 ans qui ne souhaite pas quitter son club formateur. Soucis financiers obligent&#8230; Malgr\u00e9 la victoire face \u00e0 l\u2019OM, Lyon a mis en exergue ses lacunes offensives dimanche soir, priv\u00e9 de point d\u2019appui aux abords de la surface adverse. Sans leur num\u00e9ro 9 \u00abmaison\u00bb, les Rhodaniens devront trouver des solutions.<\/p>\n<p>                                    <a class=\"fig-a11y-skip a11y-hidden\" href=\"#fig-a11y-skip-main-inarticle_mtf\"><br \/>\n        Passer la publicit\u00e9<br \/>\n    <\/a><\/p>\n<p>Mason Greenwood et Pierre-Emerick Aubameyang sans impact<\/p>\n<p class=\"fig-paragraph\">Ont-ils jou\u00e9\u00a0? Telle est la question. Rien \u00e0 signaler du c\u00f4t\u00e9 des deux comp\u00e8res offensifs marseillais, engloutis par la d\u00e9fense de l\u2019OL. L\u2019Anglais a, lui, \u00e9t\u00e9 d\u00e9vor\u00e9 par Abner Vinicius. Quant \u00e0 Aubameyang\u00a0? Le n\u00e9ant.<\/p>\n<p>Leonardo Balerdi \u00e9pouvantable<\/p>\n<p class=\"fig-paragraph\">Et que dire du capitaine argentin de l\u2019OM\u00a0? \u00c0 part qu\u2019il a livr\u00e9 une prestation tout bonnement hideuse. Coupable d\u2019une maladresse technique poussant son co\u00e9quipier Egan-Riley a l\u2019irr\u00e9parable (29e) et auteur du but contre son camp fatal \u00e0 son \u00e9quipe dans les toutes derni\u00e8res minutes du match (87e). Rien \u00e0 dire de plus.<\/p>\n","protected":false},"excerpt":{"rendered":"Au terme du succ\u00e8s de l\u2019Olympique Lyonnais face \u00e0 l\u2019Olympique de Marseille (1-0) dimanche soir, au Groupama Stadium,&hellip;\n","protected":false},"author":2,"featured_media":357273,"comment_status":"","ping_status":"","sticky":false,"template":"","format":"standard","meta":{"footnotes":""},"categories":[9],"tags":[1011,27,66,1176,978,60],"class_list":{"0":"post-357272","1":"post","2":"type-post","3":"status-publish","4":"format-standard","5":"has-post-thumbnail","7":"category-sports","8":"tag-fr","9":"tag-france","10":"tag-ligue-1","11":"tag-olympique-de-marseille","12":"tag-olympique-lyonnais","13":"tag-sports"},"share_on_mastodon":{"url":"https:\/\/pubeurope.com\/@fr\/115126134679265159","error":""},"_links":{"self":[{"href":"https:\/\/www.europesays.com\/fr\/wp-json\/wp\/v2\/posts\/357272","targetHints":{"allow":["GET"]}}],"collection":[{"href":"https:\/\/www.europesays.com\/fr\/wp-json\/wp\/v2\/posts"}],"about":[{"href":"https:\/\/www.europesays.com\/fr\/wp-json\/wp\/v2\/types\/post"}],"author":[{"embeddable":true,"href":"https:\/\/www.europesays.com\/fr\/wp-json\/wp\/v2\/users\/2"}],"replies":[{"embeddable":true,"href":"https:\/\/www.europesays.com\/fr\/wp-json\/wp\/v2\/comments?post=357272"}],"version-history":[{"count":0,"href":"https:\/\/www.europesays.com\/fr\/wp-json\/wp\/v2\/posts\/357272\/revisions"}],"wp:featuredmedia":[{"embeddable":true,"href":"https:\/\/www.europesays.com\/fr\/wp-json\/wp\/v2\/media\/357273"}],"wp:attachment":[{"href":"https:\/\/www.europesays.com\/fr\/wp-json\/wp\/v2\/media?parent=357272"}],"wp:term":[{"taxonomy":"category","embeddable":true,"href":"https:\/\/www.europesays.com\/fr\/wp-json\/wp\/v2\/categories?post=357272"},{"taxonomy":"post_tag","embeddable":true,"href":"https:\/\/www.europesays.com\/fr\/wp-json\/wp\/v2\/tags?post=357272"}],"curies":[{"name":"wp","href":"https:\/\/api.w.org\/{rel}","templated":true}]}}