{"id":357274,"date":"2025-09-01T00:09:12","date_gmt":"2025-09-01T00:09:12","guid":{"rendered":"https:\/\/www.europesays.com\/fr\/357274\/"},"modified":"2025-09-01T00:09:12","modified_gmt":"2025-09-01T00:09:12","slug":"mort-brutale-de-sylvain-amic-directeur-du-musee-dorsay-a-lage-de-58-ans","status":"publish","type":"post","link":"https:\/\/www.europesays.com\/fr\/357274\/","title":{"rendered":"Mort brutale de Sylvain Amic, directeur du mus\u00e9e d\u2019Orsay, \u00e0 l&rsquo;\u00e2ge\u00a0de\u00a058\u00a0ans"},"content":{"rendered":"<p class=\"article-p mdl\">Le pr\u00e9sident des mus\u00e9es d&rsquo;Orsay et de l&rsquo;Orangerie, Sylvain Amic, est d\u00e9c\u00e9d\u00e9 brutalement \u00e0 l&rsquo;\u00e2ge de 58 ans, ce dimanche 31 ao\u00fbt, apr\u00e8s moins de 18 mois \u00e0 occuper le poste qui \u00e9tait \u00ab\u00a0le r\u00eave de sa vie\u00a0\u00bb.<\/p>\n<p class=\"article-p mdl\">\u00ab\u00a0Sa disparition est <strong>un choc<\/strong>\u00ab\u00a0, a r\u00e9agi dimanche sur X le pr\u00e9sident Emmanuel Macron, alors que les circonstances du d\u00e9c\u00e8s n&rsquo;ont pas \u00e9t\u00e9 divulgu\u00e9es. \u00ab\u00a0\u00c0 Montpellier, Rouen ou Paris, Sylvain Amic oeuvrait pour que chacun puisse acc\u00e9der aux merveilles de l&rsquo;art, de Soulages \u00e0 Manet\u00a0\u00bb, a-t-il ajout\u00e9.<\/p>\n<p class=\"article-p mdl\">\u00ab\u00a0Avec sa disparition, la culture perd l&rsquo;un de ses meilleurs connaisseurs et la France un grand serviteur de l&rsquo;\u00c9tat\u00a0\u00bb, a pour sa part regrett\u00e9 la <strong>ministre de la Culture<\/strong>,\u00a0<a class=\"link\" href=\"https:\/\/www.rtl.fr\/actu\/politique\/legislative-a-paris-un-accord-devrait-mettre-fin-au-duel-lr-entre-michel-barnier-et-rachida-dati-7900534575\" target=\"_blank\" rel=\"noopener\">Rachida Dati<\/a>, sur le m\u00eame r\u00e9seau social. \u00ab\u00a0Esprit ouvert et cr\u00e9atif, Sylvain Amic \u00e9tait un homme chaleureux et attentif aux autres\u00a0\u00bb, a-t-elle ajout\u00e9.<\/p>\n<p>            Propos\u00e9 par Rachida Dati<\/p>\n<p class=\"article-p mdl\">C&rsquo;est la ministre de la Culture qui avait propos\u00e9 le nom de Sylvain Amic \u00e0 <strong>Emmanuel Macron<\/strong> au printemps 2024 pour qu&rsquo;il prenne la t\u00eate de l&rsquo;\u00c9tablissement public du\u00a0<a class=\"link\" href=\"https:\/\/www.rtl.fr\/culture\/arts-spectacles\/video-gustave-courbet-le-tableau-un-enterrement-a-ornans-restaure-sous-vos-yeux-au-musee-d-orsay-7900489958\" target=\"_blank\" rel=\"noopener\">mus\u00e9e d&rsquo;Orsay<\/a>\u00a0et du mus\u00e9e de l&rsquo;Orangerie. Auparavant, il avait \u00e9t\u00e9 le conseiller d&rsquo;une autre ministre de la Culture d&rsquo;Emmanuel Macron, Rima Abdul Malak.<\/p>\n<p class=\"article-p mdl\">\u00ab\u00a0J&rsquo;avais rep\u00e9r\u00e9 Sylvain Amic \u00e0 Rouen, o\u00f9 il avait men\u00e9 un travail extraordinaire \u00e0 la t\u00eate des 11 mus\u00e9es de la m\u00e9tropole. Il avait accept\u00e9 de tout quitter pour rejoindre mon cabinet o\u00f9 il a \u00e9t\u00e9 un formidable conseiller. (&#8230;) Diriger le mus\u00e9e d&rsquo;Orsay \u00e9tait <strong>le r\u00eave de sa vie<\/strong>\u00ab\u00a0, a soulign\u00e9 cette derni\u00e8re dans une d\u00e9claration transmise \u00e0 l&rsquo;AFP. Aux manettes d&rsquo;Orsay, Sylvain Amic avait succ\u00e9d\u00e9 \u00e0 Christophe Leribault, nomm\u00e9 \u00e0 la t\u00eate du ch\u00e2teau de Versailles.<\/p>\n<p class=\"article-p mdl\">\u00ab\u00a0Le mus\u00e9e d&rsquo;Orsay, c&rsquo;est un <strong>mus\u00e9e r\u00e9publicain<\/strong>, un bien commun de la nation qu&rsquo;il faut restituer \u00e0 l&rsquo;ensemble de la nation\u00a0\u00bb, d\u00e9clarait-il au Monde en janvier dernier, voulant notamment \u00ab\u00a0proposer aux 18-25 ans une programmation plus stimulante encore\u00a0\u00bb.<\/p>\n<p>            Accentuer la d\u00e9centralisation du mus\u00e9e<\/p>\n<p class=\"article-p mdl\">Il avait \u00e9t\u00e9 aussi charg\u00e9 d&rsquo;accentuer la <strong>d\u00e9centralisation du mus\u00e9e parisien<\/strong> en multipliant les pr\u00eats d&rsquo;oeuvres dans les mus\u00e9es, pilier de la politique de la \u00ab\u00a0ruralit\u00e9\u00a0\u00bb cher \u00e0 la ministre. Install\u00e9 le long de la Seine, le mus\u00e9e d&rsquo;Orsay a connu des records de fr\u00e9quentation depuis la fin de la crise sanitaire, avec notamment 3,2 millions de visiteurs en 2022.\u00a0<\/p>\n<p class=\"article-p mdl\">De grands travaux sont pr\u00e9vus pour <strong>moderniser son accueil.<\/strong> Situ\u00e9 pr\u00e8s de la place de la Concorde, le mus\u00e9e de l&rsquo;Orangerie abrite lui aussi des peintures impressionnistes, dont les \u00ab\u00a0Nymph\u00e9as\u00a0\u00bb de Claude Monet.<\/p>\n<p class=\"article-p mdl\">N\u00e9 \u00e0 Dakar en 1967, conservateur g\u00e9n\u00e9ral du patrimoine, sp\u00e9cialiste des p\u00e9riodes moderne et contemporaine, Sylvain Amic avait d\u00e9but\u00e9 sa carri\u00e8re comme <strong>instituteur<\/strong> avant de r\u00e9ussir le concours de l&rsquo;Institut national du patrimoine et d&#8217;embrasser la carri\u00e8re de conservateur en 1997. Il a dirig\u00e9 la R\u00e9union des mus\u00e9es m\u00e9tropolitains de Rouen Normandie jusqu&rsquo;\u00e0 l&rsquo;\u00e9t\u00e9 2022.<\/p>\n<p class=\"article-p mdl\">Il s&rsquo;\u00e9tait port\u00e9 candidat \u00e0 la direction du mus\u00e9e d&rsquo;Orsay d\u00e8s 2017 mais avait vu le poste lui \u00e9chapper au profit de Laurence des Cars, qui avait ensuite pris la t\u00eate du\u00a0<a class=\"link\" href=\"https:\/\/www.rtl.fr\/culture\/medias-people\/pyramide-du-louvre-comment-francois-mitterrand-a-contourne-le-reglement-pour-realiser-les-travaux-qu-il-voulait-7900534444\" target=\"_blank\" rel=\"noopener\">mus\u00e9e du Louvre<\/a>\u00a0en 2021. Sylvain Amic avait par ailleurs \u00e9t\u00e9 missionn\u00e9 en 2018, avec la conservatrice du patrimoine Olivia Voisin par la ministre de la Culture d&rsquo;alors Fran\u00e7oise Nyssen, pour mettre sur pied un<strong> projet de circulation <\/strong>des oeuvres en r\u00e9gions.<\/p>\n<p>    La r\u00e9daction vous recommande<\/p>\n<p class=\"s-newsletter__title\">\n                L\u2019actualit\u00e9 par la r\u00e9daction de RTL dans votre bo\u00eete mail.\n            <\/p>\n<p class=\"s-newsletter__subtitle\">\n                Gr\u00e2ce \u00e0 votre compte RTL abonnez-vous \u00e0 la newsletter RTL info pour suivre toute l&rsquo;actualit\u00e9 au quotidien\n            <\/p>\n<p>\n                                    Lire la suite\n                                <\/p>\n","protected":false},"excerpt":{"rendered":"Le pr\u00e9sident des mus\u00e9es d&rsquo;Orsay et de l&rsquo;Orangerie, Sylvain Amic, est d\u00e9c\u00e9d\u00e9 brutalement \u00e0 l&rsquo;\u00e2ge de 58 ans,&hellip;\n","protected":false},"author":2,"featured_media":357275,"comment_status":"","ping_status":"","sticky":false,"template":"","format":"standard","meta":{"footnotes":""},"categories":[8],"tags":[898,3734,3983,58,59,2414,107,1011,27,1651],"class_list":{"0":"post-357274","1":"post","2":"type-post","3":"status-publish","4":"format-standard","5":"has-post-thumbnail","7":"category-divertissement","8":"tag-alerte","9":"tag-art","10":"tag-deces","11":"tag-divertissement","12":"tag-entertainment","13":"tag-fil-culture","14":"tag-fil-info","15":"tag-fr","16":"tag-france","17":"tag-musee-dorsay"},"share_on_mastodon":{"url":"https:\/\/pubeurope.com\/@fr\/115126138563875772","error":""},"_links":{"self":[{"href":"https:\/\/www.europesays.com\/fr\/wp-json\/wp\/v2\/posts\/357274","targetHints":{"allow":["GET"]}}],"collection":[{"href":"https:\/\/www.europesays.com\/fr\/wp-json\/wp\/v2\/posts"}],"about":[{"href":"https:\/\/www.europesays.com\/fr\/wp-json\/wp\/v2\/types\/post"}],"author":[{"embeddable":true,"href":"https:\/\/www.europesays.com\/fr\/wp-json\/wp\/v2\/users\/2"}],"replies":[{"embeddable":true,"href":"https:\/\/www.europesays.com\/fr\/wp-json\/wp\/v2\/comments?post=357274"}],"version-history":[{"count":0,"href":"https:\/\/www.europesays.com\/fr\/wp-json\/wp\/v2\/posts\/357274\/revisions"}],"wp:featuredmedia":[{"embeddable":true,"href":"https:\/\/www.europesays.com\/fr\/wp-json\/wp\/v2\/media\/357275"}],"wp:attachment":[{"href":"https:\/\/www.europesays.com\/fr\/wp-json\/wp\/v2\/media?parent=357274"}],"wp:term":[{"taxonomy":"category","embeddable":true,"href":"https:\/\/www.europesays.com\/fr\/wp-json\/wp\/v2\/categories?post=357274"},{"taxonomy":"post_tag","embeddable":true,"href":"https:\/\/www.europesays.com\/fr\/wp-json\/wp\/v2\/tags?post=357274"}],"curies":[{"name":"wp","href":"https:\/\/api.w.org\/{rel}","templated":true}]}}