{"id":357278,"date":"2025-09-01T00:11:10","date_gmt":"2025-09-01T00:11:10","guid":{"rendered":"https:\/\/www.europesays.com\/fr\/357278\/"},"modified":"2025-09-01T00:11:10","modified_gmt":"2025-09-01T00:11:10","slug":"un-journaliste-de-radio-j-porte-plainte-contre-jean-luc-melenchon-pour-doxing","status":"publish","type":"post","link":"https:\/\/www.europesays.com\/fr\/357278\/","title":{"rendered":"Un journaliste de Radio J porte plainte contre Jean-Luc M\u00e9lenchon pour \u00ab\u00a0doxing\u00a0\u00bb"},"content":{"rendered":"<p>Radio J avait condamn\u00e9 \u00ab\u00a0fermement\u00a0\u00bb il y a une semaine des \u00ab\u00a0mises en cause inacceptables\u00a0\u00bb de son journaliste. Fr\u00e9d\u00e9ric Haziza, journaliste sur l\u2019une des radios de la communaut\u00e9 juive, a indiqu\u00e9 ce dimanche avoir port\u00e9 plainte contre le leader de <a href=\"https:\/\/www.20minutes.fr\/politique\/france-insoumise\/\" target=\"_blank\" class=\"c-link c-link--is-underlined\" rel=\"nofollow noopener\">La France insoumise<\/a> (LFI), <a href=\"https:\/\/www.20minutes.fr\/politique\/jean-luc-melenchon\/\" target=\"_blank\" class=\"c-link c-link--is-underlined\" rel=\"nofollow noopener\">Jean-Luc M\u00e9lenchon<\/a>, qui l\u2019avait mis en cause lors des universit\u00e9s d\u2019\u00e9t\u00e9 du parti.<\/p>\n<p>Au cours d\u2019un discours, prononc\u00e9 dans la <a href=\"https:\/\/www.20minutes.fr\/dossier\/drome\" target=\"_blank\" class=\"c-link c-link--is-underlined\" rel=\"nofollow noopener\">Dr\u00f4me<\/a> le 22\u00a0ao\u00fbt, le leader de LFI s\u2019en \u00e9tait pris nomm\u00e9ment \u00e0 Fr\u00e9d\u00e9ric Haziza qu\u2019il avait accus\u00e9 d\u2019interroger \u00ab\u00a0toutes les personnes qui passent en disant \u00ab\u00a0pas vrai que M\u00e9lenchon est antis\u00e9mite\u00a0?\u00a0\u00bb\u00a0\u00bb. \u00ab\u00a0Et vous avez en face des gens mourant de peur de je ne sais quelle inquisition qui se mettent \u00e0 dire \u00ab\u00a0oui, oui\u00a0\u00bb\u00a0\u00bb, avait-il ajout\u00e9.<\/p>\n<\/p>\n<p>\u00ab\u00a0En le nommant publiquement, dans le contexte des attaques antis\u00e9mites qui se multiplient en France, Jean-Luc M\u00e9lenchon met intentionnellement une cible dans le dos de Fr\u00e9d\u00e9ric Haziza et de Radio J\u00a0\u00bb, avait estim\u00e9 la radio dans un communiqu\u00e9.<\/p>\n<p>Plainte pour avoir r\u00e9v\u00e9l\u00e9 des informations priv\u00e9es<\/p>\n<p>Fr\u00e9d\u00e9ric Haziza a d\u00e9pos\u00e9 une plainte cette semaine pour \u00ab\u00a0doxing\u00a0\u00bb (pratique consistant \u00e0 d\u00e9voiler des informations priv\u00e9es, ce qui fait courir un risque \u00e0 la personne), selon la copie consult\u00e9e par l\u2019AFP.<\/p>\n<p>Le journaliste pr\u00e9sente chaque week-end depuis 38 ans sur Radio J des interviews de personnalit\u00e9s politiques.<\/p>\n<p><a href=\"https:\/\/www.20minutes.fr\/politique\/jean-luc-melenchon\/\" target=\"_blank\" class=\"c-link c-btn c-btn--primary\" rel=\"nofollow noopener\">Tous nos articles sur Jean-Luc M\u00e9lenchon<\/a><\/p>\n<p>Les universit\u00e9s d\u2019\u00e9t\u00e9 de LFI ont \u00e9t\u00e9 marqu\u00e9es par les vives protestations des m\u00e9dias et des reporters sur place apr\u00e8s le refus oppos\u00e9 par le mouvement de gauche radicale \u00e0 la demande d\u2019accr\u00e9ditation d\u2019un journaliste du Monde. Celui-ci, Oliver P\u00e9rou, a co-\u00e9crit un livre, La Meute (Flammarion), tr\u00e8s critique du fonctionnement de LFI.<\/p>\n","protected":false},"excerpt":{"rendered":"Radio J avait condamn\u00e9 \u00ab\u00a0fermement\u00a0\u00bb il y a une semaine des \u00ab\u00a0mises en cause inacceptables\u00a0\u00bb de son journaliste.&hellip;\n","protected":false},"author":2,"featured_media":357279,"comment_status":"","ping_status":"","sticky":false,"template":"","format":"standard","meta":{"footnotes":""},"categories":[6],"tags":[47,6155,2430,35,2730,33,34,1011,27,3081,9877,303,1023,4048,2431],"class_list":{"0":"post-357278","1":"post","2":"type-post","3":"status-publish","4":"format-standard","5":"has-post-thumbnail","7":"category-economie","8":"tag-actualite","9":"tag-antisemitisme","10":"tag-auvergne-rhone-alpes","11":"tag-business","12":"tag-drome","13":"tag-economie","14":"tag-economy","15":"tag-fr","16":"tag-france","17":"tag-jean-luc-melenchon","18":"tag-journalisme","19":"tag-justice","20":"tag-la-france-insoumise-lfi","21":"tag-presse","22":"tag-rhone-alpes"},"share_on_mastodon":{"url":"https:\/\/pubeurope.com\/@fr\/115126146411034014","error":""},"_links":{"self":[{"href":"https:\/\/www.europesays.com\/fr\/wp-json\/wp\/v2\/posts\/357278","targetHints":{"allow":["GET"]}}],"collection":[{"href":"https:\/\/www.europesays.com\/fr\/wp-json\/wp\/v2\/posts"}],"about":[{"href":"https:\/\/www.europesays.com\/fr\/wp-json\/wp\/v2\/types\/post"}],"author":[{"embeddable":true,"href":"https:\/\/www.europesays.com\/fr\/wp-json\/wp\/v2\/users\/2"}],"replies":[{"embeddable":true,"href":"https:\/\/www.europesays.com\/fr\/wp-json\/wp\/v2\/comments?post=357278"}],"version-history":[{"count":0,"href":"https:\/\/www.europesays.com\/fr\/wp-json\/wp\/v2\/posts\/357278\/revisions"}],"wp:featuredmedia":[{"embeddable":true,"href":"https:\/\/www.europesays.com\/fr\/wp-json\/wp\/v2\/media\/357279"}],"wp:attachment":[{"href":"https:\/\/www.europesays.com\/fr\/wp-json\/wp\/v2\/media?parent=357278"}],"wp:term":[{"taxonomy":"category","embeddable":true,"href":"https:\/\/www.europesays.com\/fr\/wp-json\/wp\/v2\/categories?post=357278"},{"taxonomy":"post_tag","embeddable":true,"href":"https:\/\/www.europesays.com\/fr\/wp-json\/wp\/v2\/tags?post=357278"}],"curies":[{"name":"wp","href":"https:\/\/api.w.org\/{rel}","templated":true}]}}