{"id":357290,"date":"2025-09-01T00:17:55","date_gmt":"2025-09-01T00:17:55","guid":{"rendered":"https:\/\/www.europesays.com\/fr\/357290\/"},"modified":"2025-09-01T00:17:55","modified_gmt":"2025-09-01T00:17:55","slug":"vandoeuvre-les-nancy-roberval-de-deux-a-une-voie-de-circulation","status":"publish","type":"post","link":"https:\/\/www.europesays.com\/fr\/357290\/","title":{"rendered":"Vand\u0153uvre-l\u00e8s-Nancy. Roberval, de deux \u00e0 une voie de circulation"},"content":{"rendered":"<p>Ce contenu est bloqu\u00e9 car vous n&rsquo;avez pas accept\u00e9 les cookies et autres traceurs.<\/p>\n<p>En cliquant sur \u00ab J\u2019accepte \u00bb, les cookies et autres traceurs seront d\u00e9pos\u00e9s et vous pourrez visualiser les contenus  (<a href=\"\" class=\"consentModule_policy\" target=\"_blank\" title=\"Consulter la politique de protection des donn\u00e9es du fournisseur\">plus d&rsquo;informations<\/a>).<\/p>\n<p>En cliquant sur \u00ab J\u2019accepte tous les cookies \u00bb, vous autorisez des d\u00e9p\u00f4ts de cookies et autres traceurs pour le stockage de vos donn\u00e9es sur nos sites et applications \u00e0 des fins de personnalisation et de ciblage publicitaire.<\/p>\n<p class=\"consentModule_secondaryText\">Vous gardez la possibilit\u00e9 de retirer votre consentement \u00e0 tout moment en consultant notre <a href=\"https:\/\/www.estrepublicain.fr\/protection-des-donnees\" target=\"_blank\" title=\"Consulter notre politique de protection des donn\u00e9es\" rel=\"noopener\">politique de protection des donn\u00e9es<\/a>. <br \/>&#13;<br \/>\n            <a href=\"https:\/\/www.estrepublicain.fr\/transport\/2025\/08\/30\/javascript:Didomi.notice.show()\" class=\"consentModule_cmp\" target=\"_blank\" rel=\"noopener\">G\u00e9rer mes choix<\/a>&#13;\n        <\/p>\n<p>&#13;<br \/>\n                        J&rsquo;accepte&#13;<br \/>\n            J&rsquo;accepte tous les cookies&#13;\n        <\/p>\n<p>Et si cette petite portion du boulevard, en contrebas du centre Leclerc et de <a href=\"https:\/\/www.estrepublicain.fr\/economie\/2023\/03\/29\/la-boulangerie-marie-blachere-a-ouvert-ses-portes\" target=\"_blank\" rel=\"noopener\"> la boulangerie Marie-Blach\u00e8re<\/a> , est donc toujours ferm\u00e9e \u00e0 la circulation dans le sens Vandoeuvre &#8211; Houdemont, les automobilistes devraient pouvoir y circuler de nouveau le 6 septembre selon le planning pr\u00e9visionnel, mais ils remarqueront un petit changement : il n\u2019y aura plus deux voies de circulation \u00e0 l\u2019approche du giratoire, o\u00f9 la chauss\u00e9e se \u201cd\u00e9doublait\u201d jusqu\u2019alors, mais une seule. <\/p>\n<p>Et ce, en raison de la pr\u00e9sence des bus : ces v\u00e9hicules de 18 m passant \u00e0 cet endroit pour s\u2019ins\u00e9rer au niveau du terminus, la cohabitation avec deux files de v\u00e9hicules aurait \u00e9t\u00e9 trop dangereuse.<\/p>\n<p>\u00c0 noter, en outre, qu\u2019apr\u00e8s les travaux, la portion de piste cyclable sera r\u00e9tablie, et que des cheminements pi\u00e9tons vers la boulangerie et la station-service pourraient \u00eatre \u00e9tudi\u00e9s \u00e0 l\u2019avenir.<\/p>\n","protected":false},"excerpt":{"rendered":"Ce contenu est bloqu\u00e9 car vous n&rsquo;avez pas accept\u00e9 les cookies et autres traceurs. En cliquant sur \u00ab&hellip;\n","protected":false},"author":2,"featured_media":357291,"comment_status":"","ping_status":"","sticky":false,"template":"","format":"standard","meta":{"footnotes":""},"categories":[9635],"tags":[1111,11,3542,1704,1777,674,1011,27,775,6364,1702,12,25,2803,5711],"class_list":{"0":"post-357290","1":"post","2":"type-post","3":"status-publish","4":"format-standard","5":"has-post-thumbnail","7":"category-nancy","8":"tag-actu","9":"tag-actualites","10":"tag-circulation","11":"tag-edition-nancy-et-agglomeration","12":"tag-eu","13":"tag-europe","14":"tag-fr","15":"tag-france","16":"tag-grand-est","17":"tag-metropole-du-grand-nancy-54b1","18":"tag-nancy","19":"tag-news","20":"tag-republique-francaise","21":"tag-transport","22":"tag-vandoeuvre-les-nancy"},"share_on_mastodon":{"url":"https:\/\/pubeurope.com\/@fr\/115126173849327403","error":""},"_links":{"self":[{"href":"https:\/\/www.europesays.com\/fr\/wp-json\/wp\/v2\/posts\/357290","targetHints":{"allow":["GET"]}}],"collection":[{"href":"https:\/\/www.europesays.com\/fr\/wp-json\/wp\/v2\/posts"}],"about":[{"href":"https:\/\/www.europesays.com\/fr\/wp-json\/wp\/v2\/types\/post"}],"author":[{"embeddable":true,"href":"https:\/\/www.europesays.com\/fr\/wp-json\/wp\/v2\/users\/2"}],"replies":[{"embeddable":true,"href":"https:\/\/www.europesays.com\/fr\/wp-json\/wp\/v2\/comments?post=357290"}],"version-history":[{"count":0,"href":"https:\/\/www.europesays.com\/fr\/wp-json\/wp\/v2\/posts\/357290\/revisions"}],"wp:featuredmedia":[{"embeddable":true,"href":"https:\/\/www.europesays.com\/fr\/wp-json\/wp\/v2\/media\/357291"}],"wp:attachment":[{"href":"https:\/\/www.europesays.com\/fr\/wp-json\/wp\/v2\/media?parent=357290"}],"wp:term":[{"taxonomy":"category","embeddable":true,"href":"https:\/\/www.europesays.com\/fr\/wp-json\/wp\/v2\/categories?post=357290"},{"taxonomy":"post_tag","embeddable":true,"href":"https:\/\/www.europesays.com\/fr\/wp-json\/wp\/v2\/tags?post=357290"}],"curies":[{"name":"wp","href":"https:\/\/api.w.org\/{rel}","templated":true}]}}