{"id":357294,"date":"2025-09-01T00:20:24","date_gmt":"2025-09-01T00:20:24","guid":{"rendered":"https:\/\/www.europesays.com\/fr\/357294\/"},"modified":"2025-09-01T00:20:24","modified_gmt":"2025-09-01T00:20:24","slug":"a-la-valette-du-var-la-ville-recompensee-par-la-marianne-dor-du","status":"publish","type":"post","link":"https:\/\/www.europesays.com\/fr\/357294\/","title":{"rendered":"\u00c0 La Valette-du-Var, la Ville r\u00e9compens\u00e9e par la Marianne d\u2019Or du (\u2026)"},"content":{"rendered":"<p>                    <img loading=\"lazy\" decoding=\"async\" src=\"https:\/\/www.europesays.com\/fr\/wp-content\/uploads\/2025\/09\/a6c40b7b1483eb8c566d5e9745ee94.jpg\" class=\"img-responsive post-image\" width=\"680\" height=\"510\" alt=\"\u00c0 La Valette-du-Var, (\u2026)\" title=\"\u00c0 La Valette-du-Var, la Ville r\u00e9compens\u00e9e par la Marianne d'Or du D\u00e9veloppement Durable\"\/><\/p>\n<p class=\"chapo\">En juillet, la Municipalit\u00e9 a c\u00e9l\u00e9br\u00e9 sa Marianne d\u2019Or du D\u00e9veloppement Durable, d\u00e9cern\u00e9e le 1er juillet \u00e0 Paris \u00e0 Thierry Albertini.<\/p>\n<p>Une distinction prestigieuse qui r\u00e9compense l\u2019engagement de la Ville en faveur d\u2019un avenir plus \u00e9cologique et responsable.<br class=\"texte\"\/><br \/>\n<strong>Thierry Albertini<\/strong>, le maire, entour\u00e9 de ses \u00e9lus, de nombreux partenaires et citoyens, a exprim\u00e9 sa fiert\u00e9\u00a0: \u00ab\u00a0Cette r\u00e9compense vient reconna\u00eetre un travail collectif, fruit de l\u2019implication des agents municipaux, des associations, des partenaires publics et priv\u00e9s, des commer\u00e7ants et, bien s\u00fbr, des Valettois eux-m\u00eames \u00a0\u00bb.<\/p>\n<p>M\u00c9THODE COLLECTIVE<\/p>\n<p>La soir\u00e9e a \u00e9t\u00e9 marqu\u00e9e par la pr\u00e9sence symbolique du Conseil Municipal des Enfants et du Conseil des Sages, incarnant la transmission des valeurs r\u00e9publicaines et le lien entre g\u00e9n\u00e9rations, au c\u0153ur du projet de ville durable. \u00ab\u00a0 De la cour v\u00e9g\u00e9talis\u00e9e \u00e0 la place publique, du jardin p\u00e9dagogique \u00e0 la piste cyclable, chaque action traduit une m\u00eame ambition\u00a0: offrir aux g\u00e9n\u00e9rations pr\u00e9sentes et futures un cadre de vie plus sain, plus apais\u00e9, plus responsable\u00a0\u00bb, a soulign\u00e9 le premier magistrat.<br class=\"autobr\"\/><br \/>\nPlus qu\u2019un prix, cette c\u00e9r\u00e9monie a c\u00e9l\u00e9br\u00e9 une m\u00e9thode collective et une volont\u00e9 partag\u00e9e, port\u00e9es par une \u00e9quipe soud\u00e9e et engag\u00e9e. Le maire a remerci\u00e9 ses \u00e9lus, ainsi que la s\u00e9natrice<strong> Fran\u00e7oise Dumont<\/strong>, et <strong>Laurent Boulet<\/strong>, repr\u00e9sentant le pr\u00e9fet du Var, t\u00e9moignant de l\u2019implication de l\u2019\u00c9tat aux c\u00f4t\u00e9s de la Ville. La c\u00e9r\u00e9monie s\u2019est \u00e9galement d\u00e9roul\u00e9e en pr\u00e9sence de nombreux repr\u00e9sentants associatifs et de plusieurs maires du territoire (Barjols, La Farl\u00e8de, \u00c9venos, etc.) qui ont salu\u00e9 cette reconnaissance bien m\u00e9rit\u00e9e.<\/p>\n<p><strong>En pr\u00e9sence de\u00a0:<\/strong><br class=\"autobr\"\/><br \/>\n<strong>Fran\u00e7oise DUMONT<\/strong>, s\u00e9natrice du Var,<br class=\"autobr\"\/><br \/>\n<strong>Yves PALMIERI,<\/strong> maire de La Farl\u00e8de,<br class=\"autobr\"\/><br \/>\n<strong>Nathalie ALEXANDRE,<\/strong> directrice d\u2019ENEDIS Var,<br class=\"autobr\"\/><br \/>\n<strong>Olivier CAVALLO<\/strong>, directeur Provence M\u00e9diterran\u00e9e (V\u00e9olia).<\/p>\n<p>Photo de Une \u00a9PRESSE AGENCE<\/p>\n","protected":false},"excerpt":{"rendered":"En juillet, la Municipalit\u00e9 a c\u00e9l\u00e9br\u00e9 sa Marianne d\u2019Or du D\u00e9veloppement Durable, d\u00e9cern\u00e9e le 1er juillet \u00e0 Paris&hellip;\n","protected":false},"author":2,"featured_media":357295,"comment_status":"","ping_status":"","sticky":false,"template":"","format":"standard","meta":{"footnotes":""},"categories":[9619],"tags":[1111,11,2408,1777,674,1011,27,12,882,25,2310],"class_list":{"0":"post-357294","1":"post","2":"type-post","3":"status-publish","4":"format-standard","5":"has-post-thumbnail","7":"category-toulon","8":"tag-actu","9":"tag-actualites","10":"tag-appels-d","11":"tag-eu","12":"tag-europe","13":"tag-fr","14":"tag-france","15":"tag-news","16":"tag-provence-alpes-cote-dazur","17":"tag-republique-francaise","18":"tag-toulon"},"share_on_mastodon":{"url":"https:\/\/pubeurope.com\/@fr\/115126182134297199","error":""},"_links":{"self":[{"href":"https:\/\/www.europesays.com\/fr\/wp-json\/wp\/v2\/posts\/357294","targetHints":{"allow":["GET"]}}],"collection":[{"href":"https:\/\/www.europesays.com\/fr\/wp-json\/wp\/v2\/posts"}],"about":[{"href":"https:\/\/www.europesays.com\/fr\/wp-json\/wp\/v2\/types\/post"}],"author":[{"embeddable":true,"href":"https:\/\/www.europesays.com\/fr\/wp-json\/wp\/v2\/users\/2"}],"replies":[{"embeddable":true,"href":"https:\/\/www.europesays.com\/fr\/wp-json\/wp\/v2\/comments?post=357294"}],"version-history":[{"count":0,"href":"https:\/\/www.europesays.com\/fr\/wp-json\/wp\/v2\/posts\/357294\/revisions"}],"wp:featuredmedia":[{"embeddable":true,"href":"https:\/\/www.europesays.com\/fr\/wp-json\/wp\/v2\/media\/357295"}],"wp:attachment":[{"href":"https:\/\/www.europesays.com\/fr\/wp-json\/wp\/v2\/media?parent=357294"}],"wp:term":[{"taxonomy":"category","embeddable":true,"href":"https:\/\/www.europesays.com\/fr\/wp-json\/wp\/v2\/categories?post=357294"},{"taxonomy":"post_tag","embeddable":true,"href":"https:\/\/www.europesays.com\/fr\/wp-json\/wp\/v2\/tags?post=357294"}],"curies":[{"name":"wp","href":"https:\/\/api.w.org\/{rel}","templated":true}]}}