{"id":357298,"date":"2025-09-01T00:23:14","date_gmt":"2025-09-01T00:23:14","guid":{"rendered":"https:\/\/www.europesays.com\/fr\/357298\/"},"modified":"2025-09-01T00:23:14","modified_gmt":"2025-09-01T00:23:14","slug":"releguee-dans-la-hierarchie-une-recrue-est-sur-le-depart","status":"publish","type":"post","link":"https:\/\/www.europesays.com\/fr\/357298\/","title":{"rendered":"Rel\u00e9gu\u00e9e dans la hi\u00e9rarchie, une recrue est sur le d\u00e9part"},"content":{"rendered":"<p>Arriv\u00e9 \u00e0 Montpellier avec l\u2019\u00e9tiquette de champion du monde U20, Hugo Reus aura sans doute du mal \u00e0 s\u2019imposer dans l\u2019effectif h\u00e9raultais dans l&rsquo;imm\u00e9diat. La saison derni\u00e8re l&rsquo;a vu d\u00e9crocher 3 titularisations en 8 matchs disput\u00e9s toutes comp\u00e9titions confondues. Cette situation interroge grandement.<\/p>\n<p>\u00a0<\/p>\n<p>Le jeune ouvreur de 21 ans n&rsquo;est pas bien positionn\u00e9 dans la hi\u00e9rarchie. Le staff montpelli\u00e9rain lui a pr\u00e9f\u00e9r\u00e9 Stuart Hogg. Et bien que ce dernier se soit bless\u00e9 derni\u00e8rement, c&rsquo;est Anthony Bouthier qui a \u00e9t\u00e9 align\u00e9 \u00e0 la place. Hugo Reus ne viendra donc que derri\u00e8re ces deux joueurs.<\/p>\n<p>\u00a0<\/p>\n<p>Un retour \u00e0 Bordeaux ou une aventure \u00e0 Bayonne<\/p>\n<p>\u00a0<\/p>\n<p>Le choix du manager de confier les r\u00eanes du jeu \u00e0 des profils plus exp\u00e9riment\u00e9s a rel\u00e9gu\u00e9 Reus dans un r\u00f4le secondaire. Et si Montpellier n\u2019a pas officiellement ferm\u00e9 la porte \u00e0 une prolongation, les signaux envoy\u00e9s sur le terrain laissent entrevoir une issue diff\u00e9rente.<\/p>\n<p>\u00a0<\/p>\n<p>Plusieurs clubs du Top 14 suivent de pr\u00e8s l\u2019\u00e9volution du dossier. Selon les informations de <a href=\"https:\/\/www.sudouest.fr\/sport\/rugby\/aviron-bayonnais\/rugby-hugo-reus-montpellier-sur-les-tablettes-de-l-aviron-bayonnais-et-bordeaux-begles-25725632.php\" rel=\"nofollow noopener\" target=\"_blank\">Sud Ouest<\/a>, Reus a r\u00e9cemment visit\u00e9 les installations de l\u2019Aviron bayonnais, en qu\u00eate d\u2019un successeur \u00e0 Gareth Anscombe. L\u2019UBB, son ancien club, n\u2019a pas non plus tir\u00e9 un trait sur son retour \u00e0 Bordeaux. Toutefois, rien de concret jusque-l\u00e0.<\/p>\n<p>Partagez cette info avec vos amis et vos proches en cliquant ici<br \/>Pour r\u00e9sumer<\/p>\n<p>Peu utilis\u00e9 \u00e0 Montpellier, Hugo Reus suscite l\u2019int\u00e9r\u00eat de Bayonne et Bordeaux. Rel\u00e9gu\u00e9 derri\u00e8re Hogg et Bouthier, le jeune ouvreur pourrait quitter l\u2019H\u00e9rault, malgr\u00e9 un contrat en cours, pour relancer sa carri\u00e8re en Top 14.<\/p>\n<p> <img decoding=\"async\" width=\"76\" height=\"76\" loading=\"lazy\" src=\"https:\/\/www.europesays.com\/fr\/wp-content\/uploads\/2025\/04\/avatar-quinze.png\" alt=\"Voldi Fr\u00e9jus\u00a0Hounvio\"\/><\/p>\n","protected":false},"excerpt":{"rendered":"Arriv\u00e9 \u00e0 Montpellier avec l\u2019\u00e9tiquette de champion du monde U20, Hugo Reus aura sans doute du mal \u00e0&hellip;\n","protected":false},"author":2,"featured_media":357299,"comment_status":"","ping_status":"","sticky":false,"template":"","format":"standard","meta":{"footnotes":""},"categories":[9599],"tags":[1111,11,1777,674,1011,27,2208,12,2680,25],"class_list":{"0":"post-357298","1":"post","2":"type-post","3":"status-publish","4":"format-standard","5":"has-post-thumbnail","7":"category-montpellier","8":"tag-actu","9":"tag-actualites","10":"tag-eu","11":"tag-europe","12":"tag-fr","13":"tag-france","14":"tag-montpellier","15":"tag-news","16":"tag-occitanie","17":"tag-republique-francaise"},"share_on_mastodon":{"url":"https:\/\/pubeurope.com\/@fr\/115126193559813645","error":""},"_links":{"self":[{"href":"https:\/\/www.europesays.com\/fr\/wp-json\/wp\/v2\/posts\/357298","targetHints":{"allow":["GET"]}}],"collection":[{"href":"https:\/\/www.europesays.com\/fr\/wp-json\/wp\/v2\/posts"}],"about":[{"href":"https:\/\/www.europesays.com\/fr\/wp-json\/wp\/v2\/types\/post"}],"author":[{"embeddable":true,"href":"https:\/\/www.europesays.com\/fr\/wp-json\/wp\/v2\/users\/2"}],"replies":[{"embeddable":true,"href":"https:\/\/www.europesays.com\/fr\/wp-json\/wp\/v2\/comments?post=357298"}],"version-history":[{"count":0,"href":"https:\/\/www.europesays.com\/fr\/wp-json\/wp\/v2\/posts\/357298\/revisions"}],"wp:featuredmedia":[{"embeddable":true,"href":"https:\/\/www.europesays.com\/fr\/wp-json\/wp\/v2\/media\/357299"}],"wp:attachment":[{"href":"https:\/\/www.europesays.com\/fr\/wp-json\/wp\/v2\/media?parent=357298"}],"wp:term":[{"taxonomy":"category","embeddable":true,"href":"https:\/\/www.europesays.com\/fr\/wp-json\/wp\/v2\/categories?post=357298"},{"taxonomy":"post_tag","embeddable":true,"href":"https:\/\/www.europesays.com\/fr\/wp-json\/wp\/v2\/tags?post=357298"}],"curies":[{"name":"wp","href":"https:\/\/api.w.org\/{rel}","templated":true}]}}