{"id":357302,"date":"2025-09-01T00:26:53","date_gmt":"2025-09-01T00:26:53","guid":{"rendered":"https:\/\/www.europesays.com\/fr\/357302\/"},"modified":"2025-09-01T00:26:53","modified_gmt":"2025-09-01T00:26:53","slug":"10-ans-apres-les-enfants-restent-la-priorite","status":"publish","type":"post","link":"https:\/\/www.europesays.com\/fr\/357302\/","title":{"rendered":"10 ans apr\u00e8s, les enfants restent la priorit\u00e9"},"content":{"rendered":"<p><b>\u00c0 Grenoble, la rentr\u00e9e scolaire 2025-2026 confirme 10 ans d\u2019engagement en faveur des enfants et des familles. Retour en chiffres, bilan et nouveaut\u00e9s. <\/b><\/p>\n<p><img fetchpriority=\"high\" decoding=\"async\" class=\" wp-image-5478 aligncenter\" src=\"data:image\/svg+xml,%3Csvg%20xmlns=\" http:=\"\" alt=\"\" width=\"746\" height=\"433\" data-lazy-src=\"https:\/\/www.europesays.com\/fr\/wp-content\/uploads\/2025\/09\/photo_2025-08-29_14-37-53-300x169.jpg\"\/><b>Un bilan de 10 ans de priorit\u00e9 \u00e0 l\u2019\u00e9ducation<\/b><\/p>\n<p>Depuis 2015, Grenoble fait de l\u2019\u00e9ducation une priorit\u00e9 budg\u00e9taire. La Ville a investi dans la construction et la r\u00e9novation des \u00e9coles, la cr\u00e9ation de cours v\u00e9g\u00e9talis\u00e9es, ludiques, et la transformation des espaces publics devant les \u00e9tablissements. Le personnel municipal a de meilleures conditions de travail, plus de formation et des contrats moins pr\u00e9caires. Chaque classe de maternelle est dot\u00e9e d\u2019un-e ATSEM, et chaque \u00e9cole \u00e9l\u00e9mentaire accueille un-e enseignant-e de musique et un ETAPS (activit\u00e9s physiques et sportives). Les activit\u00e9s p\u00e9riscolaires sont plus riches. Les familles b\u00e9n\u00e9ficient de la gratuit\u00e9 des fournitures scolaires, des trousses recycl\u00e9es pour les CP et de tarifs p\u00e9riscolaires adapt\u00e9s, r\u00e9duisant les in\u00e9galit\u00e9s entre les enfants.<\/p>\n<p><b>Les nouveaut\u00e9s de la rentr\u00e9e 2025-2026<\/b><\/p>\n<p>Cette ann\u00e9e, Grenoble met l\u2019accent sur la sant\u00e9 et la transition \u00e9cologique. La qualit\u00e9 de l\u2019air int\u00e9rieur dans les \u00e9coles a \u00e9t\u00e9 mesur\u00e9e et optimis\u00e9e, et les dispositifs inclusifs RESPIRE et ULIS se d\u00e9veloppent. La Cit\u00e9 Educative s\u2019\u00e9tend aux quartiers Mistral-Lys Rouge-Camine, et de nouvelles \u00ab\u00a0Place(s) aux enfants\u00a0\u00bb et Coqueli\u2019cours transforment les cours et rues en espaces verts et conviviaux.<br \/>Le nombre d\u2019enfants baissant \u00e0 Grenoble comme dans toute la France, l\u2019Education Nationale a d\u00e9cid\u00e9 la fermeture de 14 classes et une seule ouverture. La municipalit\u00e9 le d\u00e9plore, mais intervient pour que le nombre d\u2019enfants par classe diminue : il atteint 20 enfants seulement, les conditions d\u2019apprentissage sont donc am\u00e9lior\u00e9es. La Ville agit aussi pour demander plus d\u2019AESH pour les enfants en situation de handicap.<\/p>\n<p><b>Une ville plus s\u00fbre et adapt\u00e9e aux enfants<\/b><\/p>\n<p>Le num\u00e9rique \u00e9ducatif continue de se d\u00e9ployer dans toutes les \u00e9coles \u00e9l\u00e9mentaires, tandis que les grands travaux dans les \u00e9tablissements \u2013 comme les r\u00e9habilitations des \u00e9coles Ferdinand Buisson, Jules Verne ou les Trembles \u2013 am\u00e9liorent les conditions d\u2019accueil et d\u2019apprentissage. Les cours r\u00e9am\u00e9nag\u00e9es, les espaces de jeux et les jardins p\u00e9dagogiques favorisent l\u2019\u00e9panouissement, l\u2019inclusion et la cr\u00e9ativit\u00e9 de chaque \u00e9l\u00e8ve.<\/p>\n<p><b>Sant\u00e9 et bien-\u00eatre des enfants au c\u0153ur des priorit\u00e9s<\/b><\/p>\n<p>La Ville de Grenoble agit pour prot\u00e9ger la sant\u00e9 des enfants dans les \u00e9coles et cr\u00e8ches : qualit\u00e9 de l\u2019air int\u00e9rieur, pr\u00e9vention contre les UV, alimentation saine et s\u00e9curit\u00e9. Des mesures concr\u00e8tes ont \u00e9t\u00e9 mises en place :<\/p>\n<ul>\n<li aria-level=\"1\"><b>460 salles de classe<\/b> et <b>256 salles de cr\u00e8ches<\/b> \u00e9quip\u00e9es de d\u00e9tecteurs de CO2 en vue de garantir un air sain<\/li>\n<li aria-level=\"1\"><b>86 g de gaspillage alimentaire par repas<\/b> constat\u00e9s en juin 2025 contre 150 g en d\u00e9cembre 2023, pour plus de la moiti\u00e9 des convives.<\/li>\n<li aria-level=\"1\"><b>Espaces sans tabac<\/b> devant toutes les \u00e9coles depuis 2024<\/li>\n<li aria-level=\"1\"><b>Ateliers UV et pr\u00e9vention solaire<\/b> pour le personnel et les enfants afin de r\u00e9duire les risques li\u00e9s aux rayons du soleil<\/li>\n<li aria-level=\"1\"><b>100% des \u00e9coles<\/b> sensibilis\u00e9es \u00e0 la r\u00e9duction des perturbateurs endocriniens dans les fournitures, le mobilier et les produits d\u2019entretien<\/li>\n<\/ul>\n<p><b>Chiffres cl\u00e9s de la rentr\u00e9e 2025-2026 \u00e0 Grenoble<\/b><\/p>\n<ul>\n<li aria-level=\"1\">44\u20ac par \u00e9l\u00e8ve en \u00e9l\u00e9mentaire et 33\u20ac en maternelle pour les fournitures gratuites<\/li>\n<li aria-level=\"1\">1 460 \u00e9l\u00e8ves de CP re\u00e7oivent une trousse recycl\u00e9e financ\u00e9e par la Ville<\/li>\n<li aria-level=\"1\">460 salles de classe et 256 salles de cr\u00e8ches \u00e9quip\u00e9es de capteurs de CO2<\/li>\n<li aria-level=\"1\">3 nouvelles Place(s) aux enfants et plusieurs Coqueli\u2019cours r\u00e9nov\u00e9es<\/li>\n<li aria-level=\"1\">11 millions \u20ac investis pour la r\u00e9habilitation du p\u00f4le enfance Les Trembles<\/li>\n<li aria-level=\"1\">60% de repas bio ou labellis\u00e9s dans les cantines scolaires et 95% dans les cr\u00e8ches<\/li>\n<li aria-level=\"1\">255 animateur-rices mensualis\u00e9-es pour le p\u00e9riscolaire municipal<\/li>\n<\/ul>\n<p>Depuis 10 ans, Grenoble conjugue justice sociale, transition \u00e9cologique et qualit\u00e9 \u00e9ducative. La rentr\u00e9e 2025-2026 confirme cet engagement, pla\u00e7ant le bien-\u00eatre et la r\u00e9ussite des enfants au c\u0153ur des priorit\u00e9s municipales.<\/p>\n<p>\u00a0<\/p>\n","protected":false},"excerpt":{"rendered":"\u00c0 Grenoble, la rentr\u00e9e scolaire 2025-2026 confirme 10 ans d\u2019engagement en faveur des enfants et des familles. Retour&hellip;\n","protected":false},"author":2,"featured_media":357303,"comment_status":"","ping_status":"","sticky":false,"template":"","format":"standard","meta":{"footnotes":""},"categories":[9566],"tags":[1111,11,2430,1777,674,1011,27,2731,12,25],"class_list":{"0":"post-357302","1":"post","2":"type-post","3":"status-publish","4":"format-standard","5":"has-post-thumbnail","7":"category-grenoble","8":"tag-actu","9":"tag-actualites","10":"tag-auvergne-rhone-alpes","11":"tag-eu","12":"tag-europe","13":"tag-fr","14":"tag-france","15":"tag-grenoble","16":"tag-news","17":"tag-republique-francaise"},"share_on_mastodon":{"url":"https:\/\/pubeurope.com\/@fr\/115126209262832247","error":""},"_links":{"self":[{"href":"https:\/\/www.europesays.com\/fr\/wp-json\/wp\/v2\/posts\/357302","targetHints":{"allow":["GET"]}}],"collection":[{"href":"https:\/\/www.europesays.com\/fr\/wp-json\/wp\/v2\/posts"}],"about":[{"href":"https:\/\/www.europesays.com\/fr\/wp-json\/wp\/v2\/types\/post"}],"author":[{"embeddable":true,"href":"https:\/\/www.europesays.com\/fr\/wp-json\/wp\/v2\/users\/2"}],"replies":[{"embeddable":true,"href":"https:\/\/www.europesays.com\/fr\/wp-json\/wp\/v2\/comments?post=357302"}],"version-history":[{"count":0,"href":"https:\/\/www.europesays.com\/fr\/wp-json\/wp\/v2\/posts\/357302\/revisions"}],"wp:featuredmedia":[{"embeddable":true,"href":"https:\/\/www.europesays.com\/fr\/wp-json\/wp\/v2\/media\/357303"}],"wp:attachment":[{"href":"https:\/\/www.europesays.com\/fr\/wp-json\/wp\/v2\/media?parent=357302"}],"wp:term":[{"taxonomy":"category","embeddable":true,"href":"https:\/\/www.europesays.com\/fr\/wp-json\/wp\/v2\/categories?post=357302"},{"taxonomy":"post_tag","embeddable":true,"href":"https:\/\/www.europesays.com\/fr\/wp-json\/wp\/v2\/tags?post=357302"}],"curies":[{"name":"wp","href":"https:\/\/api.w.org\/{rel}","templated":true}]}}