{"id":357304,"date":"2025-09-01T00:27:09","date_gmt":"2025-09-01T00:27:09","guid":{"rendered":"https:\/\/www.europesays.com\/fr\/357304\/"},"modified":"2025-09-01T00:27:09","modified_gmt":"2025-09-01T00:27:09","slug":"la-fete-de-la-bastille-fait-son-grand-retour-le-5-septembre-au-fort-de-la-bastille","status":"publish","type":"post","link":"https:\/\/www.europesays.com\/fr\/357304\/","title":{"rendered":"la F\u00eate de la Bastille fait son grand retour le 5 septembre au Fort de la Bastille"},"content":{"rendered":"<p itemprop=\"description\"><strong>Apr\u00e8s une pause de cinq ans, la F\u00eate de la Bastille revient cette ann\u00e9e pour sa 16\u1d49 \u00e9dition, le vendredi 5 septembre 2025 au Fort de la Bastille.<\/strong><\/p>\n<p>Assur\u00e9ment un moment fort de la rentr\u00e9e pour les Grenoblois. \u00a0<\/p>\n<p><strong>Au programme :<\/strong><br \/>\u00a0 \u00a0 \u2022 \u00a0 \u00a0De 17h \u00e0 19h : mont\u00e9e au Fort via les fameuses bulles du t\u00e9l\u00e9ph\u00e9rique, au tarif r\u00e9duit de 5\u202f\u20ac l\u2019aller-retour, contre 9,60\u202f\u20ac habituellement.\u00a0<br \/>\u00a0 \u00a0 \u2022 \u00a0 \u00a0En parall\u00e8le, une s\u00e9rie d\u2019animations pour les familles seront propos\u00e9es sur la Place Tournadre (parvis de la Bastille), avec jeux et ateliers festifs.\u00a0<br \/>\u00a0 \u00a0 \u2022 \u00a0 \u00a0Concerts en plein air gratuits ensuite : de 18h30 \u00e0 20h, place \u00e0 DJ Culbuto, suivi de LMZG de 20h \u00e0 21h30, pour une soir\u00e9e festive et conviviale.\u00a0<\/p>\n<p>Une grande premi\u00e8re depuis l\u2019\u00e9dition de 2019, cet \u00e9v\u00e9nement embl\u00e9matique s\u2019installe au c\u0153ur de l\u2019un des sites les plus symboliques de Grenoble. Organis\u00e9e dans un esprit culturel et populaire, la f\u00eate promet une ambiance chaleureuse, musicale et m\u00e9morable, dans un cadre naturel d\u2019exception.<\/p>\n<p>Pour rappel, l&rsquo;\u00e9v\u00e8nement avait \u00e9t\u00e9 stopp\u00e9 \u00e0 cause de la crise sanitaire du Covid-19, et n&rsquo;avait ensuite jamais repris.<\/p>\n","protected":false},"excerpt":{"rendered":"Apr\u00e8s une pause de cinq ans, la F\u00eate de la Bastille revient cette ann\u00e9e pour sa 16\u1d49 \u00e9dition,&hellip;\n","protected":false},"author":2,"featured_media":357305,"comment_status":"","ping_status":"","sticky":false,"template":"","format":"standard","meta":{"footnotes":""},"categories":[9566],"tags":[1111,11,7733,8279,2430,7736,650,7734,2889,2263,1777,674,1011,27,2731,8280,6417,1114,108,4662,12,3725,1825,25,7737],"class_list":{"0":"post-357304","1":"post","2":"type-post","3":"status-publish","4":"format-standard","5":"has-post-thumbnail","7":"category-grenoble","8":"tag-actu","9":"tag-actualites","10":"tag-alpes","11":"tag-alpes1","12":"tag-auvergne-rhone-alpes","13":"tag-cds","14":"tag-cinema","15":"tag-ecoute","16":"tag-emission","17":"tag-equipe","18":"tag-eu","19":"tag-europe","20":"tag-fr","21":"tag-france","22":"tag-grenoble","23":"tag-haute","24":"tag-information","25":"tag-infos","26":"tag-isere","27":"tag-journal","28":"tag-news","29":"tag-podcast","30":"tag-radio","31":"tag-republique-francaise","32":"tag-winamp"},"share_on_mastodon":{"url":"https:\/\/pubeurope.com\/@fr\/115126209316749820","error":""},"_links":{"self":[{"href":"https:\/\/www.europesays.com\/fr\/wp-json\/wp\/v2\/posts\/357304","targetHints":{"allow":["GET"]}}],"collection":[{"href":"https:\/\/www.europesays.com\/fr\/wp-json\/wp\/v2\/posts"}],"about":[{"href":"https:\/\/www.europesays.com\/fr\/wp-json\/wp\/v2\/types\/post"}],"author":[{"embeddable":true,"href":"https:\/\/www.europesays.com\/fr\/wp-json\/wp\/v2\/users\/2"}],"replies":[{"embeddable":true,"href":"https:\/\/www.europesays.com\/fr\/wp-json\/wp\/v2\/comments?post=357304"}],"version-history":[{"count":0,"href":"https:\/\/www.europesays.com\/fr\/wp-json\/wp\/v2\/posts\/357304\/revisions"}],"wp:featuredmedia":[{"embeddable":true,"href":"https:\/\/www.europesays.com\/fr\/wp-json\/wp\/v2\/media\/357305"}],"wp:attachment":[{"href":"https:\/\/www.europesays.com\/fr\/wp-json\/wp\/v2\/media?parent=357304"}],"wp:term":[{"taxonomy":"category","embeddable":true,"href":"https:\/\/www.europesays.com\/fr\/wp-json\/wp\/v2\/categories?post=357304"},{"taxonomy":"post_tag","embeddable":true,"href":"https:\/\/www.europesays.com\/fr\/wp-json\/wp\/v2\/tags?post=357304"}],"curies":[{"name":"wp","href":"https:\/\/api.w.org\/{rel}","templated":true}]}}