{"id":357306,"date":"2025-09-01T00:29:11","date_gmt":"2025-09-01T00:29:11","guid":{"rendered":"https:\/\/www.europesays.com\/fr\/357306\/"},"modified":"2025-09-01T00:29:11","modified_gmt":"2025-09-01T00:29:11","slug":"previsions-du-lundi-1-septembre-2025-8","status":"publish","type":"post","link":"https:\/\/www.europesays.com\/fr\/357306\/","title":{"rendered":"pr\u00e9visions du lundi 1 septembre 2025"},"content":{"rendered":"<p>Il fera environ 18\u00b0C \u00e0 Rennes, aujourd&rsquo;hui. La ville profitera de quelques \u00e9claircies le matin. Il va faire 18\u00b0C en moyenne. La ville sera touch\u00e9e par un vent de sud-ouest de 20 km\/h. Il va y avoir des nuages avant que le soleil ne puisse faire son apparition durant l&rsquo;apr\u00e8s-midi. Du mauvais temps est \u00e0 pr\u00e9voir. Des pluies \u00e9parses vont tomber. En revanche, les temp\u00e9ratures vont monter de quelques degr\u00e9s. Les valeurs seront de 20\u00b0C au minimum et de 23\u00b0C au maximum. Le ciel va quelque peu se d\u00e9gager dans la soir\u00e9e avec des \u00e9claircies. Les temp\u00e9ratures seront de 15\u00b0C. On passera de lundi \u00e0 mardi par une nuit claire.<\/p>\n<p>Demain, les temp\u00e9ratures vont baisser de quelques degr\u00e9s \u00e0 Rennes. Les valeurs seront comprises entre 11 et 23\u00b0C. Un vent de sud-ouest est attendu : il soufflera \u00e0 21 km\/h. Le ciel sera assez lumineux, avec quelques \u00e9claircies le matin. On pr\u00e9voit des temp\u00e9ratures d&rsquo;environ 16\u00b0C. Demain apr\u00e8s-midi, le soleil risque d&rsquo;\u00eatre masqu\u00e9 par des nuages. Des averses tomberont. D&rsquo;un autre c\u00f4t\u00e9, les temp\u00e9ratures vont conna\u00eetre une augmentation de plusieurs degr\u00e9s. Les maximales atteindront les 23\u00b0C alors que les minimales seront de 21\u00b0C. Demain soir, toujours des nuages dans le ciel qui emp\u00eachent le soleil d&rsquo;appara\u00eetre. Il va pleuvoir.<\/p>\n<p>Les conditions m\u00e9t\u00e9orologiques des journ\u00e9es suivantes vont \u00e9voluer progressivement. Les conditions m\u00e9t\u00e9orologiques persisteront mercredi mais une am\u00e9lioration s&rsquo;ensuivra jeudi.<\/p>\n<p><\/p>\n","protected":false},"excerpt":{"rendered":"Il fera environ 18\u00b0C \u00e0 Rennes, aujourd&rsquo;hui. La ville profitera de quelques \u00e9claircies le matin. Il va faire&hellip;\n","protected":false},"author":2,"featured_media":357307,"comment_status":"","ping_status":"","sticky":false,"template":"","format":"standard","meta":{"footnotes":""},"categories":[2821],"tags":[1111,11,829,1777,674,1011,27,12,2119,584,25],"class_list":{"0":"post-357306","1":"post","2":"type-post","3":"status-publish","4":"format-standard","5":"has-post-thumbnail","7":"category-rennes","8":"tag-actu","9":"tag-actualites","10":"tag-bretagne","11":"tag-eu","12":"tag-europe","13":"tag-fr","14":"tag-france","15":"tag-news","16":"tag-previsions-meteo","17":"tag-rennes","18":"tag-republique-francaise"},"share_on_mastodon":{"url":"https:\/\/pubeurope.com\/@fr\/115126217233426897","error":""},"_links":{"self":[{"href":"https:\/\/www.europesays.com\/fr\/wp-json\/wp\/v2\/posts\/357306","targetHints":{"allow":["GET"]}}],"collection":[{"href":"https:\/\/www.europesays.com\/fr\/wp-json\/wp\/v2\/posts"}],"about":[{"href":"https:\/\/www.europesays.com\/fr\/wp-json\/wp\/v2\/types\/post"}],"author":[{"embeddable":true,"href":"https:\/\/www.europesays.com\/fr\/wp-json\/wp\/v2\/users\/2"}],"replies":[{"embeddable":true,"href":"https:\/\/www.europesays.com\/fr\/wp-json\/wp\/v2\/comments?post=357306"}],"version-history":[{"count":0,"href":"https:\/\/www.europesays.com\/fr\/wp-json\/wp\/v2\/posts\/357306\/revisions"}],"wp:featuredmedia":[{"embeddable":true,"href":"https:\/\/www.europesays.com\/fr\/wp-json\/wp\/v2\/media\/357307"}],"wp:attachment":[{"href":"https:\/\/www.europesays.com\/fr\/wp-json\/wp\/v2\/media?parent=357306"}],"wp:term":[{"taxonomy":"category","embeddable":true,"href":"https:\/\/www.europesays.com\/fr\/wp-json\/wp\/v2\/categories?post=357306"},{"taxonomy":"post_tag","embeddable":true,"href":"https:\/\/www.europesays.com\/fr\/wp-json\/wp\/v2\/tags?post=357306"}],"curies":[{"name":"wp","href":"https:\/\/api.w.org\/{rel}","templated":true}]}}