{"id":35731,"date":"2025-04-19T05:33:15","date_gmt":"2025-04-19T05:33:15","guid":{"rendered":"https:\/\/www.europesays.com\/fr\/35731\/"},"modified":"2025-04-19T05:33:15","modified_gmt":"2025-04-19T05:33:15","slug":"sept-suspects-interpelles-par-la-gendarmerie","status":"publish","type":"post","link":"https:\/\/www.europesays.com\/fr\/35731\/","title":{"rendered":"sept suspects interpell\u00e9s par la gendarmerie"},"content":{"rendered":"<p>Un r\u00e9seau de voleurs de v\u00e9hicules, particuli\u00e8rement actif dans le secteur de Lyon, vient d\u2019\u00eatre d\u00e9mantel\u00e9 par la gendarmerie, au terme d\u2019une enqu\u00eate conduite, sur commission rogatoire d\u2019un juge d\u2019instruction de Villefranche-sur-Sa\u00f4ne, par la Section de recherches de Lyon et le Groupement du Rh\u00f4ne.<\/p>\n<p>Les investigations ont permis d\u2019\u00e9tablir que cette \u00e9quipe de malfaiteurs, organis\u00e9e autour d\u2019un donneur d\u2019ordre, rep\u00e9rait les v\u00e9hicules cibl\u00e9s avant de les voler \u00e0 l\u2019aide de mat\u00e9riels sp\u00e9cifiques, permettant notamment d\u2019encoder des cl\u00e9s.<\/p>\n<p>Les v\u00e9hicules \u00e9taient ensuite achemin\u00e9s tr\u00e8s rapidement aux \u00ab\u00a0clients\u00a0\u00bb et parfois utilis\u00e9s pour commettre d\u2019autres d\u00e9lits ou crimes plus graves encore, comme des r\u00e8glements de compte, des s\u00e9questrations \u00e0 domicile ou bien des vols en bande organis\u00e9e.<\/p>\n<p>  Des v\u00e9hicules destin\u00e9s \u00e0 des malfaiteurs<\/p>\n<p>\u00c0 raison parfois de plusieurs v\u00e9hicules vol\u00e9s par nuit, plus d\u2019une trentaine de vols ont \u00e9t\u00e9 imput\u00e9s \u00e0 cette \u00e9quipe, dont les membres ont \u00e9t\u00e9 interpell\u00e9s lundi 14\u00a0avril lors d\u2019une vaste op\u00e9ration dans l\u2019agglom\u00e9ration lyonnaise. Pr\u00e8s de cent gendarmes, avec plusieurs forces d\u2019intervention et quatre \u00e9quipes cynophiles, ont ainsi interpell\u00e9 sept suspects, pour la plupart \u00e0 Lyon (8e). Les perquisitions de leurs domiciles ont permis de d\u00e9couvrir du mat\u00e9riel permettant l\u2019encodage de cl\u00e9s.<\/p>\n<p>Pr\u00e9sent\u00e9s devant le magistrat instructeur, les sept suspects ont \u00e9t\u00e9 mis en examens. Quatre d\u2019entre eux ont \u00e9t\u00e9 plac\u00e9s en d\u00e9tention provisoire et les trois autres sous contr\u00f4le judiciaire.<\/p>\n<p>Selon la gendarmerie, \u00ab\u00a0cette op\u00e9ration d\u2019envergure s\u2019inscrit dans la lutte globale et permanente engag\u00e9e contre ces r\u00e9seaux criminels, qui gangr\u00e8nent la vie locale et mettent en p\u00e9ril la tranquillit\u00e9 et la s\u00e9curit\u00e9 publique\u00a0\u00bb.<\/p>\n","protected":false},"excerpt":{"rendered":"Un r\u00e9seau de voleurs de v\u00e9hicules, particuli\u00e8rement actif dans le secteur de Lyon, vient d\u2019\u00eatre d\u00e9mantel\u00e9 par la&hellip;\n","protected":false},"author":2,"featured_media":35732,"comment_status":"","ping_status":"","sticky":false,"template":"","format":"standard","meta":{"footnotes":""},"categories":[1889],"tags":[1111,11,2430,271,272,2757,1777,674,274,107,1011,27,2428,2756,12,25,2429],"class_list":{"0":"post-35731","1":"post","2":"type-post","3":"status-publish","4":"format-standard","5":"has-post-thumbnail","7":"category-lyon","8":"tag-actu","9":"tag-actualites","10":"tag-auvergne-rhone-alpes","11":"tag-crime","12":"tag-delit-et-contravention","13":"tag-edition-lyon-villeurbanne","14":"tag-eu","15":"tag-europe","16":"tag-faits-divers-justice","17":"tag-fil-info","18":"tag-fr","19":"tag-france","20":"tag-lyon","21":"tag-lyon-bassin","22":"tag-news","23":"tag-republique-francaise","24":"tag-rhone"},"share_on_mastodon":{"url":"https:\/\/pubeurope.com\/@fr\/114363000633672485","error":""},"_links":{"self":[{"href":"https:\/\/www.europesays.com\/fr\/wp-json\/wp\/v2\/posts\/35731","targetHints":{"allow":["GET"]}}],"collection":[{"href":"https:\/\/www.europesays.com\/fr\/wp-json\/wp\/v2\/posts"}],"about":[{"href":"https:\/\/www.europesays.com\/fr\/wp-json\/wp\/v2\/types\/post"}],"author":[{"embeddable":true,"href":"https:\/\/www.europesays.com\/fr\/wp-json\/wp\/v2\/users\/2"}],"replies":[{"embeddable":true,"href":"https:\/\/www.europesays.com\/fr\/wp-json\/wp\/v2\/comments?post=35731"}],"version-history":[{"count":0,"href":"https:\/\/www.europesays.com\/fr\/wp-json\/wp\/v2\/posts\/35731\/revisions"}],"wp:featuredmedia":[{"embeddable":true,"href":"https:\/\/www.europesays.com\/fr\/wp-json\/wp\/v2\/media\/35732"}],"wp:attachment":[{"href":"https:\/\/www.europesays.com\/fr\/wp-json\/wp\/v2\/media?parent=35731"}],"wp:term":[{"taxonomy":"category","embeddable":true,"href":"https:\/\/www.europesays.com\/fr\/wp-json\/wp\/v2\/categories?post=35731"},{"taxonomy":"post_tag","embeddable":true,"href":"https:\/\/www.europesays.com\/fr\/wp-json\/wp\/v2\/tags?post=35731"}],"curies":[{"name":"wp","href":"https:\/\/api.w.org\/{rel}","templated":true}]}}