{"id":357317,"date":"2025-09-01T00:38:10","date_gmt":"2025-09-01T00:38:10","guid":{"rendered":"https:\/\/www.europesays.com\/fr\/357317\/"},"modified":"2025-09-01T00:38:10","modified_gmt":"2025-09-01T00:38:10","slug":"droneart-show-illumine-le-ciel-de-bordeaux-en-septembre","status":"publish","type":"post","link":"https:\/\/www.europesays.com\/fr\/357317\/","title":{"rendered":"DroneArt Show illumine le ciel de Bordeaux en septembre"},"content":{"rendered":"<p><strong>Les 5 et 6 septembre 2025<\/strong>, l\u2019<strong>hippodrome du Bouscat<\/strong> accueillera un spectacle in\u00e9dit m\u00ealant technologie et art\u00a0: le <strong>DroneArt Show<\/strong>. D\u00e9j\u00e0 pr\u00e9sent\u00e9 \u00e0 guichets ferm\u00e9s dans plusieurs villes du monde, cet \u00e9v\u00e9nement propose une mise en sc\u00e8ne o\u00f9 des centaines de drones lumineux s\u2019\u00e9l\u00e8vent dans le ciel nocturne pour former des fresques anim\u00e9es, accompagn\u00e9es en direct par un orchestre de musique classique.<\/p>\n<p>Pendant 65 minutes, le public d\u00e9couvrira un ballet a\u00e9rien transformant le ciel bordelais en v\u00e9ritable tableau vivant. \u00c9toiles, fleurs ou formes abstraites prendront vie gr\u00e2ce \u00e0 une chor\u00e9graphie millim\u00e9tr\u00e9e, synchronis\u00e9e sur des \u0153uvres musicales embl\u00e9matiques. Cette rencontre entre innovation technologique et tradition musicale ambitionne de r\u00e9inventer l\u2019exp\u00e9rience du concert en plein air.<\/p>\n<p>Le site ouvrira ses portes d\u00e8s 19 h afin de permettre aux spectateurs de s\u2019installer et de profiter du coucher du soleil avant le d\u00e9but du spectacle pr\u00e9vu \u00e0 21 h 30. L\u2019organisation recommande d\u2019arriver t\u00f4t, les entr\u00e9es n\u2019\u00e9tant plus possibles une fois le show lanc\u00e9. La restauration sera assur\u00e9e par plusieurs stands sur place, tandis que l\u2019apport de nourriture et de boisson ext\u00e9rieures sera interdit.<\/p>\n<p>Concernant l\u2019acc\u00e8s, le parking de l\u2019hippodrome sera r\u00e9serv\u00e9 aux personnes munies d\u2019un billet VIP et aux spectateurs en situation de handicap. Les organisateurs invitent donc \u00e0 privil\u00e9gier les transports en commun pour rejoindre le site.<\/p>\n<p>Ouvert \u00e0 tous les \u00e2ges, l\u2019\u00e9v\u00e9nement est gratuit pour les enfants de moins de trois ans et accessible aux personnes \u00e0 mobilit\u00e9 r\u00e9duite. Le placement s\u2019effectuera en gradins ou sur chaises selon la cat\u00e9gorie de billet choisie.<\/p>\n<p>Avec cette premi\u00e8re bordelaise, le DroneArt Show s\u2019inscrit dans la dynamique culturelle de la rentr\u00e9e et promet une exp\u00e9rience originale, entre po\u00e9sie visuelle et \u00e9motion musicale, sous les \u00e9toiles du Bouscat.<br class=\"manualbr\"\/>Billetterie\u00a0: <a href=\"https:\/\/feverup.com\/m\/387448?srsltid=AfmBOoo8_T_81hSIaLLtyT9ef-wjiGD0h504a5c9f5N_ZlQrsoP8BgFm\" class=\"spip_url spip_out auto\" rel=\"nofollow external noopener\" target=\"_blank\">https:\/\/feverup.com\/m\/387448?srsltid=AfmBOoo8_T_81hSIaLLtyT9ef-wjiGD0h504a5c9f5N_ZlQrsoP8BgFm<\/a><\/p>\n","protected":false},"excerpt":{"rendered":"Les 5 et 6 septembre 2025, l\u2019hippodrome du Bouscat accueillera un spectacle in\u00e9dit m\u00ealant technologie et art\u00a0: le&hellip;\n","protected":false},"author":2,"featured_media":357318,"comment_status":"","ping_status":"","sticky":false,"template":"","format":"standard","meta":{"footnotes":""},"categories":[2817],"tags":[1111,11,1997,1777,674,1011,27,12,2219,25],"class_list":{"0":"post-357317","1":"post","2":"type-post","3":"status-publish","4":"format-standard","5":"has-post-thumbnail","7":"category-bordeaux","8":"tag-actu","9":"tag-actualites","10":"tag-bordeaux","11":"tag-eu","12":"tag-europe","13":"tag-fr","14":"tag-france","15":"tag-news","16":"tag-nouvelle-aquitaine","17":"tag-republique-francaise"},"share_on_mastodon":{"url":"https:\/\/pubeurope.com\/@fr\/115126252998368947","error":""},"_links":{"self":[{"href":"https:\/\/www.europesays.com\/fr\/wp-json\/wp\/v2\/posts\/357317","targetHints":{"allow":["GET"]}}],"collection":[{"href":"https:\/\/www.europesays.com\/fr\/wp-json\/wp\/v2\/posts"}],"about":[{"href":"https:\/\/www.europesays.com\/fr\/wp-json\/wp\/v2\/types\/post"}],"author":[{"embeddable":true,"href":"https:\/\/www.europesays.com\/fr\/wp-json\/wp\/v2\/users\/2"}],"replies":[{"embeddable":true,"href":"https:\/\/www.europesays.com\/fr\/wp-json\/wp\/v2\/comments?post=357317"}],"version-history":[{"count":0,"href":"https:\/\/www.europesays.com\/fr\/wp-json\/wp\/v2\/posts\/357317\/revisions"}],"wp:featuredmedia":[{"embeddable":true,"href":"https:\/\/www.europesays.com\/fr\/wp-json\/wp\/v2\/media\/357318"}],"wp:attachment":[{"href":"https:\/\/www.europesays.com\/fr\/wp-json\/wp\/v2\/media?parent=357317"}],"wp:term":[{"taxonomy":"category","embeddable":true,"href":"https:\/\/www.europesays.com\/fr\/wp-json\/wp\/v2\/categories?post=357317"},{"taxonomy":"post_tag","embeddable":true,"href":"https:\/\/www.europesays.com\/fr\/wp-json\/wp\/v2\/tags?post=357317"}],"curies":[{"name":"wp","href":"https:\/\/api.w.org\/{rel}","templated":true}]}}