{"id":357319,"date":"2025-09-01T00:39:19","date_gmt":"2025-09-01T00:39:19","guid":{"rendered":"https:\/\/www.europesays.com\/fr\/357319\/"},"modified":"2025-09-01T00:39:19","modified_gmt":"2025-09-01T00:39:19","slug":"que-faire-a-bordeaux-cette-semaine-du-1er-septembre-2025","status":"publish","type":"post","link":"https:\/\/www.europesays.com\/fr\/357319\/","title":{"rendered":"Que faire \u00e0 Bordeaux cette semaine du 1er septembre 2025 ?"},"content":{"rendered":"\n<p><strong>\u00c7a sent la rentr\u00e9e \u00e0 plein nez\u2026 mais pas la peine de d\u00e9prim\u00e9, on vous a pr\u00e9par\u00e9 un agenda rempli d\u2019activit\u00e9s, de bons plans et d\u2019adresses sympas ! Alors \u00ab\u00a0que faire \u00e0 Bordeaux cette semaine ?\u00a0\u00bb, voici notre s\u00e9lection :<\/strong><\/p>\n<p> Lundi 1\u1d49\u02b3 septembre, pr\u00e8s de Libourne On a trouv\u00e9 une p\u00e9pite ! <img loading=\"lazy\" width=\"1024\" height=\"535\" alt=\"Terrasse du restaurant l'Atmosph\u00e8re \u00e0 Saint-Germain-du-Puch entre Bordeaux et Libourne\" style=\"width:787px;height:auto;\" title=\"Quoi faire \u00e0 Bordeaux cette semaine du 1\u1d49\u02b3 septembre ? 1\"  nitro-lazy- nitro-lazy-src=\"https:\/\/cdn-ilbobfj.nitrocdn.com\/LLQyioEDmPooSUeshdcABKPnDEWJyTwh\/assets\/images\/optimized\/rev-fefab80\/quoifaireabordeaux.com\/wp-content\/uploads\/2025\/08\/terrasse-restaurant-latmosphere-1024x535-787x.jpg\" class=\"wp-image-18811188 nitro-lazy\" decoding=\"async\" nitro-lazy-empty=\"\" id=\"NDUxOjEwMTc=-1\" src=\"data:image\/svg+xml;nitro-empty-id=NDUxOjEwMTc=-1;base64,PHN2ZyB2aWV3Qm94PSIwIDAgMTAyNCA1MzUiIHdpZHRoPSIxMDI0IiBoZWlnaHQ9IjUzNSIgeG1sbnM9Imh0dHA6Ly93d3cudzMub3JnLzIwMDAvc3ZnIj48L3N2Zz4=\"\/> <\/p>\n<p>Au c\u0153ur du vignoble bordelais, <strong>L\u2019Atmosph\u00e8re<\/strong> s\u00e9duit depuis 1989 avec sa cuisine g\u00e9n\u00e9reuse et son cadre chaleureux. Ici, la chemin\u00e9e ouverte n\u2019est pas qu\u2019un \u00e9l\u00e9ment d\u00e9coratif : elle donne aux <strong>grillades au feu de bois<\/strong> leur go\u00fbt unique. Entre la fameuse <strong>demoiselle de canard<\/strong>, les <strong>c\u00f4tes de b\u0153uf \u00e0 partager<\/strong>, les <strong>pizzas maison<\/strong> ou encore les <strong>desserts gourmands<\/strong>, chaque assiette refl\u00e8te l\u2019amour du terroir et l\u2019envie de rassembler. C\u2019est l\u2019adresse parfaite pour un d\u00eener convivial, une grande tabl\u00e9e ou m\u00eame un \u00e9v\u00e9nement privatis\u00e9.<\/p>\n<p><strong>Adresse :<\/strong> 1 route de Libourne, 33750 Saint-Germain-du-Puch<br \/><strong>Horaires :<\/strong> Tous les jours, de 12h \u00e0 15h et de 19h30 \u00e0 22h30<br \/><strong>R\u00e9servation :<\/strong> +33 5 57 24 52 34<\/p>\n<p>Plus d\u2019infos <strong><a href=\"https:\/\/quoifaireabordeaux.com\/restaurant-latmosphere-saint-germain-puch\/\" target=\"_blank\" rel=\"noreferrer noopener nofollow\">ICI<\/a><\/strong><\/p>\n<p>Contenu sponsoris\u00e9.<\/p>\n<p> Lundi 1\u1d49\u02b3 septembre dans le Sud-Gironde \u00c0 partir d\u2019aujourd\u2019hui, les bus dans plus de 100 communes seront gratuits ! <\/p>\n<p>D\u00e8s la rentr\u00e9e 2025, le Sud-Gironde change la donne en mati\u00e8re de mobilit\u00e9. <strong>Bus gratuits<\/strong>, liaisons r\u00e9guli\u00e8res, service \u00e0 la demande et dessertes express vers les gares : tout est pens\u00e9 pour simplifier le quotidien. Fini les contraintes de budget ou de stationnement, place \u00e0 une nouvelle habitude de d\u00e9placement, plus fluide et plus pratique, que l\u2019on soit <strong>lyc\u00e9en, salari\u00e9 ou habitant<\/strong> des 105 communes concern\u00e9es.<\/p>\n<p><strong>Adresse \/ Infos cl\u00e9s :<\/strong><br \/>Territoire : Communaut\u00e9s de communes du Sud-Gironde, Convergence Garonne et R\u00e9olais en Sud-Gironde<br \/>Horaires : lignes r\u00e9guli\u00e8res de <strong>6 h 30 \u00e0 19 h 30<\/strong> (semaine) \/ <strong>9 h 30 \u00e0 18 h 30<\/strong> (samedi)<br \/>Transport \u00e0 la demande : du lundi au vendredi, <strong>8 h 30 \u2013 12 h 30<\/strong> et <strong>13 h 30 \u2013 17 h 30<\/strong><br \/>R\u00e9servation TAD : via le site, l\u2019application ou au <strong>05 33 14 01 50<\/strong><br \/>Tarif : <strong>100 % gratuit<\/strong> (hors transport d\u2019utilit\u00e9 sociale)<\/p>\n<p>Plus d\u2019infos <strong><a href=\"https:\/\/quoifaireabordeaux.com\/bus-gratuits-en-gironde-rentree\/\" target=\"_blank\" rel=\"noreferrer noopener nofollow\">ICI<\/a><\/strong><\/p>\n<p> Mardi 2 septembre au Bouscat Un NOUVEAU bar \u00e0 chat vient d\u2019ouvrir <\/p>\n<blockquote class=\"instagram-media\" data-instgrm-permalink=\"https:\/\/www.instagram.com\/reel\/DN5JONlWFQ2\/?utm_source=ig_embed&amp;utm_campaign=loading\" data-instgrm-version=\"14\" style=\"background:#fff;border:0;border-radius:3px;box-shadow:0 0 1px 0 rgba(0,0,0,.5),0 1px 10px 0 rgba(0,0,0,.15);margin:1px;max-width:540px;min-width:326px;padding:0;width:99.375%;width:-webkit-calc(100% - 2px);width:calc(100% - 2px);\"><\/blockquote>\n<p>Un caf\u00e9-cr\u00eaperie pas comme les autres s\u2019est install\u00e9 au <strong>Bouscat<\/strong> : ici, les cr\u00eapes dor\u00e9es et les boissons chaudes se d\u00e9gustent en bonne compagnie\u2026 f\u00e9line. Les chats se prom\u00e8nent librement, viennent parfois chercher une caresse ou choisissent de s\u2019installer sur vos genoux pendant que vous savourez une <strong>galette gourmande<\/strong> ou un <strong>chocolat chaud r\u00e9confortant<\/strong>. Un lieu chaleureux o\u00f9 l\u2019on oublie le temps, entre <strong>convivialit\u00e9<\/strong>, <strong>douceur<\/strong> et ronronnements.<\/p>\n<p><strong>Adresse :<\/strong> Chat roule \u2013 401 boulevard du Pr\u00e9sident Wilson, 33110 Le Bouscat<br \/><strong>T\u00e9l\u00e9phone :<\/strong> 07 61 70 52 52<br \/><strong>Horaires :<\/strong> du mardi au samedi, de 11h \u00e0 18h<\/p>\n<p>Plus d\u2019infos <strong><a href=\"https:\/\/quoifaireabordeaux.com\/chat-roule-bar-a-chat-au-bouscat\/\" target=\"_blank\" rel=\"noreferrer noopener nofollow\">ICI<\/a><\/strong><\/p>\n<p> Mardi 2 septembre \u00e0 M\u00e9rignac Un nouveau magasin de mobilier et d\u00e9co vient d\u2019ouvrir\u2026 et les prix sont vraiment canons ! <img loading=\"lazy\" width=\"700\" height=\"525\" alt=\"D\u00e9coration d'int\u00e9rieur Sweeek\" title=\"Quoi faire \u00e0 Bordeaux cette semaine du 1\u1d49\u02b3 septembre ? 2\"  nitro-lazy- nitro-lazy-src=\"https:\/\/cdn-ilbobfj.nitrocdn.com\/LLQyioEDmPooSUeshdcABKPnDEWJyTwh\/assets\/images\/optimized\/rev-fefab80\/quoifaireabordeaux.com\/wp-content\/uploads\/2025\/08\/decoration-sweeek.jpeg\" class=\"wp-image-18811483 nitro-lazy\" decoding=\"async\" nitro-lazy-empty=\"\" id=\"NTYwOjU1Mw==-1\" src=\"data:image\/svg+xml;nitro-empty-id=NTYwOjU1Mw==-1;base64,PHN2ZyB2aWV3Qm94PSIwIDAgNzAwIDUyNSIgd2lkdGg9IjcwMCIgaGVpZ2h0PSI1MjUiIHhtbG5zPSJodHRwOi8vd3d3LnczLm9yZy8yMDAwL3N2ZyI+PC9zdmc+\"\/> <\/p>\n<p>Une nouvelle adresse d\u00e9co vient d\u2019ouvrir ses portes \u00e0 M\u00e9rignac, et pas des moindres. Avec son showroom spacieux et son ambiance soign\u00e9e, <strong>Sweeek Bordeaux M\u00e9rignac<\/strong> propose de transformer aussi bien votre int\u00e9rieur que votre jardin. Du <strong>mobilier design<\/strong> aux <strong>objets de d\u00e9coration tendance<\/strong>, en passant par les <strong>salons de jardin<\/strong>, <strong>barbecues<\/strong> et <strong>tables de salle \u00e0 manger<\/strong>, tout est pens\u00e9 pour cr\u00e9er un lieu de vie agr\u00e9able sans exploser son budget.<\/p>\n<p><strong>Sweeek Bordeaux M\u00e9rignac \u2013 8 Rue Euclide, Bat 3, 33700 M\u00e9rignac<\/strong><\/p>\n<p>Plus d\u2019infos <strong><a href=\"https:\/\/quoifaireabordeaux.com\/sweeek-bordeaux-merignac\/\" target=\"_blank\" rel=\"noreferrer noopener nofollow\">ICI<\/a><\/strong><\/p>\n<p>Contenu sponsoris\u00e9.<\/p>\n<p> Mercredi 3 septembre \u00e0 Villenave d\u2019Ornon Grand d\u00e9stockage au Comptoir des Quartiers <img loading=\"lazy\" width=\"1024\" height=\"535\" alt=\"D\u00e9stockage \u00e0 Villenave d'ornon au Comptoir des Quartiers\" style=\"width:749px;height:auto;\" title=\"Quoi faire \u00e0 Bordeaux cette semaine du 1\u1d49\u02b3 septembre ? 3\"  nitro-lazy- nitro-lazy-src=\"https:\/\/cdn-ilbobfj.nitrocdn.com\/LLQyioEDmPooSUeshdcABKPnDEWJyTwh\/assets\/images\/optimized\/rev-fefab80\/quoifaireabordeaux.com\/wp-content\/uploads\/2025\/07\/destockage-comptoir-des-quartiers-1024x535-749x.jpeg\" class=\"wp-image-18810414 nitro-lazy\" decoding=\"async\" nitro-lazy-empty=\"\" id=\"NTg4OjEwMjA=-1\" src=\"data:image\/svg+xml;nitro-empty-id=NTg4OjEwMjA=-1;base64,PHN2ZyB2aWV3Qm94PSIwIDAgMTAyNCA1MzUiIHdpZHRoPSIxMDI0IiBoZWlnaHQ9IjUzNSIgeG1sbnM9Imh0dHA6Ly93d3cudzMub3JnLzIwMDAvc3ZnIj48L3N2Zz4=\"\/> <\/p>\n<p>Ce d\u00e9stockage \u00e0 Villenave d\u2019Ornon n\u2019a rien d\u2019une braderie classique : ici, chaque \u00e9dition r\u00e9serve son lot de surprises. On y d\u00e9niche des <strong>v\u00eatements de marques neuves<\/strong>, des <strong>accessoires tendance<\/strong>, des <strong>bijoux styl\u00e9s<\/strong> et m\u00eame des <strong>sandales parfaites pour l\u2019\u00e9t\u00e9<\/strong>. Avec des prix allant de 5 \u20ac \u00e0 50 \u20ac et des r\u00e9ductions jusqu\u2019\u00e0 -70 %, c\u2019est le plan shopping id\u00e9al pour refaire sa garde-robe sans exploser son budget. Et comme les collections changent \u00e0 chaque \u00e9dition, impossible de repartir bredouille.<\/p>\n<p><strong>Adresse<\/strong> : Le Comptoir des Quartiers \u2013 1 rue Marc Gauthier, PORTE N\u00b012 \u2013 33140 Villenave d\u2019Ornon<\/p>\n<p>Plus d\u2019infos <strong><a href=\"https:\/\/quoifaireabordeaux.com\/destockage-a-villenave-dornon\/\" target=\"_blank\" rel=\"noreferrer noopener nofollow\">ICI<\/a><\/strong><\/p>\n<p>Contenu sponsoris\u00e9.<\/p>\n<p> Mercredi 3 septembre \u00e0 Audenge Immortalisez ce moment lors d\u2019une s\u00e9ance photo gratuite <img loading=\"lazy\" width=\"642\" height=\"1024\" alt=\"Que faire \u00e0 Bordeaux cette semaine ? Une s\u00e9ance photo \" title=\"Quoi faire \u00e0 Bordeaux cette semaine du 1\u1d49\u02b3 septembre ? 4\"  nitro-lazy- nitro-lazy-src=\"https:\/\/cdn-ilbobfj.nitrocdn.com\/LLQyioEDmPooSUeshdcABKPnDEWJyTwh\/assets\/images\/optimized\/rev-fefab80\/quoifaireabordeaux.com\/wp-content\/uploads\/2025\/08\/seance-photo-audenge-642x1024.jpg\" class=\"wp-image-18811650 nitro-lazy\" decoding=\"async\" nitro-lazy-empty=\"\" id=\"NjE2OjY5Mw==-1\" src=\"data:image\/svg+xml;nitro-empty-id=NjE2OjY5Mw==-1;base64,PHN2ZyB2aWV3Qm94PSIwIDAgNjQyIDEwMjQiIHdpZHRoPSI2NDIiIGhlaWdodD0iMTAyNCIgeG1sbnM9Imh0dHA6Ly93d3cudzMub3JnLzIwMDAvc3ZnIj48L3N2Zz4=\"\/> <\/p>\n<p>Une parenth\u00e8se joyeuse attend vos enfants avec la <strong>Mini S\u00e9ance Photo Enfant<\/strong>. En cinq minutes seulement, leur sourire et leur \u00e9nergie sont saisis dans un d\u00e9cor unique. Pour septembre, cap sur l\u2019univers de la <strong>montgolfi\u00e8re<\/strong>, un th\u00e8me plein de couleurs et de l\u00e9g\u00e8ret\u00e9. En prime, la s\u00e9ance est <strong>offerte pour les moins de 10 ans<\/strong>, avec un <strong>tirage photo 10\u00d715 cm<\/strong> inclus.<\/p>\n<p><strong>12 rue John Maynard Keynes \u2013 La Teste-de-Buch<\/strong><\/p>\n<p><strong>R\u00e9servations : <\/strong>06 18 38 32 10<\/p>\n<p> Jeudi 4 septembre aux Rives d\u2019Arcins Le centre commercial Rives d\u2019Arcins vous offre 10 000\u20ac de cadeaux pour leurs 30 ans ! <img loading=\"lazy\" width=\"1024\" height=\"535\" alt=\"\u00c9v\u00e9nement au centre commercial Rives d'Arcins de B\u00e8gles\" style=\"width:748px;height:auto;\" title=\"Quoi faire \u00e0 Bordeaux cette semaine du 1\u1d49\u02b3 septembre ? 5\"  nitro-lazy- nitro-lazy-src=\"https:\/\/cdn-ilbobfj.nitrocdn.com\/LLQyioEDmPooSUeshdcABKPnDEWJyTwh\/assets\/images\/optimized\/rev-fefab80\/quoifaireabordeaux.com\/wp-content\/uploads\/2025\/08\/centre-commercial-rives-darcins-1024x535-748x.jpg\" class=\"wp-image-18811492 nitro-lazy\" decoding=\"async\" nitro-lazy-empty=\"\" id=\"NjQwOjEwMDI=-1\" src=\"data:image\/svg+xml;nitro-empty-id=NjQwOjEwMDI=-1;base64,PHN2ZyB2aWV3Qm94PSIwIDAgMTAyNCA1MzUiIHdpZHRoPSIxMDI0IiBoZWlnaHQ9IjUzNSIgeG1sbnM9Imh0dHA6Ly93d3cudzMub3JnLzIwMDAvc3ZnIj48L3N2Zz4=\"\/> <\/p>\n<p>Trente ans, \u00e7a ne passe pas inaper\u00e7u aux Rives d\u2019Arcins. Le centre commercial souffle ses bougies avec une \u00e9dition sp\u00e9ciale des <strong>Pri%vil\u00e8ges<\/strong>. Au programme : des <strong>r\u00e9ductions exclusives<\/strong>, une ambiance <strong>festive<\/strong> qui transforme le shopping en sortie, et surtout un <strong>grand jeu anniversaire<\/strong> avec des cadeaux qui font r\u00eaver, dont un an de shopping offert.<\/p>\n<p><strong>Adresse :<\/strong> Centre commercial Rives d\u2019Arcins \u2013 10 Rue des Fr\u00e8res Lumi\u00e8re, 33130 B\u00e8gles<\/p>\n<p>Plus d\u2019infos <strong><a href=\"https:\/\/quoifaireabordeaux.com\/anniv-centre-commercial-rives-darcins\/\" target=\"_blank\" rel=\"noreferrer noopener nofollow\">ICI<\/a><\/strong><\/p>\n<p> Jeudi 4 septembre, quartier Saint-Jean Les Sc\u00e8nes Ouvertes reprennent \u00e0 l\u2019Atelier des Citernes <\/p>\n<p>C\u2019est reparti pour les soir\u00e9es musicales \u00e0 l\u2019Atelier des Citernes ! Chaque jeudi, la sc\u00e8ne se transforme en terrain de jeu pour les musiciens. <strong>Guitares<\/strong>, <strong>clavier<\/strong>, <strong>batterie<\/strong> et <strong>basse<\/strong> sont disponibles pour laisser place \u00e0 l\u2019impro, aux reprises et aux d\u00e9couvertes.<\/p>\n<p>Gare Saint-Jean \u2013 45 rue de la Compagnie du Midi, Rue des \u00c9choppes, Parking Metpark, 33800 Bordeaux<\/p>\n<p>Plus d\u2019infos <strong><a href=\"https:\/\/www.facebook.com\/events\/1409272336829396\/?acontext=%7B%22event_action_history%22%3A[%7B%22surface%22%3A%22external_search_engine%22%7D%2C%7B%22mechanism%22%3A%22discovery_custom_tab%22%2C%22surface%22%3A%22bookmark%22%7D]%2C%22ref_notif_type%22%3Anull%7D\" target=\"_blank\" rel=\"noreferrer noopener nofollow\">ICI<\/a><\/strong><\/p>\n<p> Vendredi 5 septembre \u00e0 Bruges KIA organise une soir\u00e9e pour d\u00e9couvrir<strong> <\/strong>la nouvelle Kia EV4 <img loading=\"lazy\" width=\"700\" height=\"394\" alt=\"kia ev4 gmb avant premiere bruges\" title=\"Quoi faire \u00e0 Bordeaux cette semaine du 1\u1d49\u02b3 septembre ? 6\"  nitro-lazy- nitro-lazy-src=\"https:\/\/cdn-ilbobfj.nitrocdn.com\/LLQyioEDmPooSUeshdcABKPnDEWJyTwh\/assets\/images\/optimized\/rev-fefab80\/quoifaireabordeaux.com\/wp-content\/uploads\/2025\/08\/kia-ev4-gmb-avant-premiere-bruges.jpg\" class=\"wp-image-18811642 nitro-lazy\" decoding=\"async\" nitro-lazy-empty=\"\" id=\"Njg0OjcxMA==-1\" src=\"data:image\/svg+xml;nitro-empty-id=Njg0OjcxMA==-1;base64,PHN2ZyB2aWV3Qm94PSIwIDAgNzAwIDM5NCIgd2lkdGg9IjcwMCIgaGVpZ2h0PSIzOTQiIHhtbG5zPSJodHRwOi8vd3d3LnczLm9yZy8yMDAwL3N2ZyI+PC9zdmc+\"\/> <\/p>\n<p>edenauto Kia Bruges ouvre ses portes pour une soir\u00e9e in\u00e9dite de 19h \u00e0 22h : la r\u00e9v\u00e9lation en avant-premi\u00e8re de la <strong>nouvelle Kia EV4<\/strong>. Ce <strong>SUV 100% \u00e9lectrique<\/strong> s\u00e9duit par son <strong>design audacieux<\/strong>, sa <strong>technologie de pointe<\/strong> et son <strong>plaisir de conduite<\/strong>. Entre cocktail d\u00eenatoire, DJ set et animations, c\u2019est l\u2019occasion parfaite pour d\u00e9couvrir un mod\u00e8le qui incarne \u00e0 la fois <strong>innovation<\/strong> et <strong>mobilit\u00e9 durable<\/strong>.<\/p>\n<p><strong>Adresse :<\/strong> edenauto Kia Bruges \u2013 469 Route du M\u00e9doc, 33520 Bruges<\/p>\n<p><strong>Inscriptions <a href=\"https:\/\/www.kiaEV4-roadshow.fr?source=concession_fr333\" target=\"_blank\" rel=\"noreferrer noopener nofollow\">ICI<\/a><\/strong><\/p>\n<p>Contenu sponsoris\u00e9.<\/p>\n<p> Vendredi 5 septembre \u00e0 Caud\u00e9ran La F\u00eate de l\u2019Escargot est de retour ! <img loading=\"lazy\" width=\"1024\" height=\"535\" alt=\"La F\u00eate de l'escargot \u00e0 Caud\u00e9ran 2025\" style=\"width:761px;height:auto;\" title=\"Quoi faire \u00e0 Bordeaux cette semaine du 1\u1d49\u02b3 septembre ? 7\"  nitro-lazy- nitro-lazy-src=\"https:\/\/cdn-ilbobfj.nitrocdn.com\/LLQyioEDmPooSUeshdcABKPnDEWJyTwh\/assets\/images\/optimized\/rev-fefab80\/quoifaireabordeaux.com\/wp-content\/uploads\/2025\/08\/fete-de-lescargot-cauderan-1024x535-761x.jpg\" class=\"wp-image-18810683 nitro-lazy\" decoding=\"async\" nitro-lazy-empty=\"\" id=\"NzEyOjk1NA==-1\" src=\"data:image\/svg+xml;nitro-empty-id=NzEyOjk1NA==-1;base64,PHN2ZyB2aWV3Qm94PSIwIDAgMTAyNCA1MzUiIHdpZHRoPSIxMDI0IiBoZWlnaHQ9IjUzNSIgeG1sbnM9Imh0dHA6Ly93d3cudzMub3JnLzIwMDAvc3ZnIj48L3N2Zz4=\"\/>\u00a9 Horizon Caud\u00e9ran <\/p>\n<p>La f\u00eate de l\u2019escargot \u00e0 Caud\u00e9ran, c\u2019est un concentr\u00e9 de <strong>convivialit\u00e9<\/strong>, de <strong>bonne cuisine<\/strong> et de <strong>musique en plein air<\/strong>. Chaque ann\u00e9e, la place Eug\u00e8ne Gauthier se transforme en village anim\u00e9, o\u00f9 l\u2019on d\u00e9guste les fameux escargots farcis, on trinque aux buvettes et on profite des concerts jusqu\u2019\u00e0 la tomb\u00e9e de la nuit. Une soir\u00e9e o\u00f9 l\u2019ambiance de quartier se m\u00eale aux parfums de cuisine, entre <strong>stands gourmands<\/strong>, <strong>man\u00e8ges pour enfants<\/strong> et terrasses bond\u00e9es.<\/p>\n<p><strong>Adresse<\/strong> : Place Eug\u00e8ne Gauthier, 33200 Bordeaux (Caud\u00e9ran)<\/p>\n<p>Plus d\u2019infos sur le programme <strong><a href=\"https:\/\/quoifaireabordeaux.com\/fete-de-lescargot-a-cauderan\/\" target=\"_blank\" rel=\"noreferrer noopener nofollow\">ICI<\/a><\/strong><\/p>\n<p> <script async src=\"\/\/www.instagram.com\/embed.js\"><\/script><\/p>\n","protected":false},"excerpt":{"rendered":"\u00c7a sent la rentr\u00e9e \u00e0 plein nez\u2026 mais pas la peine de d\u00e9prim\u00e9, on vous a pr\u00e9par\u00e9 un&hellip;\n","protected":false},"author":2,"featured_media":334038,"comment_status":"","ping_status":"","sticky":false,"template":"","format":"standard","meta":{"footnotes":""},"categories":[2817],"tags":[1111,11,1997,1777,674,1011,27,12,2219,25],"class_list":{"0":"post-357319","1":"post","2":"type-post","3":"status-publish","4":"format-standard","5":"has-post-thumbnail","7":"category-bordeaux","8":"tag-actu","9":"tag-actualites","10":"tag-bordeaux","11":"tag-eu","12":"tag-europe","13":"tag-fr","14":"tag-france","15":"tag-news","16":"tag-nouvelle-aquitaine","17":"tag-republique-francaise"},"share_on_mastodon":{"url":"https:\/\/pubeurope.com\/@fr\/115126256565265184","error":""},"_links":{"self":[{"href":"https:\/\/www.europesays.com\/fr\/wp-json\/wp\/v2\/posts\/357319","targetHints":{"allow":["GET"]}}],"collection":[{"href":"https:\/\/www.europesays.com\/fr\/wp-json\/wp\/v2\/posts"}],"about":[{"href":"https:\/\/www.europesays.com\/fr\/wp-json\/wp\/v2\/types\/post"}],"author":[{"embeddable":true,"href":"https:\/\/www.europesays.com\/fr\/wp-json\/wp\/v2\/users\/2"}],"replies":[{"embeddable":true,"href":"https:\/\/www.europesays.com\/fr\/wp-json\/wp\/v2\/comments?post=357319"}],"version-history":[{"count":0,"href":"https:\/\/www.europesays.com\/fr\/wp-json\/wp\/v2\/posts\/357319\/revisions"}],"wp:featuredmedia":[{"embeddable":true,"href":"https:\/\/www.europesays.com\/fr\/wp-json\/wp\/v2\/media\/334038"}],"wp:attachment":[{"href":"https:\/\/www.europesays.com\/fr\/wp-json\/wp\/v2\/media?parent=357319"}],"wp:term":[{"taxonomy":"category","embeddable":true,"href":"https:\/\/www.europesays.com\/fr\/wp-json\/wp\/v2\/categories?post=357319"},{"taxonomy":"post_tag","embeddable":true,"href":"https:\/\/www.europesays.com\/fr\/wp-json\/wp\/v2\/tags?post=357319"}],"curies":[{"name":"wp","href":"https:\/\/api.w.org\/{rel}","templated":true}]}}