{"id":357327,"date":"2025-09-01T00:45:12","date_gmt":"2025-09-01T00:45:12","guid":{"rendered":"https:\/\/www.europesays.com\/fr\/357327\/"},"modified":"2025-09-01T00:45:12","modified_gmt":"2025-09-01T00:45:12","slug":"marseille-rentree-scolaire-2025-2026-nouvelles-infrastructures","status":"publish","type":"post","link":"https:\/\/www.europesays.com\/fr\/357327\/","title":{"rendered":"MARSEILLE : Rentr\u00e9e scolaire 2025-2026 &#8211; Nouvelles infrastructures"},"content":{"rendered":"<p style=\"text-align: left;\"><strong>C\u2019est la rentr\u00e9e : 2 200 \u20ac d\u2019\u00e9conomie toute l\u2019ann\u00e9e pour nos lyc\u00e9ens et leurs familles !<\/strong><\/p>\n<p style=\"text-align: left;\">La R\u00e9gion Sud s\u2019engage \u00e0 accompagner nos jeunes dans chaque \u00e9tape de leur vie quotidienne. Aide \u00e0 l\u2019orientation, prestations de sant\u00e9 offertes avec le Pass Sant\u00e9 Jeunes, transports \u00e0 moindre co\u00fbt avec le Pass Zou \u00c9tudes, repas \u00e9quilibr\u00e9s \u00e0 la cantine, tablettes num\u00e9riques gratuites, lutte contre la drogue et le harc\u00e8lement scolaire, r\u00e9novation et s\u00e9curisation des lyc\u00e9es : nous mettons tout en place pour faciliter la vie de nos jeunes et de leurs parents.<\/p>\n<p style=\"text-align: left;\">Tr\u00e8s belle rentr\u00e9e \u00e0 nos 200 000 lyc\u00e9ens, \u00e0 leurs professeurs, proviseurs et aux agents r\u00e9gionaux des lyc\u00e9es !<\/p>\n<p style=\"text-align: left;\"><strong>Renaud MUSELIER<\/strong><\/p>\n<p style=\"text-align: left;\"><strong>Pr\u00e9sident de la R\u00e9gion Provence-Alpes-C\u00f4te d\u2019Azur<\/strong><\/p>\n<p style=\"text-align: left;\"><strong>Pr\u00e9sident d\u00e9l\u00e9gu\u00e9 de R\u00e9gions de France<\/strong><\/p>\n<p style=\"text-align: left;\"><strong>DES LYC\u00c9ES MODERNES ET DURABLES<\/strong><\/p>\n<p style=\"text-align: left;\">La R\u00e9gion Sud investit massivement pour transformer ses 174 lyc\u00e9es en \u00e9tablissements du XXIe si\u00e8cle : modernes, connect\u00e9s, respectueux de l\u2019environnement et adapt\u00e9s aux d\u00e9fi s climatiques, pour assurer les meilleures conditions d\u2019apprentissage des lyc\u00e9ens. En 2025, la R\u00e9gion consacre un budget de 356,8 millions d\u2019\u20ac \u00e0 la construction, la r\u00e9novation, l\u2019\u00e9quipement et la modernisation des \u00e9tablissements, avec une priorit\u00e9 donn\u00e9e \u00e0 la performance \u00e9nerg\u00e9tique, \u00e0 l\u2019adaptation au changement climatique et \u00e0 la transition num\u00e9rique.<\/p>\n<p style=\"text-align: left;\"><strong>Nouvelles infrastructures<\/strong> : cr\u00e9ation ou r\u00e9novation de salles de classe, am\u00e9nagement d\u2019espaces collaboratifs num\u00e9riques, construction et modernisation de gymnases et d\u2019\u00e9quipements sportifs.<\/p>\n","protected":false},"excerpt":{"rendered":"C\u2019est la rentr\u00e9e : 2 200 \u20ac d\u2019\u00e9conomie toute l\u2019ann\u00e9e pour nos lyc\u00e9ens et leurs familles ! La&hellip;\n","protected":false},"author":2,"featured_media":357328,"comment_status":"","ping_status":"","sticky":false,"template":"","format":"standard","meta":{"footnotes":""},"categories":[2814],"tags":[1111,11,1777,674,1011,27,884,12,882,25],"class_list":{"0":"post-357327","1":"post","2":"type-post","3":"status-publish","4":"format-standard","5":"has-post-thumbnail","7":"category-marseille","8":"tag-actu","9":"tag-actualites","10":"tag-eu","11":"tag-europe","12":"tag-fr","13":"tag-france","14":"tag-marseille","15":"tag-news","16":"tag-provence-alpes-cote-dazur","17":"tag-republique-francaise"},"share_on_mastodon":{"url":"https:\/\/pubeurope.com\/@fr\/115126280140394361","error":""},"_links":{"self":[{"href":"https:\/\/www.europesays.com\/fr\/wp-json\/wp\/v2\/posts\/357327","targetHints":{"allow":["GET"]}}],"collection":[{"href":"https:\/\/www.europesays.com\/fr\/wp-json\/wp\/v2\/posts"}],"about":[{"href":"https:\/\/www.europesays.com\/fr\/wp-json\/wp\/v2\/types\/post"}],"author":[{"embeddable":true,"href":"https:\/\/www.europesays.com\/fr\/wp-json\/wp\/v2\/users\/2"}],"replies":[{"embeddable":true,"href":"https:\/\/www.europesays.com\/fr\/wp-json\/wp\/v2\/comments?post=357327"}],"version-history":[{"count":0,"href":"https:\/\/www.europesays.com\/fr\/wp-json\/wp\/v2\/posts\/357327\/revisions"}],"wp:featuredmedia":[{"embeddable":true,"href":"https:\/\/www.europesays.com\/fr\/wp-json\/wp\/v2\/media\/357328"}],"wp:attachment":[{"href":"https:\/\/www.europesays.com\/fr\/wp-json\/wp\/v2\/media?parent=357327"}],"wp:term":[{"taxonomy":"category","embeddable":true,"href":"https:\/\/www.europesays.com\/fr\/wp-json\/wp\/v2\/categories?post=357327"},{"taxonomy":"post_tag","embeddable":true,"href":"https:\/\/www.europesays.com\/fr\/wp-json\/wp\/v2\/tags?post=357327"}],"curies":[{"name":"wp","href":"https:\/\/api.w.org\/{rel}","templated":true}]}}