{"id":357336,"date":"2025-09-01T00:52:12","date_gmt":"2025-09-01T00:52:12","guid":{"rendered":"https:\/\/www.europesays.com\/fr\/357336\/"},"modified":"2025-09-01T00:52:12","modified_gmt":"2025-09-01T00:52:12","slug":"croix-gammees-mort-aux-juifs-de-nouvelles-inscriptions-antisemites-decouvertes-pres-de-lyon","status":"publish","type":"post","link":"https:\/\/www.europesays.com\/fr\/357336\/","title":{"rendered":"Croix gamm\u00e9es, \u00ab Mort aux Juifs \u00bb&#8230; De nouvelles inscriptions antis\u00e9mites d\u00e9couvertes pr\u00e8s de Lyon"},"content":{"rendered":"<p class=\"paragraph text_align_left lp-f-body-02\">Nouvelles d\u00e9gradations antis\u00e9mites dans le <a href=\"https:\/\/www.leparisien.fr\/rhone-69\/\" target=\"_self\" rel=\"nofollow noopener\">Rh\u00f4ne<\/a>. Une st\u00e8le en m\u00e9moire au d\u00e9funt Premier ministre isra\u00e9lien Yitzhak Rabin a \u00e9t\u00e9 couverte de croix gamm\u00e9es et un monument aux Juifs et r\u00e9sistants fusill\u00e9s par les nazis tagu\u00e9 d\u2019inscriptions hostiles aux Juifs dans la banlieue de Lyon, a d\u00e9plor\u00e9 dimanche la pr\u00e9fecture du Rh\u00f4ne.<\/p>\n<p class=\"paragraph text_align_left lp-f-body-02\">Ces nouvelles profanations surviennent au lendemain d\u2019une inscription <a href=\"https:\/\/www.leparisien.fr\/faits-divers\/un-acte-intolerable-un-tag-free-gaza-decouvert-sur-un-memorial-de-la-shoah-a-lyon-30-08-2025-EOPROVBRE5ARDLM2FWFTBHFKRE.php\" target=\"_self\" rel=\"nofollow noopener\">\u00ab Free Gaza \u00bb grav\u00e9e sur un m\u00e9morial d\u00e9di\u00e9 \u00e0 la Shoah \u00e0 Lyon<\/a>. \u00ab La R\u00e9publique ne tol\u00e9rera jamais <a href=\"https:\/\/www.leparisien.fr\/societe\/antisemitisme-646-actes-recenses-en-france-de-janvier-a-juin-25-08-2025-LDJVJ5GR3JA5LERYFDOSFBAYBA.php\" target=\"_self\" rel=\"nofollow noopener\">l\u2019antis\u00e9mitisme<\/a> \u00bb, s\u2019est insurg\u00e9e la pr\u00e9f\u00e8te du Rh\u00f4ne Fabienne Buccio dans un communiqu\u00e9, assurant que \u00ab l\u2019\u00c9tat est pleinement mobilis\u00e9 pour la s\u00e9curit\u00e9 de la communaut\u00e9 juive \u00bb.<\/p>\n<p class=\"paragraph text_align_left lp-f-body-02\">Aussi bien le tag samedi sur le m\u00e9morial \u00e0 la Shoah que les \u00ab nouvelles inscriptions antis\u00e9mites (\u2026) \u00e0 Bron (\u2026) font l\u2019objet d\u2019une enqu\u00eate \u00bb, a-t-elle ajout\u00e9.<\/p>\n<p>\u00ab Mort aux Juifs \u00bb<\/p>\n<p class=\"paragraph text_align_left lp-f-body-02\">Sur une photo fournie par la pr\u00e9fecture, on voit une st\u00e8le pr\u00e9sentant un arbre plant\u00e9 en m\u00e9moire de Yitzhak Rabin \u00e0 Bron, dans la banlieue de Lyon, compl\u00e8tement recouvert de rayures et de croix gamm\u00e9es trac\u00e9es au feutre.<\/p>\n<p class=\"lp-card-podcast-highlighting__title  lp-f-subtitle-05\">[4\/4] C\u00e9cile Vallin, les secrets d\u2019une disparition<\/p>\n<p class=\"lp-card-podcast-highlighting__description lp-f-ui-05\">Crime story raconte chaque semaine les grandes affaires criminelles.<\/p>\n<p><a class=\"lp-card-podcast-highlighting__call-to-action\" data-page-type=\"HP\" data-block-name=\"podcast-highlight\">\u00c9couter<\/a><\/p>\n<p class=\"paragraph text_align_left lp-f-body-02\">Yitzhak Rabin a \u00e9t\u00e9 assassin\u00e9 en 1995 par un extr\u00e9miste isra\u00e9lien qui lui reprochait d\u2019avoir sign\u00e9 les accords de paix d\u2019Oslo (1993-1995) entre Isra\u00ebl et l\u2019Organisation de Lib\u00e9ration de la Palestine (OLP) de Yasser Arafat.<\/p>\n<p class=\"paragraph text_align_left lp-f-body-02\">Sur une autre photo, on voit \u00ab Mort aux Juifs \u00bb et \u00ab Mort \u00e0 Isra\u00ebl \u00bb \u00e9galement \u00e9crits au feutre \u00e0 Bron sur un Monument aux morts de Montluc, d\u00e9di\u00e9 aux 109 d\u00e9tenus de la prison de Montluc de Lyon, dont 72 Juifs, ex\u00e9cut\u00e9s par les nazis entre le 17 et le 21 ao\u00fbt 1944.<\/p>\n<p>Progression de l\u2019antis\u00e9mitisme depuis 2023<\/p>\n<p class=\"paragraph text_align_left lp-f-body-02\">\u00ab Comme si le militantisme propalestinien pouvait justifier la haine des Juifs \u00bb, \u00e9crit aussi Fabienne Buccio \u00e0 propos de l\u2019inscription \u00ab Free Gaza \u00bb la veille sur un m\u00e9morial \u00e0 la Shoah en plein centre de Lyon.<\/p>\n<p class=\"paragraph text_align_left lp-f-body-02\">Les actes antis\u00e9mites ont connu <a href=\"https:\/\/www.leparisien.fr\/societe\/le-nombre-dactes-antisemites-devrait-etre-proche-de-ceux-de-2023-selon-aurore-berge-05-01-2025-JKOONSURORESRKKELRPXTXYS74.php\" target=\"_self\" rel=\"nofollow noopener\">une nette progression<\/a> en France apr\u00e8s le <a href=\"https:\/\/www.leparisien.fr\/international\/israel\/mon-recit-parle-a-tous-500-jours-apres-le-7-octobre-israel-se-soigne-grace-aux-mots-des-survivants-16-02-2025-S7H3THTD7ZE7VC62F5YKHUAUG4.php\" target=\"_self\" rel=\"nofollow noopener\">7 octobre 2023<\/a>, date des attaques sans pr\u00e9c\u00e9dent du mouvement islamiste palestinien Hamas contre Isra\u00ebl et du d\u00e9clenchement de la guerre \u00e0 Gaza avec la riposte isra\u00e9lienne.<\/p>\n<p class=\"paragraph text_align_left lp-f-body-02\">Sur les six premiers mois de l\u2019ann\u00e9e 2025, 646 actes antis\u00e9mites ont \u00e9t\u00e9 recens\u00e9s dans le pays, selon le minist\u00e8re de l\u2019Int\u00e9rieur. Soit une diminution de 27,5 % comparativement au premier semestre de 2024, mais un bond de 112,5 % par rapport \u00e0 la m\u00eame p\u00e9riode de 2023.<\/p>\n","protected":false},"excerpt":{"rendered":"Nouvelles d\u00e9gradations antis\u00e9mites dans le Rh\u00f4ne. Une st\u00e8le en m\u00e9moire au d\u00e9funt Premier ministre isra\u00e9lien Yitzhak Rabin a&hellip;\n","protected":false},"author":2,"featured_media":357337,"comment_status":"","ping_status":"","sticky":false,"template":"","format":"standard","meta":{"footnotes":""},"categories":[1888],"tags":[1111,1928,11,1927,459,1777,674,118,1011,27,12,1926,626,1925,25],"class_list":{"0":"post-357336","1":"post","2":"type-post","3":"status-publish","4":"format-standard","5":"has-post-thumbnail","7":"category-paris","8":"tag-actu","9":"tag-actu-paris","10":"tag-actualites","11":"tag-actualites-paris","12":"tag-departements-horsidfo","13":"tag-eu","14":"tag-europe","15":"tag-faits-divers","16":"tag-fr","17":"tag-france","18":"tag-news","19":"tag-news-paris","20":"tag-paris","21":"tag-paris-news","22":"tag-republique-francaise"},"share_on_mastodon":{"url":"https:\/\/pubeurope.com\/@fr\/115126307652037607","error":""},"_links":{"self":[{"href":"https:\/\/www.europesays.com\/fr\/wp-json\/wp\/v2\/posts\/357336","targetHints":{"allow":["GET"]}}],"collection":[{"href":"https:\/\/www.europesays.com\/fr\/wp-json\/wp\/v2\/posts"}],"about":[{"href":"https:\/\/www.europesays.com\/fr\/wp-json\/wp\/v2\/types\/post"}],"author":[{"embeddable":true,"href":"https:\/\/www.europesays.com\/fr\/wp-json\/wp\/v2\/users\/2"}],"replies":[{"embeddable":true,"href":"https:\/\/www.europesays.com\/fr\/wp-json\/wp\/v2\/comments?post=357336"}],"version-history":[{"count":0,"href":"https:\/\/www.europesays.com\/fr\/wp-json\/wp\/v2\/posts\/357336\/revisions"}],"wp:featuredmedia":[{"embeddable":true,"href":"https:\/\/www.europesays.com\/fr\/wp-json\/wp\/v2\/media\/357337"}],"wp:attachment":[{"href":"https:\/\/www.europesays.com\/fr\/wp-json\/wp\/v2\/media?parent=357336"}],"wp:term":[{"taxonomy":"category","embeddable":true,"href":"https:\/\/www.europesays.com\/fr\/wp-json\/wp\/v2\/categories?post=357336"},{"taxonomy":"post_tag","embeddable":true,"href":"https:\/\/www.europesays.com\/fr\/wp-json\/wp\/v2\/tags?post=357336"}],"curies":[{"name":"wp","href":"https:\/\/api.w.org\/{rel}","templated":true}]}}