{"id":357338,"date":"2025-09-01T00:53:11","date_gmt":"2025-09-01T00:53:11","guid":{"rendered":"https:\/\/www.europesays.com\/fr\/357338\/"},"modified":"2025-09-01T00:53:11","modified_gmt":"2025-09-01T00:53:11","slug":"deux-hommes-arretes-a-paris-avec-10-millions-deuros-de-bijoux-caches-dans-un-slip-2","status":"publish","type":"post","link":"https:\/\/www.europesays.com\/fr\/357338\/","title":{"rendered":"Deux hommes arr\u00eat\u00e9s \u00e0 Paris avec 10 millions d&rsquo;euros de bijoux, cach\u00e9s dans un slip"},"content":{"rendered":"<p class=\"mb-4 text-lg md:leading-8 break-words\">Deux hommes ont \u00e9t\u00e9 interpell\u00e9s, samedi 30 ao\u00fbt, \u00e0 Paris en possession de nombreux bijoux de luxe estim\u00e9s \u00e0 un montant total de pr\u00e8s de 10 millions d&rsquo;euros, a indiqu\u00e9 dimanche le parquet, confirmant une <a href=\"https:\/\/www.leparisien.fr\/faits-divers\/paris-interpelle-avec-10-millions-deuros-de-bijoux-dans-son-slip-31-08-2025-42ULCQILEBBQFLJGCPRPK7ADOE.php\" rel=\"nofollow noopener\" target=\"_blank\" data-ylk=\"slk:information du Parisien;elm:context_link;itc:0;sec:content-canvas\" class=\"link \">information du Parisien<\/a>, selon qui le butin a \u00e9t\u00e9 d\u00e9couvert dans le slip de l&rsquo;un d&rsquo;eux.<\/p>\n<p class=\"mb-4 text-lg md:leading-8 break-words\">Le parquet de Paris a expliqu\u00e9 avoir saisi la brigade de r\u00e9pression du banditisme (BRB) d&rsquo;une enqu\u00eate pour recel de vol en bande organis\u00e9e.<\/p>\n<p class=\"mb-4 text-lg md:leading-8 break-words\">Les deux hommes, dont l&rsquo;un est mineur, sont d&rsquo;origine tunisienne et ont \u00e9t\u00e9 interpell\u00e9s gare de Lyon, dans le 12e arrondissement de Paris, a pr\u00e9cis\u00e9 le parquet.<\/p>\n<p>D\u00e9favorablement connus de la police<\/p>\n<p class=\"mb-4 text-lg md:leading-8 break-words\">Selon Le Parisien, les enqu\u00eateurs ont d\u00e9couvert une montre Rolex, un collier estim\u00e9 \u00e0 5 millions d&rsquo;euros, des boucles d&rsquo;oreilles \u00e9valu\u00e9es \u00e0 deux millions d&rsquo;euros ou encore une bague estim\u00e9e \u00e0 un million d&rsquo;euros, dans une chaussette cach\u00e9e dans le slip de l&rsquo;un d&rsquo;eux.<\/p>\n<p class=\"mb-4 text-lg md:leading-8 break-words\">Outre les bijoux, les deux hommes \u00e9taient en possession d&rsquo;une disqueuse, selon le parquet.<\/p>\n<p class=\"mb-4 text-lg md:leading-8 break-words\">Celle-ci se trouvait dans leur valise, d&rsquo;apr\u00e8s Le Parisien, qui pr\u00e9cise que les deux hommes, d\u00e9favorablement connus des services de police, ont \u00e9t\u00e9 contr\u00f4l\u00e9s samedi matin par des policiers lors d&rsquo;un contr\u00f4le de routine alors qu&rsquo;ils arrivaient de Lyon en TGV.<\/p>\n<p class=\"mb-4 text-lg md:leading-8 break-words\"><a href=\"https:\/\/www.bfmtv.com\/police-justice\/deux-hommes-arretes-a-paris-avec-10-millions-d-euros-de-bijoux-caches-dans-un-slip_AD-202508310364.html#xtor=AL-68\" rel=\"nofollow noopener\" target=\"_blank\" data-ylk=\"slk:Article original publi\u00e9 sur BFMTV.com;elm:context_link;itc:0;sec:content-canvas\" class=\"link \">Article original publi\u00e9 sur BFMTV.com<\/a><\/p>\n","protected":false},"excerpt":{"rendered":"Deux hommes ont \u00e9t\u00e9 interpell\u00e9s, samedi 30 ao\u00fbt, \u00e0 Paris en possession de nombreux bijoux de luxe estim\u00e9s&hellip;\n","protected":false},"author":2,"featured_media":357339,"comment_status":"","ping_status":"","sticky":false,"template":"","format":"standard","meta":{"footnotes":""},"categories":[1888],"tags":[36708,1111,1928,11,1927,15668,1777,674,1011,27,5553,18375,4657,12,1926,626,1925,25],"class_list":{"0":"post-357338","1":"post","2":"type-post","3":"status-publish","4":"format-standard","5":"has-post-thumbnail","7":"category-paris","8":"tag-12e-arrondissement-de-paris","9":"tag-actu","10":"tag-actu-paris","11":"tag-actualites","12":"tag-actualites-paris","13":"tag-brigade-de-repression","14":"tag-eu","15":"tag-europe","16":"tag-fr","17":"tag-france","18":"tag-le-parisien","19":"tag-les-deux-hommes","20":"tag-millions","21":"tag-news","22":"tag-news-paris","23":"tag-paris","24":"tag-paris-news","25":"tag-republique-francaise"},"share_on_mastodon":{"url":"https:\/\/pubeurope.com\/@fr\/115126311567344128","error":""},"_links":{"self":[{"href":"https:\/\/www.europesays.com\/fr\/wp-json\/wp\/v2\/posts\/357338","targetHints":{"allow":["GET"]}}],"collection":[{"href":"https:\/\/www.europesays.com\/fr\/wp-json\/wp\/v2\/posts"}],"about":[{"href":"https:\/\/www.europesays.com\/fr\/wp-json\/wp\/v2\/types\/post"}],"author":[{"embeddable":true,"href":"https:\/\/www.europesays.com\/fr\/wp-json\/wp\/v2\/users\/2"}],"replies":[{"embeddable":true,"href":"https:\/\/www.europesays.com\/fr\/wp-json\/wp\/v2\/comments?post=357338"}],"version-history":[{"count":0,"href":"https:\/\/www.europesays.com\/fr\/wp-json\/wp\/v2\/posts\/357338\/revisions"}],"wp:featuredmedia":[{"embeddable":true,"href":"https:\/\/www.europesays.com\/fr\/wp-json\/wp\/v2\/media\/357339"}],"wp:attachment":[{"href":"https:\/\/www.europesays.com\/fr\/wp-json\/wp\/v2\/media?parent=357338"}],"wp:term":[{"taxonomy":"category","embeddable":true,"href":"https:\/\/www.europesays.com\/fr\/wp-json\/wp\/v2\/categories?post=357338"},{"taxonomy":"post_tag","embeddable":true,"href":"https:\/\/www.europesays.com\/fr\/wp-json\/wp\/v2\/tags?post=357338"}],"curies":[{"name":"wp","href":"https:\/\/api.w.org\/{rel}","templated":true}]}}