{"id":357340,"date":"2025-09-01T00:54:24","date_gmt":"2025-09-01T00:54:24","guid":{"rendered":"https:\/\/www.europesays.com\/fr\/357340\/"},"modified":"2025-09-01T00:54:24","modified_gmt":"2025-09-01T00:54:24","slug":"gerald-cest-le-bon-profil-darmanin-et-lombre-de-matignon","status":"publish","type":"post","link":"https:\/\/www.europesays.com\/fr\/357340\/","title":{"rendered":"\u00ab\u00a0G\u00e9rald, c\u2019est le bon profil\u00a0\u00bb\u00a0: Darmanin et l\u2019ombre de Matignon"},"content":{"rendered":"<p class=\"paragraph text_align_left lp-f-body-02\">Il y avait un \u00e9l\u00e9phant au milieu du jardin botanique de Tourcoing (<a href=\"https:\/\/www.leparisien.fr\/nord-59\/\" target=\"_self\" rel=\"nofollow noopener\">Nord<\/a>), o\u00f9 <a href=\"https:\/\/www.leparisien.fr\/politique\/gerald-darmanin\/\" target=\"_blank\" rel=\"noreferrer nofollow noopener\">G\u00e9rald Darmanin<\/a> effectuait sa rentr\u00e9e politique ce dimanche. Non pas la pr\u00e9sidentielle de 2027, comme attendu. Mais le remplacement de <a href=\"https:\/\/www.leparisien.fr\/politique\/francois-bayrou\/\" target=\"_self\" rel=\"nofollow noopener\">Fran\u00e7ois Bayrou<\/a> \u00e0 Matignon. L\u2019h\u00f4te du jour a beau plaider \u00ab la stabilit\u00e9 \u00bb, \u00ab le non-changement \u00bb, jurer qu\u2019il n\u2019est pas candidat au fauteuil \u2014 il fera, dit-il, \u00ab la m\u00eame r\u00e9ponse \u00bb qu\u2019on le lui demande \u00ab en chinois m\u00e9di\u00e9val ou en chtimi \u00bb \u2014 la question \u00e9tait dans toutes les t\u00eates.<\/p>\n<p class=\"paragraph text_align_left lp-f-body-02\">Car \u00e9lus ou ministres pr\u00e9sents le confessent en piochant dans leur cornet de frites \u00e0 l\u2019heure du d\u00e9jeuner : nul ne croit plus que le Premier ministre parviendra \u00e0 sauver sa t\u00eate <a href=\"https:\/\/www.leparisien.fr\/politique\/olivier-faure-sur-le-vote-de-confiance-notre-decision-est-irrevocable-bayrou-doit-dire-au-revoir-31-08-2025-KGK2JWQH6NFKNEY2F73WRPIEVY.php\" target=\"_self\" rel=\"nofollow noopener\">lundi 8 septembre<\/a>. Nul n\u2019ignore, non plus, qu\u2019avec <a href=\"https:\/\/www.leparisien.fr\/politique\/sebastien-lecornu-il-ny-a-pas-de-censure-gratuite-30-08-2025-3U6QKZKMVZANNAUE5Z6HE2DGHY.php\" target=\"_blank\" rel=\"noreferrer nofollow noopener\">S\u00e9bastien Lecornu<\/a> (Arm\u00e9es) ou Catherine Vautrin (Travail, Sant\u00e9), le nom du garde des Sceaux revient dans la liste des hypoth\u00e8ses.<\/p>\n","protected":false},"excerpt":{"rendered":"Il y avait un \u00e9l\u00e9phant au milieu du jardin botanique de Tourcoing (Nord), o\u00f9 G\u00e9rald Darmanin effectuait sa&hellip;\n","protected":false},"author":2,"featured_media":357341,"comment_status":"","ping_status":"","sticky":false,"template":"","format":"standard","meta":{"footnotes":""},"categories":[1888],"tags":[11,459,1777,674,1011,27,12,626,316,25],"class_list":{"0":"post-357340","1":"post","2":"type-post","3":"status-publish","4":"format-standard","5":"has-post-thumbnail","7":"category-paris","8":"tag-actualites","9":"tag-departements-horsidfo","10":"tag-eu","11":"tag-europe","12":"tag-fr","13":"tag-france","14":"tag-news","15":"tag-paris","16":"tag-politique","17":"tag-republique-francaise"},"share_on_mastodon":{"url":"https:\/\/pubeurope.com\/@fr\/115126315658969301","error":""},"_links":{"self":[{"href":"https:\/\/www.europesays.com\/fr\/wp-json\/wp\/v2\/posts\/357340","targetHints":{"allow":["GET"]}}],"collection":[{"href":"https:\/\/www.europesays.com\/fr\/wp-json\/wp\/v2\/posts"}],"about":[{"href":"https:\/\/www.europesays.com\/fr\/wp-json\/wp\/v2\/types\/post"}],"author":[{"embeddable":true,"href":"https:\/\/www.europesays.com\/fr\/wp-json\/wp\/v2\/users\/2"}],"replies":[{"embeddable":true,"href":"https:\/\/www.europesays.com\/fr\/wp-json\/wp\/v2\/comments?post=357340"}],"version-history":[{"count":0,"href":"https:\/\/www.europesays.com\/fr\/wp-json\/wp\/v2\/posts\/357340\/revisions"}],"wp:featuredmedia":[{"embeddable":true,"href":"https:\/\/www.europesays.com\/fr\/wp-json\/wp\/v2\/media\/357341"}],"wp:attachment":[{"href":"https:\/\/www.europesays.com\/fr\/wp-json\/wp\/v2\/media?parent=357340"}],"wp:term":[{"taxonomy":"category","embeddable":true,"href":"https:\/\/www.europesays.com\/fr\/wp-json\/wp\/v2\/categories?post=357340"},{"taxonomy":"post_tag","embeddable":true,"href":"https:\/\/www.europesays.com\/fr\/wp-json\/wp\/v2\/tags?post=357340"}],"curies":[{"name":"wp","href":"https:\/\/api.w.org\/{rel}","templated":true}]}}