{"id":357342,"date":"2025-09-01T00:55:09","date_gmt":"2025-09-01T00:55:09","guid":{"rendered":"https:\/\/www.europesays.com\/fr\/357342\/"},"modified":"2025-09-01T00:55:09","modified_gmt":"2025-09-01T00:55:09","slug":"sephoria-confirme-son-retour-a-paris-le-10-et-11-octobre-2025","status":"publish","type":"post","link":"https:\/\/www.europesays.com\/fr\/357342\/","title":{"rendered":"SEPHORiA confirme son retour \u00e0 Paris le 10 et 11 octobre 2025"},"content":{"rendered":"<p>Le r\u00e9seau de distribution beaut\u00e9 du groupe LVMH installera le mois prochain son concept \u00e9v\u00e9nementiel dans la capitale. Entre avant-premi\u00e8res exclusives, ateliers et masterclasses, l&rsquo;enseigne promet une \u00e9dition 2025 encore plus ambitieuse.<\/p>\n<p>Un rendez-vous annuel pour la communaut\u00e9 beaut\u00e9<\/p>\n<p>\u00ab\u00a0Une aventure encore plus immersive, exclusive et pleine de surprises\u00a0\u00bb. Apr\u00e8s avoir annonc\u00e9 d\u00e9but mai le retour prochain de\u00a0<strong>SEPHORiA<\/strong> \u00e0 Paris, Sephora confirme la tenue de son \u00e9v\u00e8nement\u00a0<strong>le 10 et le 11 octobre<\/strong>\u00a0<strong>2025<\/strong> avec des cr\u00e9neaux sp\u00e9cifiques selon les profils (grand public ou membres Gold du programme de fid\u00e9lit\u00e9).<\/p>\n<p>Ces dates parisiennes marqueront la seconde \u00e9tape d&rsquo;une tourn\u00e9e qui d\u00e9butera dans quelques jours \u00e0 Shanghai. Il s&rsquo;agira du reste de la troisi\u00e8me \u00e9dition de SEPHORiA \u00e0 Paris depuis 2023, soit cinq ans apr\u00e8s le lancement du concept aux Etats-Unis.<\/p>\n<p>Exp\u00e9riences exclusives et avant-premi\u00e8res<\/p>\n<p>Pour cette version 2025, SEPHORiA renoue avec\u00a0la <strong>Maison de la Mutualit\u00e9<\/strong>\u00a0qui avait d\u00e9j\u00e0 accueilli l&rsquo;\u00e9v\u00e8nement l&rsquo;ann\u00e9e derni\u00e8re.<\/p>\n<p>Le parcours sera structur\u00e9 autour de <strong>cinq univers th\u00e9matiques<\/strong>\u00a0et pr\u00e9sentera notamment un espace consacr\u00e9 \u00e0 la K-Beauty. Au programme de cette \u00e9dition qui rassemblera 45 marques partenaires (maquillage, parfumerie, soins de la peau, produits capillaires\u2026), des consultations personnalis\u00e9es, s\u00e9ances de maquillage, ou encore des tutoriels et des masterclasses. Les visiteurs pourront \u00e9galement d\u00e9couvrir en avant-premi\u00e8re quelques unes des marques qui rejoindront prochainement l&rsquo;offre de Sephora France, comme Aestura et Glowery.<\/p>\n<p>SEPHORiA entend illustrer la<strong> strat\u00e9gie glocale<\/strong> de Sephora puisque chaque \u00e9tape de la tourn\u00e9e se veut unique dans sa programmation, avec des activations sp\u00e9cifiques. D&rsquo;autres destinations europ\u00e9ennes seront prochainement annonc\u00e9es pour 2026, confirmant la volont\u00e9 de l\u2019enseigne d&rsquo;imposer l&rsquo;\u00e9v\u00e9nement comme un rendez-vous mondial de la beaut\u00e9.<\/p>\n<p>\u00c0 Paris, SEPHORiA avait attir\u00e9 plus de 4000 visiteurs l&rsquo;ann\u00e9e derni\u00e8re.<\/p>\n<p><strong>SEPHORiA Paris 2025<\/strong><br \/>Les 10 et 11 octobre 2025<br \/>24 rue Saint Victor, 75005 Paris<br \/>D\u00e9tails et inscriptions <a href=\"https:\/\/www.sephora.fr\/sephoria.html\" target=\"_blank\" rel=\"noopener\">sur la page d\u00e9di\u00e9e<\/a><\/p>\n","protected":false},"excerpt":{"rendered":"Le r\u00e9seau de distribution beaut\u00e9 du groupe LVMH installera le mois prochain son concept \u00e9v\u00e9nementiel dans la capitale.&hellip;\n","protected":false},"author":2,"featured_media":357343,"comment_status":"","ping_status":"","sticky":false,"template":"","format":"standard","meta":{"footnotes":""},"categories":[1888],"tags":[11,2424,1777,674,1011,27,12,626,25,15030],"class_list":{"0":"post-357342","1":"post","2":"type-post","3":"status-publish","4":"format-standard","5":"has-post-thumbnail","7":"category-paris","8":"tag-actualites","9":"tag-beaute","10":"tag-eu","11":"tag-europe","12":"tag-fr","13":"tag-france","14":"tag-news","15":"tag-paris","16":"tag-republique-francaise","17":"tag-sephora"},"share_on_mastodon":{"url":"https:\/\/pubeurope.com\/@fr\/115126319516529622","error":""},"_links":{"self":[{"href":"https:\/\/www.europesays.com\/fr\/wp-json\/wp\/v2\/posts\/357342","targetHints":{"allow":["GET"]}}],"collection":[{"href":"https:\/\/www.europesays.com\/fr\/wp-json\/wp\/v2\/posts"}],"about":[{"href":"https:\/\/www.europesays.com\/fr\/wp-json\/wp\/v2\/types\/post"}],"author":[{"embeddable":true,"href":"https:\/\/www.europesays.com\/fr\/wp-json\/wp\/v2\/users\/2"}],"replies":[{"embeddable":true,"href":"https:\/\/www.europesays.com\/fr\/wp-json\/wp\/v2\/comments?post=357342"}],"version-history":[{"count":0,"href":"https:\/\/www.europesays.com\/fr\/wp-json\/wp\/v2\/posts\/357342\/revisions"}],"wp:featuredmedia":[{"embeddable":true,"href":"https:\/\/www.europesays.com\/fr\/wp-json\/wp\/v2\/media\/357343"}],"wp:attachment":[{"href":"https:\/\/www.europesays.com\/fr\/wp-json\/wp\/v2\/media?parent=357342"}],"wp:term":[{"taxonomy":"category","embeddable":true,"href":"https:\/\/www.europesays.com\/fr\/wp-json\/wp\/v2\/categories?post=357342"},{"taxonomy":"post_tag","embeddable":true,"href":"https:\/\/www.europesays.com\/fr\/wp-json\/wp\/v2\/tags?post=357342"}],"curies":[{"name":"wp","href":"https:\/\/api.w.org\/{rel}","templated":true}]}}