{"id":357352,"date":"2025-09-01T01:00:17","date_gmt":"2025-09-01T01:00:17","guid":{"rendered":"https:\/\/www.europesays.com\/fr\/357352\/"},"modified":"2025-09-01T01:00:17","modified_gmt":"2025-09-01T01:00:17","slug":"allemagne-des-dizaines-de-blesses-lors-dune-manifestation-anti-guerre-a-cologne","status":"publish","type":"post","link":"https:\/\/www.europesays.com\/fr\/357352\/","title":{"rendered":"Allemagne\u00a0: des dizaines de bless\u00e9s lors d\u2019une manifestation anti-guerre \u00e0 Cologne"},"content":{"rendered":"<p>Les policiers ont admis avoir utilis\u00e9 la force physique, notamment des matraques et du gaz poivr\u00e9, contre les participants \u00e0 la manifestation. Les organisateurs ont d\u00e9clar\u00e9 dimanche que des dizaines de personnes avaient \u00e9t\u00e9 bless\u00e9es par la police. La police a quant \u00e0 elle indiqu\u00e9 que 13 agents avaient \u00e9t\u00e9 bless\u00e9s et que quatre d\u2019entre eux ne pouvaient plus assurer leurs fonctions en raison des violences. Quelque 3000 personnes ont particip\u00e9 \u00e0 cette manifestation dans la ville de l\u2019ouest de l\u2019Allemagne. La police a d\u00e9clar\u00e9 avoir mis fin \u00e0 la manifestation anti-guerre de samedi apr\u00e8s des attaques contre des agents et le constat de violations r\u00e9p\u00e9t\u00e9es des lois sur les rassemblements. Un groupe de personnes \u00e0 l\u2019origine des violences a \u00e9t\u00e9 arr\u00eat\u00e9, a ajout\u00e9 la police.<\/p>\n","protected":false},"excerpt":{"rendered":"Les policiers ont admis avoir utilis\u00e9 la force physique, notamment des matraques et du gaz poivr\u00e9, contre les&hellip;\n","protected":false},"author":2,"featured_media":357353,"comment_status":"","ping_status":"","sticky":false,"template":"","format":"standard","meta":{"footnotes":""},"categories":[1587],"tags":[11,672,1804,1805,1803,1777,674,1801,12,1802],"class_list":{"0":"post-357352","1":"post","2":"type-post","3":"status-publish","4":"format-standard","5":"has-post-thumbnail","7":"category-allemagne","8":"tag-actualites","9":"tag-allemagne","10":"tag-bundesrepublik-deutschland","11":"tag-de","12":"tag-deutschland","13":"tag-eu","14":"tag-europe","15":"tag-germany","16":"tag-news","17":"tag-republique-federale-dallemagne"},"share_on_mastodon":{"url":"https:\/\/pubeurope.com\/@fr\/115126338982298757","error":""},"_links":{"self":[{"href":"https:\/\/www.europesays.com\/fr\/wp-json\/wp\/v2\/posts\/357352","targetHints":{"allow":["GET"]}}],"collection":[{"href":"https:\/\/www.europesays.com\/fr\/wp-json\/wp\/v2\/posts"}],"about":[{"href":"https:\/\/www.europesays.com\/fr\/wp-json\/wp\/v2\/types\/post"}],"author":[{"embeddable":true,"href":"https:\/\/www.europesays.com\/fr\/wp-json\/wp\/v2\/users\/2"}],"replies":[{"embeddable":true,"href":"https:\/\/www.europesays.com\/fr\/wp-json\/wp\/v2\/comments?post=357352"}],"version-history":[{"count":0,"href":"https:\/\/www.europesays.com\/fr\/wp-json\/wp\/v2\/posts\/357352\/revisions"}],"wp:featuredmedia":[{"embeddable":true,"href":"https:\/\/www.europesays.com\/fr\/wp-json\/wp\/v2\/media\/357353"}],"wp:attachment":[{"href":"https:\/\/www.europesays.com\/fr\/wp-json\/wp\/v2\/media?parent=357352"}],"wp:term":[{"taxonomy":"category","embeddable":true,"href":"https:\/\/www.europesays.com\/fr\/wp-json\/wp\/v2\/categories?post=357352"},{"taxonomy":"post_tag","embeddable":true,"href":"https:\/\/www.europesays.com\/fr\/wp-json\/wp\/v2\/tags?post=357352"}],"curies":[{"name":"wp","href":"https:\/\/api.w.org\/{rel}","templated":true}]}}