{"id":357354,"date":"2025-09-01T01:01:22","date_gmt":"2025-09-01T01:01:22","guid":{"rendered":"https:\/\/www.europesays.com\/fr\/357354\/"},"modified":"2025-09-01T01:01:22","modified_gmt":"2025-09-01T01:01:22","slug":"nurburgring-verstappen-com-perd-sa-victoire-en-gold-cup","status":"publish","type":"post","link":"https:\/\/www.europesays.com\/fr\/357354\/","title":{"rendered":"N\u00fcrburgring &#8211; Verstappen.com perd sa victoire en Gold Cup"},"content":{"rendered":"<p>La victoire a chang\u00e9 de camp en Gold Cup apr\u00e8s l&rsquo;arriv\u00e9e du meeting GT World Challenge Europe Endurance Cup du N\u00fcrburgring.<\/p>\n<p>\u00a0<\/p>\n<p>L&rsquo;Aston Martin Vantage GT3 EVO \/ Verstappen.com de Chris Lulham, Thierry Vermeulen et Harry King s&rsquo;\u00e9tait impos\u00e9e dans la classe mais le trio de la n\u00b033 a \u00e9cop\u00e9 apr\u00e8s l&rsquo;arriv\u00e9e d&rsquo;une p\u00e9nalit\u00e9 de 10 secondes.\u00a0<\/p>\n<p>\u00a0<\/p>\n<p>Alors qu&rsquo;il \u00e9tait au volant de la Vantage GT3 EVO, Chris Lulham a \u00e9t\u00e9 jug\u00e9 coupable d&rsquo;un contact avec la McLaren 720S GT3 EVO \/ Garage 59 n\u00b059 de Joseph Loake au virage 17.\u00a0<\/p>\n<p>\u00a0<\/p>\n<p>Le malheur des uns faisant le bonheur des autres, la victoire en Gold Cup revient finalement \u00e0 la BMW M4 GT3 EVO \/ AlManar by Team WRT de Al Faisal Al Zubair, Jens Klingmann et Ben Tuck.\u00a0<\/p>\n<p>\u00a0<\/p>\n<p>La McLaren 720S GT3 EVO \/ CSA Racing de Simon Gachet, Arthur Rougier et James Kell gagne elle aussi un rang pour s&#8217;emparer de la deuxi\u00e8me place.\u00a0<\/p>\n<p>\u00a0<\/p>\n<p>L&rsquo;Aston Martin victorieuse initialement compl\u00e8te le podium. Avec ce changement, le championnat se voit relanc\u00e9 \u00e0 un meeting de la fin de saison.\u00a0<\/p>\n<p>\u00a0<\/p>\n<p>\u00a0<\/p>\n","protected":false},"excerpt":{"rendered":"La victoire a chang\u00e9 de camp en Gold Cup apr\u00e8s l&rsquo;arriv\u00e9e du meeting GT World Challenge Europe Endurance&hellip;\n","protected":false},"author":2,"featured_media":357355,"comment_status":"","ping_status":"","sticky":false,"template":"","format":"standard","meta":{"footnotes":""},"categories":[1586],"tags":[4208,4214,11,4198,4197,4207,4215,4209,4194,1777,674,4195,4211,4196,1011,27,4216,4201,4205,4200,4221,4204,4212,4206,4217,2191,4218,4203,4219,12,4210,25,4213,4199,4220,4202],"class_list":{"0":"post-357354","1":"post","2":"type-post","3":"status-publish","4":"format-standard","5":"has-post-thumbnail","7":"category-europe","8":"tag-24h-nurburgring-vln","9":"tag-24h-series","10":"tag-actualites","11":"tag-adac-gt-masters","12":"tag-asian-le-mans-series","13":"tag-british-gt","14":"tag-club-des-pilotes-des-24h-du-mans","15":"tag-dtm","16":"tag-endurance-info","17":"tag-eu","18":"tag-europe","19":"tag-european-le-mans-series","20":"tag-ffsa-gt","21":"tag-fia-wec","22":"tag-fr","23":"tag-france","24":"tag-green-racing","25":"tag-gt-open","26":"tag-gt-sports-club","27":"tag-gt-world-challenge-america","28":"tag-gt-world-challenge-asia","29":"tag-gt-world-challenge-europe","30":"tag-gulf12","31":"tag-imsa","32":"tag-intercontinental-gt-challenge","33":"tag-le-mans","34":"tag-le-mans-classic","35":"tag-ligier-european-series","36":"tag-michelin-le-mans-cup","37":"tag-news","38":"tag-porsche-carrera-cup-france","39":"tag-republique-francaise","40":"tag-sport-paddle","41":"tag-super-gt","42":"tag-supercar","43":"tag-ultimate-cup-series"},"share_on_mastodon":{"url":"","error":"Validation failed: Text character limit of 500 exceeded"},"_links":{"self":[{"href":"https:\/\/www.europesays.com\/fr\/wp-json\/wp\/v2\/posts\/357354","targetHints":{"allow":["GET"]}}],"collection":[{"href":"https:\/\/www.europesays.com\/fr\/wp-json\/wp\/v2\/posts"}],"about":[{"href":"https:\/\/www.europesays.com\/fr\/wp-json\/wp\/v2\/types\/post"}],"author":[{"embeddable":true,"href":"https:\/\/www.europesays.com\/fr\/wp-json\/wp\/v2\/users\/2"}],"replies":[{"embeddable":true,"href":"https:\/\/www.europesays.com\/fr\/wp-json\/wp\/v2\/comments?post=357354"}],"version-history":[{"count":0,"href":"https:\/\/www.europesays.com\/fr\/wp-json\/wp\/v2\/posts\/357354\/revisions"}],"wp:featuredmedia":[{"embeddable":true,"href":"https:\/\/www.europesays.com\/fr\/wp-json\/wp\/v2\/media\/357355"}],"wp:attachment":[{"href":"https:\/\/www.europesays.com\/fr\/wp-json\/wp\/v2\/media?parent=357354"}],"wp:term":[{"taxonomy":"category","embeddable":true,"href":"https:\/\/www.europesays.com\/fr\/wp-json\/wp\/v2\/categories?post=357354"},{"taxonomy":"post_tag","embeddable":true,"href":"https:\/\/www.europesays.com\/fr\/wp-json\/wp\/v2\/tags?post=357354"}],"curies":[{"name":"wp","href":"https:\/\/api.w.org\/{rel}","templated":true}]}}