{"id":357356,"date":"2025-09-01T01:02:19","date_gmt":"2025-09-01T01:02:19","guid":{"rendered":"https:\/\/www.europesays.com\/fr\/357356\/"},"modified":"2025-09-01T01:02:19","modified_gmt":"2025-09-01T01:02:19","slug":"droits-de-douane-pas-de-tabou-a-avoir-sur-les-services-americains-repete-le-gouvernement-apres-laccord-commercial-ue","status":"publish","type":"post","link":"https:\/\/www.europesays.com\/fr\/357356\/","title":{"rendered":"Droits de douane\u00a0: \u00ab\u00a0pas de tabou \u00e0 avoir\u00a0\u00bb sur les services am\u00e9ricains, r\u00e9p\u00e8te le gouvernement apr\u00e8s l\u2019accord commercial UE"},"content":{"rendered":"<p>                          <img loading=\"lazy\" decoding=\"async\" src=\"https:\/\/www.europesays.com\/fr\/wp-content\/uploads\/2025\/09\/52b5840_ftp-import-images-1-lelg2qpqyscf-5532513-01-06.jpg\" alt=\"(De gauche \u00e0 droite.) Apr\u00e8s l\u2019annonce de l\u2019accord commercial entre l\u2019Union europ\u00e9enne et les Etats-Unis, les ministres Nathalie Delattre (tourisme), V\u00e9ronique Louwagie (commerce, artisanat et PME), Am\u00e9lie de\u00a0Montchalin (comptes publics), Eric Lombard (\u00e9conomie) et Annie Genevard (agriculture) rencontrent des acteurs \u00e9conomiques dont l\u2019activit\u00e9 d\u2019exportation est touch\u00e9e par cet accord, \u00e0 Paris, le 30\u00a0juillet 2025.\"   width=\"664\" height=\"443\"\/>    (De gauche \u00e0 droite.) Apr\u00e8s l\u2019annonce de l\u2019accord commercial entre l\u2019Union europ\u00e9enne et les Etats-Unis, les ministres Nathalie Delattre (tourisme), V\u00e9ronique Louwagie (commerce, artisanat et PME), Am\u00e9lie de\u00a0Montchalin (comptes publics), Eric Lombard (\u00e9conomie) et Annie Genevard (agriculture) rencontrent des acteurs \u00e9conomiques dont l\u2019activit\u00e9 d\u2019exportation est touch\u00e9e par cet accord, \u00e0 Paris, le 30\u00a0juillet 2025.  THIBAUD MORITZ \/ AFP                            <\/p>\n<p class=\"article__paragraph  \"><a href=\"https:\/\/www.lemonde.fr\/economie\/live\/2025\/07\/28\/en-direct-droits-de-douane-que-vaut-l-accord-entre-l-union-europeenne-et-les-etats-unis-notre-journaliste-repond-a-vos-questions_6624846_3234.html\" rel=\"nofollow noopener\" target=\"_blank\">Trois jours apr\u00e8s l\u2019annonce de l\u2019accord commercial entre l\u2019Union europ\u00e9enne (UE) et les Etats-Unis<\/a>, qui menace de fragiliser leur situation, les acteurs \u00e9conomiques dont l\u2019activit\u00e9 d\u2019exportation est touch\u00e9e par les mesures tarifaires du gouvernement Trump \u00e9taient re\u00e7us, mercredi 30\u00a0juillet \u00e0 Bercy, par le ministre de l\u2019\u00e9conomie, Eric Lombard, et plusieurs membres du gouvernement.<\/p>\n<p>                                              Lire aussi |  <a href=\"https:\/\/www.lemonde.fr\/economie\/article\/2025\/07\/28\/que-prevoit-l-accord-entre-ursula-von-der-leyen-et-donald-trump-sur-les-droits-de-douane_6624876_3234.html\" class=\"js-article-read-also catcher--favoris__link\" data-premium=\"\" id=\"article-title-3433027\" rel=\"nofollow noopener\" target=\"_blank\">Droits de douane\u00a0: ce que pr\u00e9voit l\u2019accord-cadre entre l\u2019UE et les Etats-Unis<\/a>    <\/p>\n<p>   Lire plus tard  <\/p>\n<p class=\"article__paragraph  \">La r\u00e9union a rassembl\u00e9, autour de M.\u00a0Lombard, les ministres Am\u00e9lie de\u00a0Montchalin (comptes publics), Marc Ferracci (industrie et \u00e9nergie), V\u00e9ronique Louwagie (commerce, artisanat et PME), Clara Chappaz (num\u00e9rique), Nathalie Delattre (tourisme), Annie Genevard (agriculture) et Laurent Saint-Martin (commerce ext\u00e9rieur).<\/p>\n<p class=\"article__paragraph  \">Les ministres ont tent\u00e9 de rassurer les organisations patronales et les f\u00e9d\u00e9rations professionnelles touch\u00e9es par ces droits de douane (le Medef, la CPME et l\u2019U2P, c\u00f4t\u00e9 patronal\u00a0; France Industrie, la F\u00e9d\u00e9ration bancaire fran\u00e7aise, l\u2019Alliance du commerce, la F\u00e9d\u00e9ration du commerce et de la distribution (FCD) ou encore France Assureurs, entre autres, c\u00f4t\u00e9 f\u00e9d\u00e9rations).<\/p>\n<p class=\"article__paragraph  \">\u00ab\u00a0Les n\u00e9gociations avec les Etats-Unis ne font que commencer sur la base de l\u2019accord qui a \u00e9t\u00e9 mis en place dimanche\u00a0\u00bb, a affirm\u00e9 Eric Lombard, \u00e0 l\u2019issue de la r\u00e9union. Peu d\u2019annonces concr\u00e8tes sont d\u2019ailleurs ressorties de cet \u00e9change \u00e0 huis clos, \u00e0 part la cr\u00e9ation d\u2019un site Internet \u00e0 destination des entreprises et l\u2019engagement de transmettre les dol\u00e9ances des secteurs touch\u00e9s par les surtaxes douani\u00e8res am\u00e9ricaines \u00e0 la Commission europ\u00e9enne la semaine prochaine.<\/p>\n<p class=\"article__paragraph  \">Le ministre de l\u2019\u00e9conomie a redit son \u00ab\u00a0soulagement d\u2019avoir \u00e9vit\u00e9 une escalade commerciale\u00a0\u00bb, malgr\u00e9 la \u00ab\u00a0d\u00e9ception qu\u2019on arrive \u00e0 un accord \u00e0 15\u00a0%\u00a0\u00bb.<\/p>\n<p>                                         Lire aussi |  Article r\u00e9serv\u00e9 \u00e0 nos abonn\u00e9s  <a href=\"https:\/\/www.lemonde.fr\/economie\/article\/2025\/07\/29\/accord-commercial-l-occasion-manquee-de-l-union-europeenne_6625217_3234.html\" class=\"js-article-read-also catcher--favoris__link\" data-premium=\"1\" id=\"article-title-3433055\" rel=\"nofollow noopener\" target=\"_blank\">Droits de douane : l\u2019\u00ab\u00a0occasion manqu\u00e9e\u00a0\u00bb de l\u2019UE<\/a>    <\/p>\n<p>   Lire plus tard  <\/p>\n<p>                            \u00ab\u00a0Un accord \u201cz\u00e9ro pour z\u00e9ro\u201d pour les spiritueux\u00a0\u00bb                      <\/p>\n<p class=\"article__paragraph  \">\u00ab\u00a0Si la volont\u00e9 de Donald Trump \u00e9tait de r\u00e9\u00e9quilibrer la balance des biens, alors je crois qu\u2019il n\u2019y a pas de tabou \u00e0 avoir sur la balance des services \u00e9galement\u00a0\u00bb, qui est exc\u00e9dentaire en faveur des Etats-Unis, a d\u00e9clar\u00e9, de son c\u00f4t\u00e9, Laurent Saint-Martin. \u00ab\u00a0Ce que nous poussons de fa\u00e7on tr\u00e8s claire, c\u2019est une exemption pour le secteur (\u2026) des vins et des spiritueux, en plus de l\u2019a\u00e9ronautique\u00a0\u00bb, a-t-il ajout\u00e9 \u00e0 propos des secteurs qui pourraient \u00eatre exon\u00e9r\u00e9s de droits de douane.<\/p>\n<p class=\"article__paragraph  \">La ministre de l\u2019agriculture, Annie Genevard, a, elle, avanc\u00e9 \u00ab\u00a0que, selon toute probabilit\u00e9, il pourrait y avoir un accord \u201cz\u00e9ro pour z\u00e9ro\u201d pour les spiritueux, mais pour les vins nous n\u2019en savons rien\u00a0\u00bb. \u00ab\u00a0Je suis r\u00e9duite \u00e0 un niveau d\u2019information qui n\u2019est pas loin du v\u00f4tre\u00a0\u00bb, a-t-elle lanc\u00e9 aux journalistes lors d\u2019une conf\u00e9rence de presse. La France exporte autour de 4\u00a0milliards d\u2019euros de vins et de spiritueux vers les Etats-Unis, a fait savoir la ministre de l\u2019agriculture.<\/p>\n<p> Le Monde Guides d\u2019achat  <\/p>\n<p> <a href=\"https:\/\/www.lemonde.fr\/guides-d-achat\/article\/2022\/06\/15\/les-meilleures-gourdes-pour-remplacer-les-bouteilles-jetables_6130466_5306571.html\" class=\"inread__link js-services-inread-link\" target=\"_blank\" rel=\"nofollow noopener\">  <\/p>\n<p>Gourdes r\u00e9utilisables<\/p>\n<p>Les meilleures gourdes pour remplacer les bouteilles jetables<\/p>\n<p>Lire<\/p>\n<p> <\/a>      <\/p>\n<p> Newsletter  <\/p>\n<p> <a href=\"https:\/\/www.lemonde.fr\/newsletters\/a-la-une\/\" class=\"inread__link js-services-inread-link\" target=\"_blank\" rel=\"nofollow noopener\">  <\/p>\n<p>\u00ab A la une \u00bb<\/p>\n<p>Chaque matin, parcourez l&rsquo;essentiel de l&rsquo;actualit\u00e9 du jour avec les derniers titres du \u00ab Monde \u00bb<\/p>\n<p>S&rsquo;inscrire<\/p>\n<p> <\/a>      <\/p>\n<p> Newsletter  <\/p>\n<p> <a href=\"https:\/\/www.lemonde.fr\/newsletters\/la-revue-du-monde\/\" class=\"inread__link js-services-inread-link\" target=\"_blank\" rel=\"nofollow noopener\">  <\/p>\n<p>\u00ab La revue du Monde \u00bb<\/p>\n<p>Chaque week-end, la r\u00e9daction s\u00e9lectionne les articles de la semaine qu\u2019il ne fallait pas manquer<\/p>\n<p>S&rsquo;inscrire<\/p>\n<p> <\/a>          <\/p>\n<p> Le Monde Jeux   <\/p>\n<p> <a href=\"https:\/\/jeux.lemonde.fr\/?inread\" class=\"inread__link js-services-inread-link\" target=\"_blank\" rel=\"nofollow noopener\">  <\/p>\n<p>Chaque jour de nouvelles grilles de mots crois\u00e9s, Sudoku et mots trouv\u00e9s.<\/p>\n<p>Jouer<\/p>\n<p> <\/a>      <\/p>\n<p> Newsletter abonn\u00e9s  <\/p>\n<p> <a href=\"https:\/\/www.lemonde.fr\/newsletters\/la-lettre-eco\/\" class=\"inread__link js-services-inread-link\" target=\"_blank\" rel=\"nofollow noopener\">  <\/p>\n<p>\u00ab La lettre \u00e9co \u00bb<\/p>\n<p>Le regard du \u00ab Monde \u00bb sur l\u2019actualit\u00e9 \u00e9conomique du jour<\/p>\n<p>S&rsquo;inscrire<\/p>\n<p> <\/a>          <\/p>\n<p> Newsletter abonn\u00e9s  <\/p>\n<p> <a href=\"https:\/\/www.lemonde.fr\/newsletters\/la-lettre-des-idees\/\" class=\"inread__link js-services-inread-link\" target=\"_blank\" rel=\"nofollow noopener\">  <\/p>\n<p>\u00ab La lettre des id\u00e9es \u00bb<\/p>\n<p>Votre rendez-vous avec la vie intellectuelle<\/p>\n<p>S&rsquo;inscrire<\/p>\n<p> <\/a>      <\/p>\n<p> Newsletter abonn\u00e9s  <\/p>\n<p> <a href=\"https:\/\/www.lemonde.fr\/newsletters\/la-lettre-eco\/\" class=\"inread__link js-services-inread-link\" target=\"_blank\" rel=\"nofollow noopener\">  <\/p>\n<p>\u00ab La lettre \u00e9co \u00bb<\/p>\n<p>Le regard du \u00ab Monde \u00bb sur l\u2019actualit\u00e9 \u00e9conomique du jour<\/p>\n<p>S&rsquo;inscrire<\/p>\n<p> <\/a>             <\/p>\n<p class=\"article__paragraph  \">En les additionnant au milliard d\u2019euros d\u2019exportations li\u00e9s \u00e0 l\u2019agroalimentaire, des taxes port\u00e9es \u00e0 15\u00a0% sur les produits europ\u00e9ens, selon les conditions connues de <a href=\"https:\/\/www.lemonde.fr\/international\/article\/2025\/07\/27\/a-l-occasion-de-sa-visite-en-ecosse-donald-trump-affirme-que-l-ue-ne-beneficiera-pas-de-droits-de-douane-inferieurs-a-15_6624656_3211.html\" rel=\"nofollow noopener\" target=\"_blank\">l\u2019accord trouv\u00e9 dimanche<\/a>, repr\u00e9senteraient 800\u00a0millions d\u2019euros de taxes suppl\u00e9mentaires, a rappel\u00e9 Mme\u00a0Genevard. \u00ab\u00a0Le niveau d\u2019inqui\u00e9tude du secteur est maximal.\u00a0\u00bb<\/p>\n<p class=\"article__paragraph  \">Des exemptions de droits de douane dans le secteur de l\u2019a\u00e9ronautique et concernant certains dispositifs m\u00e9dicaux export\u00e9s outre-Atlantique ont d\u00e9j\u00e0 \u00e9t\u00e9 confirm\u00e9es, mais aucune pour l\u2019heure vis-\u00e0-vis des vins et des spiritueux. La F\u00e9d\u00e9ration des exportateurs de vins et spiritueux (FEVS) estimait lundi que \u00ab\u00a0la catastrophe [\u00e9tait] \u00e9vit\u00e9e\u00a0\u00bb avec cet accord qui \u00ab\u00a0\u00e9vite l\u2019application de droits de 30\u00a0% \u00e0 compter du 1er\u00a0ao\u00fbt\u00a0\u00bb.<\/p>\n<p class=\"article__paragraph  \">\u00ab\u00a0Cette r\u00e9union [\u00e0 Bercy] nous a permis d\u2019exprimer \u00e0 un plus haut niveau nos demandes\u00a0\u00bb, a dit, \u00e0 l\u2019Agence France-Presse, le directeur g\u00e9n\u00e9ral de la f\u00e9d\u00e9ration des entreprises de beaut\u00e9 FEBEA (cosm\u00e9tiques\u2026), Emmanuel Guichard, alertant sur le risque d\u2019\u00ab\u00a0une perte de 300\u00a0millions d\u2019euros\u00a0\u00bb et de \u00ab\u00a05\u00a0000 emplois directs et indirects\u00a0\u00bb \u00e0 cause de la taxation \u00e0 15\u00a0%.<\/p>\n<p>                      Emmanuel Macron estime que l\u2019UE n\u2019a pas \u00e9t\u00e9 assez \u00ab\u00a0crainte\u00a0\u00bb                      <\/p>\n<p class=\"article__paragraph  \">Lors du conseil des ministres, Emmanuel Macron, qui ne cesse d\u2019en appeler \u00e0 une Europe \u00ab\u00a0puissance\u00a0\u00bb, a d\u00e9plor\u00e9, mercredi, que <a href=\"https:\/\/www.lemonde.fr\/international\/article\/2025\/07\/30\/droits-de-douane-emmanuel-macron-estime-que-l-ue-n-a-pas-ete-assez-crainte-par-les-etats-unis-et-affirme-que-la-france-n-en-restera-pas-la_6625537_3210.html\" rel=\"nofollow noopener\" target=\"_blank\">l\u2019Union europ\u00e9enne n\u2019ait pas \u00e9t\u00e9 plus offensive sur les droits de douane face \u00e0 Donald Trump<\/a> et a jug\u00e9 qu\u2019elle pouvait encore arracher des concessions.<\/p>\n<p class=\"article__paragraph  \">\u00ab\u00a0Pour \u00eatre libres, il faut \u00eatre craints. Nous n\u2019avons pas \u00e9t\u00e9 assez craints\u00a0\u00bb, a lanc\u00e9 le chef de l\u2019Etat, apr\u00e8s trois jours de silence sur <a href=\"https:\/\/www.lemonde.fr\/international\/article\/2025\/07\/27\/a-l-occasion-de-sa-visite-en-ecosse-donald-trump-affirme-que-l-ue-ne-beneficiera-pas-de-droits-de-douane-inferieurs-a-15_6624656_3211.html\" rel=\"nofollow noopener\" target=\"_blank\">l\u2019accord commercial annonc\u00e9 dimanche<\/a> entre Bruxelles et Washington. \u00ab\u00a0La France a toujours tenu une position de fermet\u00e9 et d\u2019exigence. Elle continuera de le faire. Ce n\u2019est pas la fin de l\u2019histoire et nous n\u2019en resterons pas l\u00e0\u00a0\u00bb, a-t-il rench\u00e9ri en conseil des ministres. Le pr\u00e9sident fran\u00e7ais, qui plaidait de fait la fermet\u00e9 face \u00e0 la surench\u00e8re commerciale de Donald Trump, s\u2019est retrouv\u00e9 assez isol\u00e9 sur la sc\u00e8ne europ\u00e9enne.<\/p>\n<p>                                         Lire aussi |  Article r\u00e9serv\u00e9 \u00e0 nos abonn\u00e9s  <a href=\"https:\/\/www.lemonde.fr\/economie\/article\/2025\/07\/30\/droits-de-douane-les-laboratoires-pharmaceutiques-toujours-plonges-dans-l-expectative_6625516_3234.html\" class=\"js-article-read-also catcher--favoris__link\" data-premium=\"1\" id=\"article-title-3433165\" rel=\"nofollow noopener\" target=\"_blank\">Droits de douane\u00a0: les laboratoires pharmaceutiques toujours plong\u00e9s dans l\u2019expectative<\/a>    <\/p>\n<p>   Lire plus tard  <\/p>\n<p class=\"article__paragraph  \">\u00ab\u00a0On savait que, de toute fa\u00e7on, on \u00e9tait dans une guerre asym\u00e9trique\u00a0\u00bb, a affirm\u00e9 Eric Lombard, mercredi matin sur RTL, d\u00e9plorant un accord \u00ab\u00a0in\u00e9quitable\u00a0\u00bb, alors que les Etats-Unis repr\u00e9sentent 8\u00a0% des exportations fran\u00e7aises.<\/p>\n<p class=\"article__paragraph  \">\u00ab\u00a0Nos entreprises sont tendues\u00a0\u00bb, a alert\u00e9 Franck Choisne, pr\u00e9sident de la commission internationale de la CPME sur Europe\u00a01\u00a0avant la r\u00e9union. \u00ab\u00a0D\u2019un c\u00f4t\u00e9, on est heureux qu\u2019il y ait un accord parce qu\u2019il faut de la stabilit\u00e9, mais d\u2019un autre c\u00f4t\u00e9, cet accord n\u2019est pas acceptable\u00a0: 15\u00a0%, c\u2019est \u00e9norme\u00a0\u00bb, a-t-il r\u00e9sum\u00e9.<\/p>\n<p class=\"article__paragraph  \">Michel Picon, le pr\u00e9sident de l\u2019U2P, avait d\u00e9clar\u00e9 sur RTL attendre de la r\u00e9union \u00e0 Bercy \u00ab\u00a0de l\u2019information\u00a0\u00bb, car \u00ab\u00a0il y a des entreprises qui peuvent \u00eatre exempt\u00e9es\u00a0\u00bb des surtaxes am\u00e9ricaines. Peu exportatrices, les petites entreprises regroup\u00e9es au sein de l\u2019U2P seront pourtant affect\u00e9es par les \u00e9ventuelles pertes de parts de march\u00e9 aux Etats-Unis des grands groupes pour lesquelles elles travaillent en sous-traitance.<\/p>\n<p class=\"author__detail\">  Le Monde avec AFP  <\/p>\n<p>                  <a href=\"https:\/\/www.lemonde.fr\/syndication\/\" class=\"reuse__content\" title=\"R\u00e9utiliser ce contenu\" target=\"_blank\" rel=\"nofollow noopener\">R\u00e9utiliser ce contenu<\/a>      <\/p>\n","protected":false},"excerpt":{"rendered":"(De gauche \u00e0 droite.) Apr\u00e8s l\u2019annonce de l\u2019accord commercial entre l\u2019Union europ\u00e9enne et les Etats-Unis, les ministres Nathalie&hellip;\n","protected":false},"author":2,"featured_media":357357,"comment_status":"","ping_status":"","sticky":false,"template":"","format":"standard","meta":{"footnotes":""},"categories":[1586],"tags":[11,1777,674,1779,1011,27,12,25,1778,364],"class_list":{"0":"post-357356","1":"post","2":"type-post","3":"status-publish","4":"format-standard","5":"has-post-thumbnail","7":"category-europe","8":"tag-actualites","9":"tag-eu","10":"tag-europe","11":"tag-european-union","12":"tag-fr","13":"tag-france","14":"tag-news","15":"tag-republique-francaise","16":"tag-ue","17":"tag-union-europeenne"},"share_on_mastodon":{"url":"https:\/\/pubeurope.com\/@fr\/115126347079216036","error":""},"_links":{"self":[{"href":"https:\/\/www.europesays.com\/fr\/wp-json\/wp\/v2\/posts\/357356","targetHints":{"allow":["GET"]}}],"collection":[{"href":"https:\/\/www.europesays.com\/fr\/wp-json\/wp\/v2\/posts"}],"about":[{"href":"https:\/\/www.europesays.com\/fr\/wp-json\/wp\/v2\/types\/post"}],"author":[{"embeddable":true,"href":"https:\/\/www.europesays.com\/fr\/wp-json\/wp\/v2\/users\/2"}],"replies":[{"embeddable":true,"href":"https:\/\/www.europesays.com\/fr\/wp-json\/wp\/v2\/comments?post=357356"}],"version-history":[{"count":0,"href":"https:\/\/www.europesays.com\/fr\/wp-json\/wp\/v2\/posts\/357356\/revisions"}],"wp:featuredmedia":[{"embeddable":true,"href":"https:\/\/www.europesays.com\/fr\/wp-json\/wp\/v2\/media\/357357"}],"wp:attachment":[{"href":"https:\/\/www.europesays.com\/fr\/wp-json\/wp\/v2\/media?parent=357356"}],"wp:term":[{"taxonomy":"category","embeddable":true,"href":"https:\/\/www.europesays.com\/fr\/wp-json\/wp\/v2\/categories?post=357356"},{"taxonomy":"post_tag","embeddable":true,"href":"https:\/\/www.europesays.com\/fr\/wp-json\/wp\/v2\/tags?post=357356"}],"curies":[{"name":"wp","href":"https:\/\/api.w.org\/{rel}","templated":true}]}}