{"id":357362,"date":"2025-09-01T01:05:10","date_gmt":"2025-09-01T01:05:10","guid":{"rendered":"https:\/\/www.europesays.com\/fr\/357362\/"},"modified":"2025-09-01T01:05:10","modified_gmt":"2025-09-01T01:05:10","slug":"marche-france-les-immatriculations-de-voitures-neuves-en-hausse-de-218-en-aout-pfa","status":"publish","type":"post","link":"https:\/\/www.europesays.com\/fr\/357362\/","title":{"rendered":"March\u00e9 : France-Les immatriculations de voitures neuves en hausse de 2,18% en ao\u00fbt-PFA"},"content":{"rendered":"<p>                                               <a class=\"lb-zoom\" title=\"March\u00e9 : France-Les immatriculations de voitures neuves en hausse de 2,18% en ao\u00fbt-PFA (\u00a9Reuters)\" href=\"https:\/\/www.tradingsat.com\/media\/pictures\/realsize\/news\/reuters\/2025\/2025-08-31T232020Z_1_LYNXMPEL7U0GJ_RTROPTP_2_FRANCE-AUTOS.JPG\" rel=\"nofollow noopener\" target=\"_blank\"><img decoding=\"async\" src=\"https:\/\/www.europesays.com\/fr\/wp-content\/uploads\/2025\/09\/2025-08-31T232020Z_1_LYNXMPEL7U0GJ_RTROPTP_2_FRANCE-AUTOS.JPG\" alt=\"March\u00e9 : France-Les immatriculations de voitures neuves en hausse de 2,18% en ao\u00fbt-PFA\" \/><\/a><\/p>\n<p>(Reuters) -Les immatriculations de voitures neuves en France ont augment\u00e9 en ao\u00fbt de 2,18% en rythme annuel, selon les donn\u00e9es communiqu\u00e9es lundi par la Plateforme automobile (PFA).<\/p>\n<p>Il s&rsquo;est immatricul\u00e9 87.850 v\u00e9hicules particuliers dans l&rsquo;Hexagone le mois dernier, a rapport\u00e9 le PFA. Le mois d&rsquo;ao\u00fbt a compt\u00e9 20 jours ouvrables cette ann\u00e9e, contre 21 jours l&rsquo;an dernier.<\/p>\n<p>Sur les huit premiers mois de l&rsquo;ann\u00e9e, le march\u00e9 a enregistr\u00e9 une baisse de 7,14% sur un an, avec 1.046.432 immatriculations, montrent les donn\u00e9es.<\/p>\n<p>Les immatriculations de voitures neuves du groupe <a class=\"autotag link\" target=\"_blank\" href=\"https:\/\/www.tradingsat.com\/stellantis-NL00150001Q9\/\" rel=\"nofollow noopener\">Stellantis<\/a>, qui regroupe notamment les marques Peugeot, Citro\u00ebn, DS et Opel, ont progress\u00e9 le mois dernier de 1,74% par rapport \u00e0 un an plus t\u00f4t.<\/p>\n<p>Le groupe <a class=\"autotag link\" target=\"_blank\" href=\"https:\/\/www.tradingsat.com\/renault-FR0000131906\/\" rel=\"nofollow noopener\">Renault<\/a> (marques <a class=\"autotag link\" target=\"_blank\" href=\"https:\/\/www.tradingsat.com\/renault-FR0000131906\/\" rel=\"nofollow noopener\">Renault<\/a>, Dacia et Alpine) a vu quant \u00e0 lui ses immatriculations en France augmenter de 2,28% en rythme annuel en ao\u00fbt.<\/p>\n<p>Pour sa part, le constructeur am\u00e9ricain Tesla TSLA.O a vu ses ventes chuter de 47,25% sur un an le mois dernier.<\/p>\n<p>(R\u00e9dig\u00e9 par Jean Terzian)<\/p>\n<p>Copyright \u00a9 2025 Thomson Reuters<\/p>\n","protected":false},"excerpt":{"rendered":"(Reuters) -Les immatriculations de voitures neuves en France ont augment\u00e9 en ao\u00fbt de 2,18% en rythme annuel, selon&hellip;\n","protected":false},"author":2,"featured_media":357363,"comment_status":"","ping_status":"","sticky":false,"template":"","format":"standard","meta":{"footnotes":""},"categories":[4],"tags":[11,1011,27,12,25],"class_list":{"0":"post-357362","1":"post","2":"type-post","3":"status-publish","4":"format-standard","5":"has-post-thumbnail","7":"category-france","8":"tag-actualites","9":"tag-fr","10":"tag-france","11":"tag-news","12":"tag-republique-francaise"},"share_on_mastodon":{"url":"https:\/\/pubeurope.com\/@fr\/115126358692177587","error":""},"_links":{"self":[{"href":"https:\/\/www.europesays.com\/fr\/wp-json\/wp\/v2\/posts\/357362","targetHints":{"allow":["GET"]}}],"collection":[{"href":"https:\/\/www.europesays.com\/fr\/wp-json\/wp\/v2\/posts"}],"about":[{"href":"https:\/\/www.europesays.com\/fr\/wp-json\/wp\/v2\/types\/post"}],"author":[{"embeddable":true,"href":"https:\/\/www.europesays.com\/fr\/wp-json\/wp\/v2\/users\/2"}],"replies":[{"embeddable":true,"href":"https:\/\/www.europesays.com\/fr\/wp-json\/wp\/v2\/comments?post=357362"}],"version-history":[{"count":0,"href":"https:\/\/www.europesays.com\/fr\/wp-json\/wp\/v2\/posts\/357362\/revisions"}],"wp:featuredmedia":[{"embeddable":true,"href":"https:\/\/www.europesays.com\/fr\/wp-json\/wp\/v2\/media\/357363"}],"wp:attachment":[{"href":"https:\/\/www.europesays.com\/fr\/wp-json\/wp\/v2\/media?parent=357362"}],"wp:term":[{"taxonomy":"category","embeddable":true,"href":"https:\/\/www.europesays.com\/fr\/wp-json\/wp\/v2\/categories?post=357362"},{"taxonomy":"post_tag","embeddable":true,"href":"https:\/\/www.europesays.com\/fr\/wp-json\/wp\/v2\/tags?post=357362"}],"curies":[{"name":"wp","href":"https:\/\/api.w.org\/{rel}","templated":true}]}}