{"id":357369,"date":"2025-09-01T01:12:14","date_gmt":"2025-09-01T01:12:14","guid":{"rendered":"https:\/\/www.europesays.com\/fr\/357369\/"},"modified":"2025-09-01T01:12:14","modified_gmt":"2025-09-01T01:12:14","slug":"il-a-sorti-une-prestation-remarquable-en-course-le-jour-ou-isack-hadjar-a-saute-une-classe-et-gagne-son-baquet-chez-red-bull-lequipe","status":"publish","type":"post","link":"https:\/\/www.europesays.com\/fr\/357369\/","title":{"rendered":"\u00ab Il a sorti une prestation remarquable en course \u00bb : le jour o\u00f9 Isack Hadjar a saut\u00e9 une classe&#8230; et gagn\u00e9 son baquet chez Red Bull ? &#8211; L&#039;\u00c9quipe"},"content":{"rendered":"<ol>\n<li><a href=\"https:\/\/news.google.com\/rss\/articles\/CBMihAJBVV95cUxPUm82S0V1bWVWYlpRb05aNHlEVHp3alUyc3VBck8yNGZySjRUeExJZVVFWWRGczhsUTV2N3ZWenFQd0ZQUVFYNkJuSVN0MUpUckxMT2NUenZiMzctM3NHdndXNUNVdHNHOGlvUG0xS1dkTVptM3JFU0RiRXljYWwzTXFXT01JRUV4TDVCdmE5dHZtZ2E1TndhNnBrMHZXTElMMFlnUk9tNFRxNGNwMm53bGlqMjlFc2FRckM0ZWM0RUJXQlBnUG1SMl9ud08wWUxoMjU2T1dlaUYySG1XQ05UNVlyTGVaRExYQi15YkFOdXNWcEw3Y0M3djNEQW92dm9hOGF3MA?oc=5\" target=\"_blank\" rel=\"nofollow noopener\">\u00ab Il a sorti une prestation remarquable en course \u00bb : le jour o\u00f9 Isack Hadjar a saut\u00e9 une classe&#8230; et gagn\u00e9 son baquet chez Red Bull ?<\/a>&nbsp;&nbsp;L&rsquo;\u00c9quipe<\/li>\n<li><a href=\"https:\/\/news.google.com\/rss\/articles\/CBMisAFBVV95cUxNeExRZENFeG5RMWJhZDhfZmFuS1ZCaHR6N1dMVHhGOEVzel9aNFNPV2N5UG9ody1aeXZoTDNXdUxGMXlBN05ramZZTFlsYUJYWWdFSXF4Qmt2OGMxTjFDNFNOTU8yR183TXc0ZDlsa1RwTnl0bUpSRFEydkZqZUpmekE4cUdJT1U1VU9Ycm5iTFYyOVkwcmFvMjYyYVhRcEdIU0ZoYU5CQW5JUk9lUklFUw?oc=5\" target=\"_blank\" rel=\"nofollow noopener\">Isack Hadjar, la r\u00e9v\u00e9lation fran\u00e7aise de la saison de Formule 1<\/a>&nbsp;&nbsp;Radio VINCI Autoroutes<\/li>\n<li><a href=\"https:\/\/news.google.com\/rss\/articles\/CBMiuwFBVV95cUxOYWR6VUlZUzRpSkxSRXBpeVdMVjd0TVJDZW1tMVl4bDRlSE1uSE1pQjI3cGNoMGFCbm1OVUVEQlZYVkNSRG40cVZUak5Vd0ZRcExtRkl1NU9malg3VU9qazF3V2ZBcDhOaFp5d3dBUXV4SlFreFRsTWtQWWlldXBmb3RteWw0a3c3ell6LS03S0lMdWwxaGRrOFlTSlVJS3NXTFNHUkRfbHl1cFlxb21ZZVNyR0hocUNkd2tR?oc=5\" target=\"_blank\" rel=\"nofollow noopener\">F1 S\u00e9quence d\u00e9lectable \u00e0 Zandvoort, retour sur l\u2019explosion de joie d\u2019Hadjar !<\/a>&nbsp;&nbsp;Le Mag Sport Auto<\/li>\n<li><a href=\"https:\/\/news.google.com\/rss\/articles\/CBMirAFBVV95cUxQSWtGYlhTQlo5N19JWHdHaTgzVnBzWjdGQ1hzdnFtNEEwN2g4VF9zMW1jQ1hyUXdGbHNxYWhkbzVFTzctUzJPeWR4ekRfejBCdHotVTRWaU1ITTNHMWNrcTBDbFJKakxINTcwZk9ZSFNrS3ZLQTNXaG5VOGpnTkE4bDJ2OGdqQTJEOW5CVlpLU05EWTNkSldybVVZUGc3Q09EX0ZGdUU0OEQxUDZ6?oc=5\" target=\"_blank\" rel=\"nofollow noopener\">Pourquoi les contreperformances d\u2019Isack Hadjar ne l\u2019inqui\u00e8tent pas ?<\/a>&nbsp;&nbsp;AutoHebdo<\/li>\n<li><a href=\"https:\/\/news.google.com\/rss\/articles\/CBMitAFBVV95cUxOUVpIWktXOURaZzI1U0xWd2pDQkphZXR0VG9ZNEN6YmRvT0dYQWNWVVNCOElBLVdtaEFSb2hCWDFwbk41UFV3U3YzUFA1c251NV9QNVFyaVg5NDZQd2RsMXRuYUpwRHZXUXhGS2ptdTdveDVaV05tcHVaaFdMVVNLclJkOWZKREl6N1NjeDJDMXNXNnNsOVJ5LTZCV0FNWk9pUi16TXVJQ1M5aTRvWm9nclU4Mlc?oc=5\" target=\"_blank\" rel=\"nofollow noopener\">Formule 1 : Isack Hadjar, le \u00ab\u00a0petit Prost\u00a0\u00bb qui ne demande qu\u2019\u00e0 grandir<\/a>&nbsp;&nbsp;France 24<\/li>\n<\/ol>\n","protected":false},"excerpt":{"rendered":"\u00ab Il a sorti une prestation remarquable en course \u00bb : le jour o\u00f9 Isack Hadjar a saut\u00e9&hellip;\n","protected":false},"author":2,"featured_media":357370,"comment_status":"","ping_status":"","sticky":false,"template":"","format":"standard","meta":{"footnotes":""},"categories":[1412],"tags":[1451,1452,1453,1454,1455,1011,27,60],"class_list":{"0":"post-357369","1":"post","2":"type-post","3":"status-publish","4":"format-standard","5":"has-post-thumbnail","7":"category-f1","8":"tag-f1","9":"tag-formula-1","10":"tag-formula1","11":"tag-formule-1","12":"tag-formule1","13":"tag-fr","14":"tag-france","15":"tag-sports"},"share_on_mastodon":{"url":"https:\/\/pubeurope.com\/@fr\/115126386445292487","error":""},"_links":{"self":[{"href":"https:\/\/www.europesays.com\/fr\/wp-json\/wp\/v2\/posts\/357369","targetHints":{"allow":["GET"]}}],"collection":[{"href":"https:\/\/www.europesays.com\/fr\/wp-json\/wp\/v2\/posts"}],"about":[{"href":"https:\/\/www.europesays.com\/fr\/wp-json\/wp\/v2\/types\/post"}],"author":[{"embeddable":true,"href":"https:\/\/www.europesays.com\/fr\/wp-json\/wp\/v2\/users\/2"}],"replies":[{"embeddable":true,"href":"https:\/\/www.europesays.com\/fr\/wp-json\/wp\/v2\/comments?post=357369"}],"version-history":[{"count":0,"href":"https:\/\/www.europesays.com\/fr\/wp-json\/wp\/v2\/posts\/357369\/revisions"}],"wp:featuredmedia":[{"embeddable":true,"href":"https:\/\/www.europesays.com\/fr\/wp-json\/wp\/v2\/media\/357370"}],"wp:attachment":[{"href":"https:\/\/www.europesays.com\/fr\/wp-json\/wp\/v2\/media?parent=357369"}],"wp:term":[{"taxonomy":"category","embeddable":true,"href":"https:\/\/www.europesays.com\/fr\/wp-json\/wp\/v2\/categories?post=357369"},{"taxonomy":"post_tag","embeddable":true,"href":"https:\/\/www.europesays.com\/fr\/wp-json\/wp\/v2\/tags?post=357369"}],"curies":[{"name":"wp","href":"https:\/\/api.w.org\/{rel}","templated":true}]}}