{"id":357371,"date":"2025-09-01T01:13:23","date_gmt":"2025-09-01T01:13:23","guid":{"rendered":"https:\/\/www.europesays.com\/fr\/357371\/"},"modified":"2025-09-01T01:13:23","modified_gmt":"2025-09-01T01:13:23","slug":"sud-gironde-cyclisme-max-krasinski-vainqueur-du-36eme-tour-des-landes","status":"publish","type":"post","link":"https:\/\/www.europesays.com\/fr\/357371\/","title":{"rendered":"Sud Gironde \u2013 CYCLISME \u2014 \u2014 Max Krasinski vainqueur du 36\u00e8me Tour des Landes"},"content":{"rendered":"<p>&#13;<br \/>\n    &#13;<\/p>\n<p class=\"uk-article-meta\">Publi\u00e9 le 31 ao\u00fbt 2025 dans R\u00e9sultats<\/p>\n<p>&#13;<\/p>\n<p>Max Krasinski vainqueur final du 36\u00e8me Tour des Landes<\/p>\n<p>&#13;<\/p>\n<p>Dimanche 31 Ao\u00fbt 2025<\/p>\n<p class=\"has-luminous-vivid-amber-background-color has-background\"><strong>36e TOUR DES LANDES<\/strong><br \/><strong>ORGANISATION :<\/strong>\u00a0COMITE DEPARTEMENTAL DES LANDES DE CYCLISME<br \/><strong>EPREUVE ELITE NATIONALE<\/strong><\/p>\n<p><strong>Speakers :<\/strong> Patrick Ballanger-Jean Claude Plant\u00e9<\/p>\n<p class=\"has-medium-font-size\"><strong>2\u00e8me \u00e9tape Montfort en Chalosse \u2013 Montfort en Chalosse (150 km)<\/strong><\/p>\n<p class=\"has-pale-cyan-blue-background-color has-background has-medium-font-size\"><strong>Victoire d\u2019\u00e9tape pour Th\u00e9o H\u00e9bert (Team Elite Orga US Saint Herblain).<\/strong><\/p>\n<p><img fetchpriority=\"high\" decoding=\"async\" width=\"1024\" height=\"682\" src=\"https:\/\/www.europesays.com\/fr\/wp-content\/uploads\/2025\/09\/DSC_0532.JPG-1-1024x682.jpg\" alt=\"\" class=\"wp-image-122552\"  \/><\/p>\n<p>2\u00e8me Max Krasinski 3 Luca De Vincenzi \u2026<\/p>\n<p class=\"has-luminous-vivid-amber-background-color has-background has-medium-font-size\"><strong>Vainqueur final du 36\u00e8me Tour des Landes : <\/strong><strong>Max Krasinski (APOGE Cycliste).<\/strong>.<\/p>\n<p><img loading=\"lazy\" decoding=\"async\" width=\"682\" height=\"1024\" src=\"https:\/\/www.europesays.com\/fr\/wp-content\/uploads\/2025\/09\/DSC_0580.JPG-1-682x1024.jpg\" alt=\"\" class=\"wp-image-122553\"  \/><\/p>\n<p>Protocole final<\/p>\n<p><img loading=\"lazy\" decoding=\"async\" width=\"1024\" height=\"510\" src=\"https:\/\/www.europesays.com\/fr\/wp-content\/uploads\/2025\/09\/DSC_0587.JPG-1-1024x510.jpg\" alt=\"\" class=\"wp-image-122554\"  \/><\/p>\n<p class=\"has-medium-font-size\"><strong>\u2014\u2014\u2014\u2014\u2014\u2014\u2014\u2014\u2014\u2014\u2014\u2014\u2014\u2014\u2014\u2014-<\/strong><\/p>\n<p>C\u2019\u00e9tait pr\u00e9vu (la pluie), mais dommage pour la ville de Montfort en Chalosse qui avait bien fait les choses, d\u00e9corations, vide grenier, etc\u2026 pour vivre une journ\u00e9e consacr\u00e9e au cyclisme et au Tour des Landes\u2026<\/p>\n<p>Le public nombreux sur le parcours et \u00e0 l\u2019approche de l\u2019arriv\u00e9e se replia vers les abris, la pluie tombait drue lors du dernier tiers de la course.<\/p>\n<p><img loading=\"lazy\" decoding=\"async\" width=\"1024\" height=\"682\" src=\"https:\/\/www.europesays.com\/fr\/wp-content\/uploads\/2025\/09\/DSC_0355-1024x682.jpg\" alt=\"\" class=\"wp-image-122564\"  \/><\/p>\n<p>Les \u00e9lus aux d\u00e9part<\/p>\n<p><img loading=\"lazy\" decoding=\"async\" width=\"1024\" height=\"682\" src=\"https:\/\/www.europesays.com\/fr\/wp-content\/uploads\/2025\/09\/DSC_0366-1024x682.jpg\" alt=\"\" class=\"wp-image-122565\"  \/><\/p>\n<p>La course est lanc\u00e9e<\/p>\n<p>Malgr\u00e9 les nombreuses tentatives d\u2019\u00e9chapp\u00e9es, il fallut attendre pour qu\u2019un premier groupe prenne le large kilom\u00e8tre 25.<\/p>\n<p><img loading=\"lazy\" decoding=\"async\" width=\"1024\" height=\"682\" src=\"https:\/\/www.europesays.com\/fr\/wp-content\/uploads\/2025\/09\/DSC_0378-1024x682.jpg\" alt=\"\" class=\"wp-image-122566\"  \/><\/p>\n<p>Le peloton tarda \u00e0 r\u00e9agir 1\u201930\u2019\u2019 \u00e0 Onard.<\/p>\n<p><img loading=\"lazy\" decoding=\"async\" width=\"1024\" height=\"682\" src=\"https:\/\/www.europesays.com\/fr\/wp-content\/uploads\/2025\/09\/DSC_0392-1024x682.jpg\" alt=\"\" class=\"wp-image-122567\"  \/><\/p>\n<p>Luca De Vincenzi (le leader) en compagnie d\u2019Aaron Nougu\u00e9 fit un retour \u00e9clair sur ce gros groupe mais n\u2019insista pas.<\/p>\n<p>Paul Picard son \u00e9quipier victime d\u2019un probl\u00e8me m\u00e9canique naviguait loin derri\u00e8re. Le leader attendit son retour qui mit du temps, Alexis Deus se laissa d\u00e9crocher pour jouer le bon samaritain mais les \u00e9chapp\u00e9s n\u2019attendaient pas.<\/p>\n<p><img loading=\"lazy\" decoding=\"async\" width=\"1024\" height=\"682\" src=\"https:\/\/www.europesays.com\/fr\/wp-content\/uploads\/2025\/09\/DSC_0405-1024x682.jpg\" alt=\"\" class=\"wp-image-122568\"  \/><\/p>\n<p><img loading=\"lazy\" decoding=\"async\" width=\"1024\" height=\"682\" src=\"https:\/\/www.europesays.com\/fr\/wp-content\/uploads\/2025\/09\/DSC_0411-1024x682.jpg\" alt=\"\" class=\"wp-image-122569\"  \/><\/p>\n<p>David Boutville et Mathieu David filaient dans le vent violent alors que le peloton se reconstituait.<\/p>\n<p><img loading=\"lazy\" decoding=\"async\" width=\"1024\" height=\"682\" src=\"https:\/\/www.europesays.com\/fr\/wp-content\/uploads\/2025\/09\/DSC_0445-1024x682.jpg\" alt=\"\" class=\"wp-image-122574\"  \/><\/p>\n<p> Leur avance prit de l\u2019importance avant une r\u00e9action de J\u00e9r\u00e9mie Malinge qui retrouva en t\u00eate Mathieu David, Albert Muntanya Plana, Aur\u00e9lien Pasquet, Louis Marcenac, David Bouteville.<\/p>\n<p>Apr\u00e8s avoir approch\u00e9 les 3 minutes d\u2019avance le groupe perdit de son homog\u00e9n\u00e9it\u00e9, J\u00e9r\u00e9mie Malinge \u00e9tait trop fort, il repartit avec Mathieu David qu\u2019il d\u00e9crocha \u00e0 30 kilom\u00e8tres de l\u2019arriv\u00e9e alors que l\u2019orage, la pluie violente firent leur apparition.<\/p>\n<p><img loading=\"lazy\" decoding=\"async\" width=\"1024\" height=\"682\" src=\"https:\/\/www.europesays.com\/fr\/wp-content\/uploads\/2025\/09\/DSC_0458-1-1024x682.jpg\" alt=\"\" class=\"wp-image-122575\"  \/><\/p>\n<p>J\u00e9r\u00e9mie Malinge le Charentais du Top 16 comptait encore une avance qui paraissait suffisante pour rallier l\u2019arriv\u00e9e en vainqueur, mais il avait beaucoup donn\u00e9.<\/p>\n<p><img loading=\"lazy\" decoding=\"async\" width=\"1024\" height=\"682\" src=\"https:\/\/www.europesays.com\/fr\/wp-content\/uploads\/2025\/09\/DSC_0507-1024x682.jpg\" alt=\"\" class=\"wp-image-122588\"  \/><\/p>\n<p>Th\u00e9o H\u00e9bert et Max Krasinski \u00e9taient les derniers \u00e0 tenter l\u2019aventure lors du final pour rallier l\u2019arriv\u00e9e ou le coureur de Saint Herblain se montrait le plus rapide alors que le jeune Anglais s\u2019adjugeait le 36\u00e8me Tour des Landes.<\/p>\n<p><img loading=\"lazy\" decoding=\"async\" width=\"1024\" height=\"682\" src=\"https:\/\/www.europesays.com\/fr\/wp-content\/uploads\/2025\/09\/DSC_0531-1024x682.jpg\" alt=\"\" class=\"wp-image-122576\"  \/><\/p>\n<p>La r\u00e9action de Luca De Vencenzi \u00e9tait trop tardive m\u00eame s\u2019il devan\u00e7a le groupe des derniers r\u00e9sistants.<\/p>\n<p><img loading=\"lazy\" decoding=\"async\" width=\"1024\" height=\"682\" src=\"https:\/\/www.europesays.com\/fr\/wp-content\/uploads\/2025\/09\/DSC_0537-1024x682.jpg\" alt=\"\" class=\"wp-image-122577\"  \/><\/p>\n<p>Ce fut une course \u00e0 rebondissements parfaitement organis\u00e9e par Bastien Lamude le pr\u00e9sident du Comit\u00e9 des Landes <\/p>\n<p><img loading=\"lazy\" decoding=\"async\" width=\"1024\" height=\"682\" src=\"https:\/\/www.europesays.com\/fr\/wp-content\/uploads\/2025\/09\/DSC_0353-1024x682.jpg\" alt=\"\" class=\"wp-image-122584\"  \/><\/p>\n<p>et tous ses amis landais, s\u00e9curis\u00e9 par 22 motards des groupes des Gardians et de l\u2019Axoa avec en plus 2 motards policiers.<\/p>\n<p><img loading=\"lazy\" decoding=\"async\" width=\"1024\" height=\"478\" src=\"https:\/\/www.europesays.com\/fr\/wp-content\/uploads\/2025\/09\/DSC_0351-1024x478.jpg\" alt=\"\" class=\"wp-image-122579\"  \/><\/p>\n<p>Ci dessous, podium vainqueur de ce 36\u00e8me tour des Landes<\/p>\n<p><img loading=\"lazy\" decoding=\"async\" width=\"1024\" height=\"420\" src=\"https:\/\/www.europesays.com\/fr\/wp-content\/uploads\/2025\/09\/DSC_0576.JPG-1-1024x420.jpg\" alt=\"\" class=\"wp-image-122578\"  \/><\/p>\n<p>Merci \u00e0 Michel mon pilote moto sur ce Tour. <\/p>\n<p><img loading=\"lazy\" decoding=\"async\" width=\"1024\" height=\"682\" src=\"https:\/\/www.europesays.com\/fr\/wp-content\/uploads\/2025\/09\/DSC_0425-1024x682.jpg\" alt=\"\" class=\"wp-image-122571\"  \/><\/p>\n<p class=\"has-medium-font-size\"><strong><a href=\"https:\/\/photos.google.com\/share\/AF1QipOsRmiJxXxjGbtLylgH-x8pJoQCOpK75DTWy1XV6zgjMfFevBz0onf-LbBwnofkDQ?key=ejRTY1NtQVN1TGk0alZubEUwYjV3SDc5cVRnV3hB\" data-type=\"link\" data-id=\"https:\/\/photos.google.com\/share\/AF1QipOsRmiJxXxjGbtLylgH-x8pJoQCOpK75DTWy1XV6zgjMfFevBz0onf-LbBwnofkDQ?key=ejRTY1NtQVN1TGk0alZubEUwYjV3SDc5cVRnV3hB\" target=\"_blank\" rel=\"noreferrer noopener nofollow\">Album photos en cliquant sur l\u2019image ci-dessous<\/a><\/strong><\/p>\n<p><a href=\"https:\/\/photos.google.com\/share\/AF1QipOsRmiJxXxjGbtLylgH-x8pJoQCOpK75DTWy1XV6zgjMfFevBz0onf-LbBwnofkDQ?key=ejRTY1NtQVN1TGk0alZubEUwYjV3SDc5cVRnV3hB\" target=\"_blank\" rel=\" noreferrer noopener nofollow\"><img loading=\"lazy\" decoding=\"async\" width=\"1024\" height=\"682\" src=\"https:\/\/www.europesays.com\/fr\/wp-content\/uploads\/2025\/09\/DSC_0414-1024x682.jpg\" alt=\"\" class=\"wp-image-122570\"  \/><\/a><\/p>\n<p class=\"has-medium-font-size\">Classement \u00e9tape, remerciements \u00e0 Henri Lafargue <a href=\"https:\/\/www.stsport.fr\/\" target=\"_blank\" rel=\"noreferrer noopener nofollow\">https:\/\/www.stsport.fr\/<\/a><\/p>\n<p>Pl. Nom Pr\u00e9nom Eq. Temps Ecart<br \/>1 * HEBERT Theo (FRA) USSH 3h42\u201937\u00a0\u00bb<br \/>2 * KRASINSKI Max (GBR) APO \u00a0\u00bb \u00e0 00\u00a0\u00bb<br \/>3 DE VINCENZI Luca (FRA) OCF 3h42\u201951\u00a0\u00bb \u00e0 14\u00a0\u00bb<br \/>4 * NOUGUE DESSUS Aaron (FRA) TELCO \u00a0\u00bb \u00a0\u00bb<br \/>5 * PICARD Paul (FRA) OCF \u00a0\u00bb \u00a0\u00bb<br \/>6 * MALINGE J\u00e9r\u00e9mie (FRA) TOP16 \u00a0\u00bb \u00a0\u00bb<br \/>7 * MERCERON Alix (FRA) TDS \u00a0\u00bb \u00a0\u00bb<br \/>8 * TREMOULET Antoine (FRA) CD81 3h43\u201904\u00a0\u00bb \u00e0 27\u00a0\u00bb<br \/>9 * GARAIAR PIKABEA Be\u00f1at (ESP) TELCO \u00a0\u00bb \u00a0\u00bb<br \/>10 LE BOHEC Axel (FRA) USSH 3h43\u201908\u00a0\u00bb \u00e0 31\u00a0\u00bb<br \/>11 * APPLENCOURT Ryan (FRA) APO \u00a0\u00bb \u00a0\u00bb<br \/>12 * MORANCHO Julien (FRA) CD81 \u00a0\u00bb \u00a0\u00bb<br \/>13 * GANE Enzo (FRA) TCS 3h43\u201911\u00a0\u00bb \u00e0 34\u00a0\u00bb<br \/>14 CHARTIER Pierre (FRA) LVS \u00a0\u00bb \u00a0\u00bb<br \/>15 * HAILE Eyob (ERI) LVS \u00a0\u00bb \u00a0\u00bb<br \/>16 * MIGEON Romain (FRA) TDS 3h43\u201915\u00a0\u00bb \u00e0 38\u00a0\u00bb<br \/>17 * DUFORT Corentin (FRA) LVS 3h43\u201947\u00a0\u00bb \u00e0 01\u201910\u00a0\u00bb<br \/>18 * MUNTANYA PLANA Albert (ESP) TELCO 3h44\u201923\u00a0\u00bb \u00e0 01\u201946\u00a0\u00bb<br \/>19 DEUS Alexis (FRA) OCF \u00a0\u00bb \u00a0\u00bb<br \/>20 * ROBERTSON Elliot (NZL) TELCO \u00a0\u00bb \u00a0\u00bb<br \/>21 * BROUSSE Mathieu (FRA) CCPD \u00a0\u00bb \u00a0\u00bb<br \/>22 CODEGA Damien (FRA) CD64 3h44\u201927\u00a0\u00bb \u00e0 01\u201950\u00a0\u00bb<br \/>23 * LEBOT Thomas (FRA) USSH 3h44\u201931\u00a0\u00bb \u00e0 01\u201954\u00a0\u00bb<br \/>24 * POCZERNIN Mathias (FRA) TC-AC 3h44\u201937\u00a0\u00bb \u00e0 02\u201900\u00a0\u00bb<br \/>25 * HEBE Clement (FRA) SSC \u00a0\u00bb \u00a0\u00bb<br \/>26 WOLF Gregoire (FRA) LVS 3h44\u201947\u00a0\u00bb \u00e0 02\u201910\u00a0\u00bb<br \/>27 * LAFFINEUR Theo (FRA) CCPD \u00a0\u00bb \u00a0\u00bb<br \/>28 PELLIER Pierre Mathieu (FRA) SM\/DS 3h44\u201951\u00a0\u00bb \u00e0 02\u201914\u00a0\u00bb<br \/>29 * MARCENAC Louis (FRA) OCF 3h45\u201901\u00a0\u00bb \u00e0 02\u201924\u00a0\u00bb<br \/>30 PASQUET Aurelien (FRA) CCPD 3h45\u201916\u00a0\u00bb \u00e0 02\u201939\u00a0\u00bb<br \/>31 LANGELLA Lilian (FRA) TOP16 3h45\u201920\u00a0\u00bb \u00e0 02\u201943\u00a0\u00bb<br \/>32 * GALLO Aurelien (FRA) CD64 3h46\u201946\u00a0\u00bb \u00e0 04\u201909\u00a0\u00bb<br \/>33 * RENARD Valentin (FRA) CD64 \u00a0\u00bb \u00a0\u00bb<br \/>34 * PANCHE Maxime (FRA) TOP16 3h47\u201946\u00a0\u00bb \u00e0 05\u201909\u00a0\u00bb<br \/>35 * DAVID Mathieu (FRA) USSH 3h48\u201918\u00a0\u00bb \u00e0 05\u201941\u00a0\u00bb<br \/>36 GABRIEL Julien (FRA) TC-AC 3h49\u201932\u00a0\u00bb \u00e0 06\u201955\u00a0\u00bb<br \/>37 ROY Loic (FRA) TCS 3h50\u201905\u00a0\u00bb \u00e0 07\u201928\u00a0\u00bb<\/p>\n<p>38 FONTENELLE Noam (FRA) OCF 3h50\u201935\u00a0\u00bb \u00e0 07\u201958\u00a0\u00bb<br \/>39 * SAUBERE Lo\u00efs (FRA) CD81 3h51\u201904\u00a0\u00bb \u00e0 08\u201927\u00a0\u00bb<br \/>40 MURA Jean (FRA) LVS 3h51\u201908\u00a0\u00bb \u00e0 08\u201931\u00a0\u00bb<br \/>41 LADEIRO Benoit (FRA) CD64 3h52\u201935\u00a0\u00bb \u00e0 09\u201958\u00a0\u00bb<br \/>42 * BUSQUERES Nathan (FRA) CD81 3h56\u201935\u00a0\u00bb \u00e0 13\u201958\u00a0\u00bb<br \/>43 * GRACIETTE Teo (FRA) LVS 4h06\u201933\u00a0\u00bb \u00e0 23\u201956\u00a0\u00bb<br \/>DNF * COLMENERO FERNANDEZ Oier (ESP) TELCO<br \/>DNF LUINAUD Romain (FRA) TCS<br \/>DNF FRALIN Jamy (FRA) TCS<br \/>DNF VERMANDE Pierre (FRA) TCS<br \/>DNF * OLLIVAUD Mathis (FRA) USSH<br \/>DNF * DUPIN Mathieu (FRA) SM\/DS<br \/>DNF GABASTON Remy (FRA) SM\/DS<br \/>DNF * SOULAS Thomas (FRA) APO<br \/>DNF LE FUR Maxence (FRA) APO<br \/>DNF * PAPIN Theo (FRA) APO<br \/>DNF * FERNANDEZ Maxime (FRA) APO<br \/>DNF JAMIN Pierrick (FRA) TDS<br \/>DNF CHARPENTIER Theo (FRA) TDS<br \/>DNF * COTTAIS Nathan (FRA) TDS<br \/>DNF DUVIGNEAU Guillaume (FRA) TDS<br \/>DNF LOUBEAU Enzo (FRA) CD81<br \/>DNF * FAURE Corentin (FRA) CCPD<br \/>DNF ARLA J\u00e9r\u00e9my (FRA) ACBB<br \/>DNF * DULOUT Simon (FRA) ACBB<br \/>DNF MALAUSSANNE Jeoffrey (FRA) ACBB<br \/>DNF BOUTVILLE David (FRA) SSC<br \/>DNF * MAHIER Robin (FRA) SSC<br \/>DNF * FERDINAND Antoine (FRA) SSC<br \/>DNF * BOSSARD Emile (FRA) SSC<br \/>DNF LACOSTE Anthony (FRA) CD64<br \/>DNF * BONALUMI Alban (FRA) TC-AC<br \/>DNF * DESPEYROUX Florian (FRA) TC-AC<br \/>DNF * SEIGNEURET Thomas (FRA) TC-AC<br \/>DNS * JANITOR Paolo (FRA) USSH<br \/>DNS * CARREAU Thomas (FRA) CCPD<\/p>\n<p class=\"has-luminous-vivid-amber-background-color has-background has-large-font-size\"><strong><a href=\"https:\/\/www.sudgirondecyclisme.fr\/wp-content\/uploads\/2025\/08\/2eme-etape-Montfort-en-Chalosse.pdf\" data-type=\"link\" data-id=\"https:\/\/www.sudgirondecyclisme.fr\/wp-content\/uploads\/2025\/08\/2eme-etape-Montfort-en-Chalosse.pdf\" target=\"_blank\" rel=\"noreferrer noopener nofollow\">Tous les classements en cliquant ICI<\/a><\/strong><\/p>\n<p>&#13;<\/p>\n","protected":false},"excerpt":{"rendered":"&#13; &#13; Publi\u00e9 le 31 ao\u00fbt 2025 dans R\u00e9sultats &#13; Max Krasinski vainqueur final du 36\u00e8me Tour des&hellip;\n","protected":false},"author":2,"featured_media":357372,"comment_status":"","ping_status":"","sticky":false,"template":"","format":"standard","meta":{"footnotes":""},"categories":[1411],"tags":[1154,207,1011,27,60],"class_list":{"0":"post-357371","1":"post","2":"type-post","3":"status-publish","4":"format-standard","5":"has-post-thumbnail","7":"category-cyclisme","8":"tag-cycling","9":"tag-cyclisme","10":"tag-fr","11":"tag-france","12":"tag-sports"},"share_on_mastodon":{"url":"https:\/\/pubeurope.com\/@fr\/115126391385209461","error":""},"_links":{"self":[{"href":"https:\/\/www.europesays.com\/fr\/wp-json\/wp\/v2\/posts\/357371","targetHints":{"allow":["GET"]}}],"collection":[{"href":"https:\/\/www.europesays.com\/fr\/wp-json\/wp\/v2\/posts"}],"about":[{"href":"https:\/\/www.europesays.com\/fr\/wp-json\/wp\/v2\/types\/post"}],"author":[{"embeddable":true,"href":"https:\/\/www.europesays.com\/fr\/wp-json\/wp\/v2\/users\/2"}],"replies":[{"embeddable":true,"href":"https:\/\/www.europesays.com\/fr\/wp-json\/wp\/v2\/comments?post=357371"}],"version-history":[{"count":0,"href":"https:\/\/www.europesays.com\/fr\/wp-json\/wp\/v2\/posts\/357371\/revisions"}],"wp:featuredmedia":[{"embeddable":true,"href":"https:\/\/www.europesays.com\/fr\/wp-json\/wp\/v2\/media\/357372"}],"wp:attachment":[{"href":"https:\/\/www.europesays.com\/fr\/wp-json\/wp\/v2\/media?parent=357371"}],"wp:term":[{"taxonomy":"category","embeddable":true,"href":"https:\/\/www.europesays.com\/fr\/wp-json\/wp\/v2\/categories?post=357371"},{"taxonomy":"post_tag","embeddable":true,"href":"https:\/\/www.europesays.com\/fr\/wp-json\/wp\/v2\/tags?post=357371"}],"curies":[{"name":"wp","href":"https:\/\/api.w.org\/{rel}","templated":true}]}}