{"id":357377,"date":"2025-09-01T01:16:12","date_gmt":"2025-09-01T01:16:12","guid":{"rendered":"https:\/\/www.europesays.com\/fr\/357377\/"},"modified":"2025-09-01T01:16:12","modified_gmt":"2025-09-01T01:16:12","slug":"les-ateliers-des-reves-tagues-dans-la-nuit-a-pouligny-notre-dame","status":"publish","type":"post","link":"https:\/\/www.europesays.com\/fr\/357377\/","title":{"rendered":"Les Ateliers des r\u00eaves tagu\u00e9s dans la nuit \u00e0 Pouligny-Notre-Dame"},"content":{"rendered":"<p>Alors qu\u2019il se trouve en d\u00e9placement \u00e0 plusieurs centaines de kilom\u00e8tres de <a target=\"_self\" href=\"https:\/\/www.lanouvellerepublique.fr\/indre\/commune\/pouligny-notre-dame\" rel=\"noopener\">Pouligny-Notre-Dame<\/a>, dans le cadre de son m\u00e9tier d\u2019artiste magicien, le t\u00e9l\u00e9phone de <a target=\"_self\" href=\"https:\/\/www.lanouvellerepublique.fr\/indre\/commune\/pouligny-notre-dame\/le-magicien-renforce-les-couturieres-de-pouligny-notre-dame\" rel=\"noopener\">Sandou<\/a> \u2013 son nom de sc\u00e8ne \u2013 n\u2019arr\u00eate pas de vibrer. Le b\u00e2timent qu\u2019il a investi il y a pr\u00e8s de deux ans a \u00e9t\u00e9 tagu\u00e9 sur plusieurs m\u00e8tres dans la nuit de samedi\u00a030 \u00e0 dimanche 31\u00a0ao\u00fbt 2025. \u00ab\u00a0Je suis tr\u00e8s reconnaissant des habitants et des gens aux alentours. Depuis 7\u00a0h\u00a030 ce matin, j\u2019ai d\u00fb recevoir une quarantaine de messages, de photos, de personnes qui passent devant. Cela me touc&#8230; <\/p>\n<p>    Cet article a \u00e9t\u00e9 tronqu\u00e9. Abonnez-vous pour lire l&rsquo;article complet sur notre site.<\/p>\n<p style=\"margin: 0 !important; padding: 0 !important; font-size: 12px !important;\">Cet article a \u00e9t\u00e9 tronqu\u00e9. Abonnez-vous pour lire l&rsquo;article complet.<\/p>\n<p>    <a href=\"https:\/\/www.lanouvellerepublique.fr\/abonnements\" style=\"display: inline-block; margin-top: 5px !important; padding: 6px 12px !important; background: #cb1c27; color: white; text-decoration: none; border-radius: 4px; font-size: 12px !important;\" target=\"_blank\" rel=\"noopener\"><br \/>\n      S&rsquo;abonner<br \/>\n    <\/a><\/p>\n","protected":false},"excerpt":{"rendered":"Alors qu\u2019il se trouve en d\u00e9placement \u00e0 plusieurs centaines de kilom\u00e8tres de Pouligny-Notre-Dame, dans le cadre de son&hellip;\n","protected":false},"author":2,"featured_media":357378,"comment_status":"","ping_status":"","sticky":false,"template":"","format":"standard","meta":{"footnotes":""},"categories":[1358],"tags":[1392,1348,1384,1385,1386,58,59,274,1011,27,5052,47117],"class_list":{"0":"post-357377","1":"post","2":"type-post","3":"status-publish","4":"format-standard","5":"has-post-thumbnail","7":"category-arts-et-design","8":"tag-a-la-une-local","9":"tag-arts","10":"tag-arts-and-design","11":"tag-arts-et-design","12":"tag-design","13":"tag-divertissement","14":"tag-entertainment","15":"tag-faits-divers-justice","16":"tag-fr","17":"tag-france","18":"tag-indre","19":"tag-pouligny-notre-dame"},"share_on_mastodon":{"url":"https:\/\/pubeurope.com\/@fr\/115126402210997508","error":""},"_links":{"self":[{"href":"https:\/\/www.europesays.com\/fr\/wp-json\/wp\/v2\/posts\/357377","targetHints":{"allow":["GET"]}}],"collection":[{"href":"https:\/\/www.europesays.com\/fr\/wp-json\/wp\/v2\/posts"}],"about":[{"href":"https:\/\/www.europesays.com\/fr\/wp-json\/wp\/v2\/types\/post"}],"author":[{"embeddable":true,"href":"https:\/\/www.europesays.com\/fr\/wp-json\/wp\/v2\/users\/2"}],"replies":[{"embeddable":true,"href":"https:\/\/www.europesays.com\/fr\/wp-json\/wp\/v2\/comments?post=357377"}],"version-history":[{"count":0,"href":"https:\/\/www.europesays.com\/fr\/wp-json\/wp\/v2\/posts\/357377\/revisions"}],"wp:featuredmedia":[{"embeddable":true,"href":"https:\/\/www.europesays.com\/fr\/wp-json\/wp\/v2\/media\/357378"}],"wp:attachment":[{"href":"https:\/\/www.europesays.com\/fr\/wp-json\/wp\/v2\/media?parent=357377"}],"wp:term":[{"taxonomy":"category","embeddable":true,"href":"https:\/\/www.europesays.com\/fr\/wp-json\/wp\/v2\/categories?post=357377"},{"taxonomy":"post_tag","embeddable":true,"href":"https:\/\/www.europesays.com\/fr\/wp-json\/wp\/v2\/tags?post=357377"}],"curies":[{"name":"wp","href":"https:\/\/api.w.org\/{rel}","templated":true}]}}