{"id":357381,"date":"2025-09-01T01:18:18","date_gmt":"2025-09-01T01:18:18","guid":{"rendered":"https:\/\/www.europesays.com\/fr\/357381\/"},"modified":"2025-09-01T01:18:18","modified_gmt":"2025-09-01T01:18:18","slug":"lea-salame-laurent-ruquier-decontenance-lors-de-leur-premiere-rencontre-elle-a-renverse-la-situation","status":"publish","type":"post","link":"https:\/\/www.europesays.com\/fr\/357381\/","title":{"rendered":"L\u00e9a Salam\u00e9 : Laurent Ruquier d\u00e9contenanc\u00e9 lors de leur premi\u00e8re rencontre \u00ab\u00a0Elle a renvers\u00e9 la situation !\u00a0\u00bb"},"content":{"rendered":"<p>Plus de vingt ans avant d&rsquo;h\u00e9riter de la grande messe de 20 heures sur France 2, L\u00e9a Salam\u00e9 faisait ses premiers pas \u00e0 la t\u00e9l\u00e9vision sur Public S\u00e9nat en 2003, puis sur la cha\u00eene internationale France 24 trois ans plus tard, o\u00f9 elle pr\u00e9sentait d\u00e9j\u00e0 les journaux&#8230;<\/p>\n<p><a id=\"eztoc103281042_1\"\/>L\u00e9a Salam\u00e9 : sa coll\u00e8gue de France 24 Vanessa Burggraf se souvient&#8230;<\/p>\n<p>L\u00e0-bas, elle avait c\u00f4toy\u00e9 Vanessa Burggraf (qui ignore alors qu&rsquo;elle va lui succ\u00e9der au poste de pol\u00e9miste dans On n&rsquo;est pas couch\u00e9 dix ans plus tard, ndlr), avec qui elle est toujours en bons termes.\u00a0\u00ab\u00a0C\u2019est une femme d\u2019action qui n\u2019aime pas rester dans sa zone de confort. Elle a une \u00e9nergie folle, une vitalit\u00e9 incroyable, besoin d\u2019\u00eatre tout le temps dans le mouvement. (&#8230;)\u00a0Elle avait un go\u00fbt tr\u00e8s affirm\u00e9 pour l\u2019actualit\u00e9 internationale, beaucoup de flair et c\u2019\u00e9tait aussi une excellente intervieweuse\u00a0\u00bb, d\u00e9clare dans   <a href=\"https:\/\/www.leparisien.fr\/culture-loisirs\/tv\/elle-etait-deja-star-avant-de-le-devenir-les-debuts-de-lea-salame-apprentie-journaliste-vite-remarquee-30-08-2025-WURDFJFUOBEEVCL2NCTYLJAB6I.php\" target=\"_blank\" rel=\"noopener nofollow\">Le Parisien<\/a> celle qui a v\u00e9cu le d\u00e9part de L\u00e9a Salam\u00e9 en 2006 comme un \u00ab\u00a0d\u00e9chirement\u00a0\u00bb. Apr\u00e8s une ascension fulgurante sur France 24 o\u00f9 elle est rapidement devenue l&rsquo;un des visages phares, L\u00e9a Salam\u00e9 a \u00e9t\u00e9 d\u00e9bauch\u00e9e par la cha\u00eene d&rsquo;information en continu du groupe Canal+, iT\u00e9l\u00e9&#8230;<\/p>\n<p><a id=\"eztoc103281042_2\"\/>Laurent Ruquier raconte comment L\u00e9a Salam\u00e9 l&rsquo;a convaincu de la choisir pour On n&rsquo;est pas couch\u00e9<\/p>\n<p>L\u00e0-bas, elle fait un passage remarqu\u00e9 et aussit\u00f4t tap\u00e9 dans l&rsquo;oeil de son coll\u00e8gue Pascal Praud,   <a href=\"https:\/\/www.programme-television.org\/news\/people\/vie-privee\/laurent-ruquier-retrouve-lea-salame-et-la-met-en-garde-quand-les-promesses-ne-sont-pas-tenues-4740930\" target=\"_blank\" rel=\"noopener nofollow\">mais aussi de Laurent Ruquier<\/a>, qui cherche sur France 2 une chroniqueuse pour succ\u00e9der \u00e0 Natacha Polony dans son talk show hebdomadaire de deuxi\u00e8me partie de soir\u00e9e, On n&rsquo;est pas couch\u00e9. Au printemps 2014, l&rsquo;animateur lui donne rendez-vous dans un bistrot parisien, place Saint-Sulpice. Et l&rsquo;entretien a pris une tournure totalement inattendue pour le pr\u00e9sentateur.\u00a0\u00ab\u00a0Alors que c\u2019\u00e9tait moi qui devais la tester pendant une heure, elle a renvers\u00e9 la situation en me posant des questions qu\u2019on ne m\u2019avait jamais pos\u00e9es. En un rendez-vous, elle m\u2019avait convaincu.\u00a0Moi qui suis plut\u00f4t un taiseux, elle a r\u00e9ussi \u00e0 me faire parler de plein de choses tr\u00e8s rapidement. Je n\u2019en revenais pas !\u00a0\u00bb, se souvient Laurent Ruquier, \u00e9pat\u00e9 par leur rencontre. Sans h\u00e9siter, il la recrute pour   <a href=\"https:\/\/www.programme-television.org\/news\/tv\/actualites-audiovisuel\/lea-salame-au-jt-de-20h-aymeric-caron-confie-etre-dubitatif-face-a-cette-nomination-et-au-respect-du-service-public-4742578\" target=\"_blank\" rel=\"noopener nofollow\">partager le plateau avec Aymeric Caron<\/a> puis Yann Moix jusqu&rsquo;en 2016. Au bout de deux saisons, L\u00e9a Salam\u00e9 est partie pour voler de ses propres ailes sur la cha\u00eene, en devenant pr\u00e9sentatrice des rendez-vous politiques de la Deux.<\/p>\n","protected":false},"excerpt":{"rendered":"Plus de vingt ans avant d&rsquo;h\u00e9riter de la grande messe de 20 heures sur France 2, L\u00e9a Salam\u00e9&hellip;\n","protected":false},"author":2,"featured_media":357382,"comment_status":"","ping_status":"","sticky":false,"template":"","format":"standard","meta":{"footnotes":""},"categories":[1356],"tags":[58,59,1011,27,252,1364],"class_list":{"0":"post-357381","1":"post","2":"type-post","3":"status-publish","4":"format-standard","5":"has-post-thumbnail","7":"category-television","8":"tag-divertissement","9":"tag-entertainment","10":"tag-fr","11":"tag-france","12":"tag-television","13":"tag-tv"},"share_on_mastodon":{"url":"https:\/\/pubeurope.com\/@fr\/115126409954831392","error":""},"_links":{"self":[{"href":"https:\/\/www.europesays.com\/fr\/wp-json\/wp\/v2\/posts\/357381","targetHints":{"allow":["GET"]}}],"collection":[{"href":"https:\/\/www.europesays.com\/fr\/wp-json\/wp\/v2\/posts"}],"about":[{"href":"https:\/\/www.europesays.com\/fr\/wp-json\/wp\/v2\/types\/post"}],"author":[{"embeddable":true,"href":"https:\/\/www.europesays.com\/fr\/wp-json\/wp\/v2\/users\/2"}],"replies":[{"embeddable":true,"href":"https:\/\/www.europesays.com\/fr\/wp-json\/wp\/v2\/comments?post=357381"}],"version-history":[{"count":0,"href":"https:\/\/www.europesays.com\/fr\/wp-json\/wp\/v2\/posts\/357381\/revisions"}],"wp:featuredmedia":[{"embeddable":true,"href":"https:\/\/www.europesays.com\/fr\/wp-json\/wp\/v2\/media\/357382"}],"wp:attachment":[{"href":"https:\/\/www.europesays.com\/fr\/wp-json\/wp\/v2\/media?parent=357381"}],"wp:term":[{"taxonomy":"category","embeddable":true,"href":"https:\/\/www.europesays.com\/fr\/wp-json\/wp\/v2\/categories?post=357381"},{"taxonomy":"post_tag","embeddable":true,"href":"https:\/\/www.europesays.com\/fr\/wp-json\/wp\/v2\/tags?post=357381"}],"curies":[{"name":"wp","href":"https:\/\/api.w.org\/{rel}","templated":true}]}}