{"id":357383,"date":"2025-09-01T01:19:14","date_gmt":"2025-09-01T01:19:14","guid":{"rendered":"https:\/\/www.europesays.com\/fr\/357383\/"},"modified":"2025-09-01T01:19:14","modified_gmt":"2025-09-01T01:19:14","slug":"john-distefano-jesus-piece-repond-aux-accusations-daaron-heard","status":"publish","type":"post","link":"https:\/\/www.europesays.com\/fr\/357383\/","title":{"rendered":"John DiStefano (Jesus Piece) r\u00e9pond aux accusations d\u2019Aaron Heard"},"content":{"rendered":"<p><strong>John DiStefano, guitariste de <a href=\"https:\/\/www.metalzone.fr\/jesus-piece\/\" rel=\"nofollow noopener\" target=\"_blank\">Jesus Piece<\/a>, a r\u00e9agi publiquement aux propos r\u00e9cents d\u2019Aaron Heard, exprimant son d\u00e9sarroi face \u00e0 la rupture du groupe et aux accusations port\u00e9es contre les autres membres.<\/strong><\/p>\n<p>Une s\u00e9paration qui vire \u00e0 l\u2019affrontement public<\/p>\n<p>Le 26 ao\u00fbt 2025, trois membres de Jesus Piece \u2014 John DiStefano, David Updike et Luis Aponte \u2014 ont annonc\u00e9 la fin du groupe. Dans un message publi\u00e9 sur les r\u00e9seaux sociaux, ils d\u00e9claraient : \u201cJesus Piece est mort depuis un moment\u201d et accusaient le chanteur Aaron Heard d\u2019avoir quitt\u00e9 le projet de mani\u00e8re abrupte, avant de continuer l\u2019aventure en solo sous le nom Je$us Piece.<\/p>\n<p>Peu apr\u00e8s, Heard affirmait qu\u2019il avait \u00e9t\u00e9 plusieurs fois menac\u00e9 d\u2019exclusion, notamment pour avoir voulu passer Halloween avec son fils. Il annon\u00e7ait par ailleurs son intention de poursuivre les concerts sous le nom modifi\u00e9, provoquant l\u2019indignation de ses anciens camarades.<\/p>\n<p>John DiStefano contre-attaque<\/p>\n<p>Face \u00e0 ces accusations, John DiStefano a pris la parole sur les r\u00e9seaux sociaux pour d\u00e9fendre sa version des faits. Dans un long message adress\u00e9 \u00e0 Heard, il \u00e9crit : \u201cC\u2019est triste d\u2019entendre que tu n\u2019as plus d\u2019affection pour moi apr\u00e8s 10 ans pass\u00e9s ensemble dans JP.\u201d<\/p>\n<p>Il r\u00e9fute cat\u00e9goriquement l\u2019id\u00e9e que le groupe ait voulu l\u2019\u00e9carter pour des raisons familiales : \u201cPeux-tu me rappeler quand on a essay\u00e9 de te remplacer apr\u00e8s que tu aies \u00e9t\u00e9 retenu \u00e0 la fronti\u00e8re ? Je suis revenu te chercher \u00e0 4h du matin, apr\u00e8s trois heures de route sans sommeil.\u201d<\/p>\n<p>Le guitariste pointe aussi du doigt les contradictions dans le discours de Heard : \u201cTu as quitt\u00e9 le groupe pour te consacrer \u00e0 ta famille, mais un mois plus tard tu continues sous le m\u00eame nom. C\u2019est \u00e9trange, surtout si tu as autant de m\u00e9pris pour nous.\u201d<\/p>\n<p>DiStefano conclut avec amertume : \u201cTu aurais pu cr\u00e9er un nouveau groupe et nous surpasser, mais tu as pr\u00e9f\u00e9r\u00e9 garder le m\u00eame nom. C\u2019est \u00e7a, le plus triste dans cette histoire.\u201d<\/p>\n<p>Le groupe Jesus Piece, tel qu\u2019on le connaissait, n\u2019existe plus \u2014 et les tensions publiques ne laissent gu\u00e8re entrevoir de r\u00e9conciliation \u00e0 venir.<\/p>\n","protected":false},"excerpt":{"rendered":"John DiStefano, guitariste de Jesus Piece, a r\u00e9agi publiquement aux propos r\u00e9cents d\u2019Aaron Heard, exprimant son d\u00e9sarroi face&hellip;\n","protected":false},"author":2,"featured_media":357384,"comment_status":"","ping_status":"","sticky":false,"template":"","format":"standard","meta":{"footnotes":""},"categories":[1355],"tags":[58,59,1011,27,1361,873],"class_list":{"0":"post-357383","1":"post","2":"type-post","3":"status-publish","4":"format-standard","5":"has-post-thumbnail","7":"category-musique","8":"tag-divertissement","9":"tag-entertainment","10":"tag-fr","11":"tag-france","12":"tag-music","13":"tag-musique"},"share_on_mastodon":{"url":"https:\/\/pubeurope.com\/@fr\/115126413757450438","error":""},"_links":{"self":[{"href":"https:\/\/www.europesays.com\/fr\/wp-json\/wp\/v2\/posts\/357383","targetHints":{"allow":["GET"]}}],"collection":[{"href":"https:\/\/www.europesays.com\/fr\/wp-json\/wp\/v2\/posts"}],"about":[{"href":"https:\/\/www.europesays.com\/fr\/wp-json\/wp\/v2\/types\/post"}],"author":[{"embeddable":true,"href":"https:\/\/www.europesays.com\/fr\/wp-json\/wp\/v2\/users\/2"}],"replies":[{"embeddable":true,"href":"https:\/\/www.europesays.com\/fr\/wp-json\/wp\/v2\/comments?post=357383"}],"version-history":[{"count":0,"href":"https:\/\/www.europesays.com\/fr\/wp-json\/wp\/v2\/posts\/357383\/revisions"}],"wp:featuredmedia":[{"embeddable":true,"href":"https:\/\/www.europesays.com\/fr\/wp-json\/wp\/v2\/media\/357384"}],"wp:attachment":[{"href":"https:\/\/www.europesays.com\/fr\/wp-json\/wp\/v2\/media?parent=357383"}],"wp:term":[{"taxonomy":"category","embeddable":true,"href":"https:\/\/www.europesays.com\/fr\/wp-json\/wp\/v2\/categories?post=357383"},{"taxonomy":"post_tag","embeddable":true,"href":"https:\/\/www.europesays.com\/fr\/wp-json\/wp\/v2\/tags?post=357383"}],"curies":[{"name":"wp","href":"https:\/\/api.w.org\/{rel}","templated":true}]}}