{"id":357390,"date":"2025-09-01T01:23:10","date_gmt":"2025-09-01T01:23:10","guid":{"rendered":"https:\/\/www.europesays.com\/fr\/357390\/"},"modified":"2025-09-01T01:23:10","modified_gmt":"2025-09-01T01:23:10","slug":"dans-le-mage-du-kremlin-comment-jude-law-sest-glisse-dans-la-peau-de-poutine","status":"publish","type":"post","link":"https:\/\/www.europesays.com\/fr\/357390\/","title":{"rendered":"dans \u00ab\u00a0Le mage du Kremlin\u00a0\u00bb, comment Jude Law s\u2019est gliss\u00e9 dans la peau de Poutine"},"content":{"rendered":"<p>        <img decoding=\"async\" loading=\"lazy\" src=\"https:\/\/www.europesays.com\/fr\/wp-content\/uploads\/2025\/09\/12a54fa_upload-1-m2qlmsyhkyyc-000-72ye7yl.jpg\"  width=\"728\" height=\"410\" alt=\"L\u2019acteur britannique Jude Law assiste au tapis rouge pour le film \u00ab Le Mage du Kremlin \u00bb pr\u00e9sent\u00e9 en comp\u00e9tition au 82e Festival international du film de Venise, le 31\u00a0ao\u00fbt 2025.\"\/>  <\/p>\n<p>STEFANO RELLANDINI \/ AFP<\/p>\n<p>L\u2019acteur britannique Jude Law assiste au tapis rouge pour le film \u00ab Le Mage du Kremlin \u00bb pr\u00e9sent\u00e9 en comp\u00e9tition au 82e Festival international du film de Venise, le 31\u00a0ao\u00fbt 2025.<\/p>\n<p class=\"asset asset-text\">CULTURE &#8211; Transformation radicale du corps et de l\u2019esprit. L\u2019acteur britannique<a href=\"https:\/\/www.huffingtonpost.fr\/culture\/article\/star-wars-skeleton-crew-jude-law-s-amuse-dans-cette-serie-delicieusement-retro_243023.html\" rel=\"nofollow noopener\" target=\"_blank\"> Jude\u00a0Law <\/a>raconte avoir scrut\u00e9 des images du pr\u00e9sident russe Vladimir Poutine jusqu\u2019\u00e0 l\u2019\u00ab\u00a0obsession\u00a0\u00bb pour pr\u00e9parer son r\u00f4le dans<a href=\"https:\/\/www.huffingtonpost.fr\/culture\/article\/prix-goncourt-le-mage-du-kremlin-un-livre-au-heros-pas-si-fictif_209534.html\" rel=\"nofollow noopener\" target=\"_blank\"> Le mage du Kremlin. <\/a>Ce film r\u00e9alis\u00e9 par<a href=\"https:\/\/www.huffingtonpost.fr\/actualites\/article\/interview-olivier-assayas-realisateur-du-film-apres-mai-se-confie-sur-la-jeunesse-et-l-engagement-politique_12217.html\" rel=\"nofollow noopener\" target=\"_blank\"> Olivier Assayas<\/a> ausculte les dynamiques de pouvoir \u00e0 Moscou, pr\u00e9sent\u00e9 ce dimanche 31\u00a0ao\u00fbt \u00e0 la Mostra de Venise.<\/p>\n<p class=\"asset asset-text\">En 2024, un film sur l\u2019ascension du pr\u00e9sident am\u00e9ricain Donald Trump (The Apprentice) avait d\u00e9j\u00e0 cr\u00e9\u00e9 l\u2019\u00e9v\u00e9nement lors de sa projection au festival de Cannes (France).<\/p>\n<p class=\"asset asset-text\">Cette fois-ci, c\u2019est l\u2019homme fort du Kremlin, aux affaires depuis 2000, qui est port\u00e9 \u00e0 l\u2019\u00e9cran. Pour ce r\u00f4le, l\u2019acteur britannique, un des plus c\u00e9l\u00e8bres de sa g\u00e9n\u00e9ration, porte une perruque et s\u2019est mis au judo.<\/p>\n<p>    \u00ab\u00a0Je n\u2019ai pas eu peur de r\u00e9percussions\u00a0\u00bb    <\/p>\n<p class=\"asset asset-text\">\u00ab\u00a0C\u2019est dingue ce qu\u2019on peut faire avec une bonne perruque\u00a0\u00bb, a-t-il ironis\u00e9 en conf\u00e9rence de presse. Il a expliqu\u00e9 peu conna\u00eetre au d\u00e9part la vie et la personnalit\u00e9 de Vladimir Poutine et s\u2019\u00eatre appuy\u00e9 sur les images et vid\u00e9os de lui en circulation. A un moment, \u00ab\u00a0\u00e7a devient une sorte d\u2019obsession, on cherche toujours plus de mat\u00e9riel r\u00e9cent\u00a0\u00bb.<\/p>\n<p class=\"asset asset-text\">C\u2019est la premi\u00e8re fois qu\u2019un acteur de cette envergure joue Vladimir Poutine. Pour\u00a0Jude\u00a0Law, accepter un tel r\u00f4le s\u2019est fait sans crainte.<\/p>\n<p class=\"asset asset-text\">\u00ab\u00a0Je n\u2019ai pas eu peur de r\u00e9percussions. Je me sentais en confiance entre les mains d\u2019Olivier (Assayas, le r\u00e9alisateur) et le sc\u00e9nario \u00e9tait une histoire qui allait \u00eatre racont\u00e9e de mani\u00e8re intelligente, avec nuance\u00a0\u00bb, a d\u00e9clar\u00e9 la star de 52 ans.<\/p>\n<p class=\"asset asset-text\">Mais Le mage du Kremlin n\u2019est pas un film sur l\u2019ascension de Vladimir Poutine. C\u2019est un long-m\u00e9trage sur \u00ab\u00a0la transformation de la politique\u00a0\u00bb, selon Olivier Assayas, 70 ans, en particulier pour les gens de sa g\u00e9n\u00e9ration.<\/p>\n<p>                     Adaptation d\u2019un roman \u00e0 succ\u00e8s    <\/p>\n<p class=\"asset asset-text\">Adapt\u00e9 du roman \u00e0 succ\u00e8s de Giuliano da Empoli, le film suit la carri\u00e8re de Vadim Baranov (Paul Dano), conseiller de l\u2019ombre de Vladimir Poutine largement inspir\u00e9 de Vladislav Sourkov, son \u00e9minence grise.<\/p>\n<p class=\"asset asset-text\">De la dislocation de l\u2019URSS au d\u00e9but des ann\u00e9es 1990 jusqu\u2019\u00e0 l\u2019annexion de la Crim\u00e9e ukrainienne par la Russie en 2014, le film chronique plus de deux d\u00e9cennies de vie politique russe, marqu\u00e9es par l\u2019accession au pouvoir de Vladimir Poutine &#8211; \u00ab\u00a0le tsar\u00a0\u00bb, comme l\u2019appelle Vadim Baranov.<\/p>\n<p class=\"asset asset-text\">Tourn\u00e9e en Lettonie, l\u2019\u0153uvre se veut une fiction \u00e9clairante sur les ressorts du pouvoir en Russie et l\u2019\u00e9tat d\u2019esprit de revanche sur l\u2019Occident qui y r\u00e8gne.<\/p>\n<p>                     Sortie en janvier en France    <\/p>\n<p class=\"asset asset-text\">On y croise une galerie de personnages ayant marqu\u00e9 l\u2019actualit\u00e9 ces derni\u00e8res ann\u00e9es, comme Evgu\u00e9ni Prigojine, l\u2019ancien patron du groupe de mercenaires Wagner, ou l\u2019oligarque Boris Berezovski, tous deux d\u00e9c\u00e9d\u00e9s.<\/p>\n<p class=\"asset asset-text\">Le film a \u00e9t\u00e9 enti\u00e8rement tourn\u00e9 en anglais. Une \u00e9vidence pour le sc\u00e9nariste et \u00e9crivain fran\u00e7ais Emmanuel Carr\u00e8re, fin connaisseur de la Russie, qui s\u2019est senti autoris\u00e9 \u00e0 le faire gr\u00e2ce au succ\u00e8s de la s\u00e9rie\u00a0Chernobyl.<\/p>\n<p class=\"asset asset-text\">Produit par Gaumont, aux ambitions internationales affirm\u00e9es, Le mage du Kremlin doit sortir en France en janvier 2026. Il n\u2019a pas manqu\u00e9 de faire d\u00e9j\u00e0 r\u00e9agir le Kremlin. \u00ab\u00a0Poutine est l\u2019un des dirigeants les plus exp\u00e9riment\u00e9s et les plus brillants de la plan\u00e8te. On peut difficilement surestimer son influence sur les affaires internationales. Il est donc bien naturel que divers pays du monde s\u2019int\u00e9ressent \u00e0 lui\u00a0\u00bb, a jug\u00e9 son porte-parole, Dmitri Peskov.<\/p>\n","protected":false},"excerpt":{"rendered":"STEFANO RELLANDINI \/ AFP L\u2019acteur britannique Jude Law assiste au tapis rouge pour le film \u00ab Le Mage&hellip;\n","protected":false},"author":2,"featured_media":357391,"comment_status":"","ping_status":"","sticky":false,"template":"","format":"standard","meta":{"footnotes":""},"categories":[8],"tags":[650,251,58,59,2081,1011,27,49326,48869,132,135],"class_list":{"0":"post-357390","1":"post","2":"type-post","3":"status-publish","4":"format-standard","5":"has-post-thumbnail","7":"category-divertissement","8":"tag-cinema","9":"tag-culture","10":"tag-divertissement","11":"tag-entertainment","12":"tag-film","13":"tag-fr","14":"tag-france","15":"tag-jude-law","16":"tag-mostra-de-venise","17":"tag-russie","18":"tag-vladimir-poutine"},"share_on_mastodon":{"url":"https:\/\/pubeurope.com\/@fr\/115126429573346388","error":""},"_links":{"self":[{"href":"https:\/\/www.europesays.com\/fr\/wp-json\/wp\/v2\/posts\/357390","targetHints":{"allow":["GET"]}}],"collection":[{"href":"https:\/\/www.europesays.com\/fr\/wp-json\/wp\/v2\/posts"}],"about":[{"href":"https:\/\/www.europesays.com\/fr\/wp-json\/wp\/v2\/types\/post"}],"author":[{"embeddable":true,"href":"https:\/\/www.europesays.com\/fr\/wp-json\/wp\/v2\/users\/2"}],"replies":[{"embeddable":true,"href":"https:\/\/www.europesays.com\/fr\/wp-json\/wp\/v2\/comments?post=357390"}],"version-history":[{"count":0,"href":"https:\/\/www.europesays.com\/fr\/wp-json\/wp\/v2\/posts\/357390\/revisions"}],"wp:featuredmedia":[{"embeddable":true,"href":"https:\/\/www.europesays.com\/fr\/wp-json\/wp\/v2\/media\/357391"}],"wp:attachment":[{"href":"https:\/\/www.europesays.com\/fr\/wp-json\/wp\/v2\/media?parent=357390"}],"wp:term":[{"taxonomy":"category","embeddable":true,"href":"https:\/\/www.europesays.com\/fr\/wp-json\/wp\/v2\/categories?post=357390"},{"taxonomy":"post_tag","embeddable":true,"href":"https:\/\/www.europesays.com\/fr\/wp-json\/wp\/v2\/tags?post=357390"}],"curies":[{"name":"wp","href":"https:\/\/api.w.org\/{rel}","templated":true}]}}