{"id":357405,"date":"2025-09-01T01:32:10","date_gmt":"2025-09-01T01:32:10","guid":{"rendered":"https:\/\/www.europesays.com\/fr\/357405\/"},"modified":"2025-09-01T01:32:10","modified_gmt":"2025-09-01T01:32:10","slug":"spectacle-equestre-la-belle-epoque-de-lart-deco","status":"publish","type":"post","link":"https:\/\/www.europesays.com\/fr\/357405\/","title":{"rendered":"Spectacle \u00e9questre La Belle Epoque de l\u2019Art d\u00e9co"},"content":{"rendered":"<p>Dans le cadre de M\u00e9tro\u2019Folies, la troupe du M\u00e9nil-Saint-Michel a sp\u00e9cialement con\u00e7u un spectacle pour rendre hommage \u00e0 la fi\u00e8vre cr\u00e9atrice qui a embras\u00e9 l\u2019\u00e9poque Art d\u00e9co, en s\u2019appuyant sur le parcours de Louis Majorelle. L\u2019artiste a vu et accompagn\u00e9 l\u2019\u00e9volution artistique de l\u2019Art nouveau vers l\u2019Art d\u00e9co. C\u2019est ce passage que le spectacle propose de raconter au fil d\u2019une s\u00e9rie de tableaux. Ils souligneront l\u2019effervescence artistique, culturelle, \u00e9conomique et industrielle de ces ann\u00e9es-l\u00e0.<\/p>\n<p class=\"note\">Dimanche 31\u00a0ao\u00fbt, \u00e0 18\u00a0h, au domaine de Montaigu, devant le ch\u00e2teau, \u00e0 Laneuveville-devant-Nancy.<\/p>\n","protected":false},"excerpt":{"rendered":"Dans le cadre de M\u00e9tro\u2019Folies, la troupe du M\u00e9nil-Saint-Michel a sp\u00e9cialement con\u00e7u un spectacle pour rendre hommage \u00e0&hellip;\n","protected":false},"author":2,"featured_media":357406,"comment_status":"","ping_status":"","sticky":false,"template":"","format":"standard","meta":{"footnotes":""},"categories":[9635],"tags":[1111,11,1687,1704,1777,674,1011,27,775,18459,9649,1702,12,25,3140],"class_list":{"0":"post-357405","1":"post","2":"type-post","3":"status-publish","4":"format-standard","5":"has-post-thumbnail","7":"category-nancy","8":"tag-actu","9":"tag-actualites","10":"tag-culture-loisirs","11":"tag-edition-nancy-et-agglomeration","12":"tag-eu","13":"tag-europe","14":"tag-fr","15":"tag-france","16":"tag-grand-est","17":"tag-laneuveville-devant-nancy","18":"tag-metropole-du-grand-nancy-54b2","19":"tag-nancy","20":"tag-news","21":"tag-republique-francaise","22":"tag-spectacle"},"share_on_mastodon":{"url":"https:\/\/pubeurope.com\/@fr\/115126464915772343","error":""},"_links":{"self":[{"href":"https:\/\/www.europesays.com\/fr\/wp-json\/wp\/v2\/posts\/357405","targetHints":{"allow":["GET"]}}],"collection":[{"href":"https:\/\/www.europesays.com\/fr\/wp-json\/wp\/v2\/posts"}],"about":[{"href":"https:\/\/www.europesays.com\/fr\/wp-json\/wp\/v2\/types\/post"}],"author":[{"embeddable":true,"href":"https:\/\/www.europesays.com\/fr\/wp-json\/wp\/v2\/users\/2"}],"replies":[{"embeddable":true,"href":"https:\/\/www.europesays.com\/fr\/wp-json\/wp\/v2\/comments?post=357405"}],"version-history":[{"count":0,"href":"https:\/\/www.europesays.com\/fr\/wp-json\/wp\/v2\/posts\/357405\/revisions"}],"wp:featuredmedia":[{"embeddable":true,"href":"https:\/\/www.europesays.com\/fr\/wp-json\/wp\/v2\/media\/357406"}],"wp:attachment":[{"href":"https:\/\/www.europesays.com\/fr\/wp-json\/wp\/v2\/media?parent=357405"}],"wp:term":[{"taxonomy":"category","embeddable":true,"href":"https:\/\/www.europesays.com\/fr\/wp-json\/wp\/v2\/categories?post=357405"},{"taxonomy":"post_tag","embeddable":true,"href":"https:\/\/www.europesays.com\/fr\/wp-json\/wp\/v2\/tags?post=357405"}],"curies":[{"name":"wp","href":"https:\/\/api.w.org\/{rel}","templated":true}]}}