{"id":357409,"date":"2025-09-01T01:35:11","date_gmt":"2025-09-01T01:35:11","guid":{"rendered":"https:\/\/www.europesays.com\/fr\/357409\/"},"modified":"2025-09-01T01:35:11","modified_gmt":"2025-09-01T01:35:11","slug":"toulon-en-commun-veut-un-plan-canicule-ambitieux","status":"publish","type":"post","link":"https:\/\/www.europesays.com\/fr\/357409\/","title":{"rendered":"Toulon en commun veut un \u00ab plan canicule ambitieux \u00bb"},"content":{"rendered":"\n<p>\u00c0 Toulon, comme presque partout en France, l\u2019\u00e9t\u00e9 aura encore \u00e9t\u00e9 trop chaud. Les deux vagues de chaleur &#8211; du 19\u00a0juin au 4\u00a0juillet, puis du 8 au 17\u00a0ao\u00fbt, avec des temp\u00e9ratures autour de 40\u00b0C &#8211; ont, au mieux, caus\u00e9 de l\u2019inconfort, au pire des probl\u00e8mes de sant\u00e9, voire des d\u00e9c\u00e8s. Sant\u00e9 publique France dresse un bilan provisoire du premier \u00e9pisode caniculaire faisant \u00e9tat de 480\u00a0d\u00e9c\u00e8s en exc\u00e8s toutes causes confondues, parmi lesquels 410\u00a0personnes de plus de 75\u00a0ans. \u00ab\u00a0Ces \u00e9pisodes ne sont pas des \u00e9v\u00e9nements ponctuels, mais les signes durables d\u2019un d\u00e9r\u00e8glement climatique auquel nos villes doivent s\u2019adapter de mani\u00e8re urgente\u00a0\u00bb, alerte le mouvement progressiste Toulon en Commun.<\/p>\n<p> \u00ab\u00a0Un plan de pr\u00e9vention canicule ambitieux\u00a0\u00bb\n              <\/p>\n<p>Le rassemblement des forces de gauche toulonnaises fustige une municipalit\u00e9 \u00ab\u00a0silencieuse et insuffisamment mobilis\u00e9e\u00a0\u00bb, malgr\u00e9 l\u2019activation du plan national canicule. Il l\u2019appelle \u00ab\u00a0\u00e0 mettre en \u0153uvre un plan de pr\u00e9vention canicule ambitieux comprenant l\u2019ouverture de refuges climatis\u00e9s [&#8230;] ; un plan de v\u00e9g\u00e9talisation en urgence contre les \u00eelots de chaleur [&#8230;] ; un plan de r\u00e9novation thermique des b\u00e2timents publics, notamment l\u2019habitat social, les \u00e9coles et les cr\u00e8ches.\u00a0\u00bb<\/p>\n<p>Toulon en commun estime que \u00ab\u00a0la veille canicule pour les personnes de plus de 65\u00a0ans, inaptes au travail ou en situation de handicap\u00a0\u00bb mise en place par la Ville \u00ab\u00a0reste insuffisante\u00a0\u00bb et invite \u00e0 s\u2019inspirer des \u00ab\u00a0mesures ponctuelles\u00a0\u00bb prises dans d\u2019autres villes\u00a0: \u00ab\u00a0Gratuit\u00e9 des piscines [&#8230;] (et) des transports en commun, [&#8230;] ouverture exceptionnelle des biblioth\u00e8ques ou mus\u00e9es. Ne pas agir, c\u2019est mettre en p\u00e9ril notre avenir collectif\u00a0\u00bb, conclut-il, en esp\u00e9rant \u00eatre en position de prendre des mesures d\u00e8s l\u2019\u00e9t\u00e9 prochain en s\u2019imposant \u00e0 l\u2019issue des \u00e9lections municipales.<\/p>\n","protected":false},"excerpt":{"rendered":"\u00c0 Toulon, comme presque partout en France, l\u2019\u00e9t\u00e9 aura encore \u00e9t\u00e9 trop chaud. Les deux vagues de chaleur&hellip;\n","protected":false},"author":2,"featured_media":357410,"comment_status":"","ping_status":"","sticky":false,"template":"","format":"standard","meta":{"footnotes":""},"categories":[9619],"tags":[1111,11,6100,1777,674,1011,27,12,882,25,2310],"class_list":{"0":"post-357409","1":"post","2":"type-post","3":"status-publish","4":"format-standard","5":"has-post-thumbnail","7":"category-toulon","8":"tag-actu","9":"tag-actualites","10":"tag-chaud","11":"tag-eu","12":"tag-europe","13":"tag-fr","14":"tag-france","15":"tag-news","16":"tag-provence-alpes-cote-dazur","17":"tag-republique-francaise","18":"tag-toulon"},"share_on_mastodon":{"url":"https:\/\/pubeurope.com\/@fr\/115126476636534551","error":""},"_links":{"self":[{"href":"https:\/\/www.europesays.com\/fr\/wp-json\/wp\/v2\/posts\/357409","targetHints":{"allow":["GET"]}}],"collection":[{"href":"https:\/\/www.europesays.com\/fr\/wp-json\/wp\/v2\/posts"}],"about":[{"href":"https:\/\/www.europesays.com\/fr\/wp-json\/wp\/v2\/types\/post"}],"author":[{"embeddable":true,"href":"https:\/\/www.europesays.com\/fr\/wp-json\/wp\/v2\/users\/2"}],"replies":[{"embeddable":true,"href":"https:\/\/www.europesays.com\/fr\/wp-json\/wp\/v2\/comments?post=357409"}],"version-history":[{"count":0,"href":"https:\/\/www.europesays.com\/fr\/wp-json\/wp\/v2\/posts\/357409\/revisions"}],"wp:featuredmedia":[{"embeddable":true,"href":"https:\/\/www.europesays.com\/fr\/wp-json\/wp\/v2\/media\/357410"}],"wp:attachment":[{"href":"https:\/\/www.europesays.com\/fr\/wp-json\/wp\/v2\/media?parent=357409"}],"wp:term":[{"taxonomy":"category","embeddable":true,"href":"https:\/\/www.europesays.com\/fr\/wp-json\/wp\/v2\/categories?post=357409"},{"taxonomy":"post_tag","embeddable":true,"href":"https:\/\/www.europesays.com\/fr\/wp-json\/wp\/v2\/tags?post=357409"}],"curies":[{"name":"wp","href":"https:\/\/api.w.org\/{rel}","templated":true}]}}