{"id":357415,"date":"2025-09-01T01:40:43","date_gmt":"2025-09-01T01:40:43","guid":{"rendered":"https:\/\/www.europesays.com\/fr\/357415\/"},"modified":"2025-09-01T01:40:43","modified_gmt":"2025-09-01T01:40:43","slug":"national-dfco-abd-elmajid-djae-dans-le-viseur-du-fc-rouen","status":"publish","type":"post","link":"https:\/\/www.europesays.com\/fr\/357415\/","title":{"rendered":"National. DFCO : Abd-Elmajid Dja\u00e9 dans le viseur du FC Rouen"},"content":{"rendered":"<p>Si le DFCO ne devrait plus bouger sur le march\u00e9 des transferts dans le sens des entrants <a href=\"https:\/\/www.bienpublic.com\/sport\/2025\/08\/29\/mercato-lenny-lacroix-une-recrue-venue-de-benfica-pour-le-dfco\" target=\"_blank\" rel=\"noopener\">apr\u00e8s l&rsquo;arriv\u00e9e de Lenny Lacroix ce vendredi soir en provenance de la r\u00e9serve de Benfica<\/a>, il pourrait y avoir du mouvement dans le sens des d\u00e9parts.\u00a0<\/p>\n<p>Selon nos informations, l\u2019attaquant du DFCO, <a href=\"https:\/\/www.bienpublic.com\/p\/abd-elmajid-djae\" target=\"_blank\" rel=\"noopener\">Abd-Elmajid Dja\u00e9<\/a>, qui n\u2019entre pas dans les plans de Baptiste Ridira pour cette saison (0 convocation dans le groupe en championnat), cherche une porte de sortie.<\/p>\n<p>Sous contrat jusqu&rsquo;en 2027<\/p>\n<p>L&rsquo;ancien Lillois int\u00e9resse le FC Rouen dans le cadre d\u2019un pr\u00eat, lui qui est sous contrat jusqu&rsquo;en juin 2027.<\/p>\n","protected":false},"excerpt":{"rendered":"Si le DFCO ne devrait plus bouger sur le march\u00e9 des transferts dans le sens des entrants apr\u00e8s&hellip;\n","protected":false},"author":2,"featured_media":357416,"comment_status":"","ping_status":"","sticky":false,"template":"","format":"standard","meta":{"footnotes":""},"categories":[9587],"tags":[1111,11,2931,24879,2930,1777,674,107,63,1011,27,23100,12,5161,25,9590,517],"class_list":{"0":"post-357415","1":"post","2":"type-post","3":"status-publish","4":"format-standard","5":"has-post-thumbnail","7":"category-rouen","8":"tag-actu","9":"tag-actualites","10":"tag-cote-dor","11":"tag-dfco-dijon-football-cote-dor","12":"tag-dijon","13":"tag-eu","14":"tag-europe","15":"tag-fil-info","16":"tag-football","17":"tag-fr","18":"tag-france","19":"tag-mercato-football","20":"tag-news","21":"tag-normandie","22":"tag-republique-francaise","23":"tag-rouen","24":"tag-sport"},"share_on_mastodon":{"url":"https:\/\/pubeurope.com\/@fr\/115126496307363955","error":""},"_links":{"self":[{"href":"https:\/\/www.europesays.com\/fr\/wp-json\/wp\/v2\/posts\/357415","targetHints":{"allow":["GET"]}}],"collection":[{"href":"https:\/\/www.europesays.com\/fr\/wp-json\/wp\/v2\/posts"}],"about":[{"href":"https:\/\/www.europesays.com\/fr\/wp-json\/wp\/v2\/types\/post"}],"author":[{"embeddable":true,"href":"https:\/\/www.europesays.com\/fr\/wp-json\/wp\/v2\/users\/2"}],"replies":[{"embeddable":true,"href":"https:\/\/www.europesays.com\/fr\/wp-json\/wp\/v2\/comments?post=357415"}],"version-history":[{"count":0,"href":"https:\/\/www.europesays.com\/fr\/wp-json\/wp\/v2\/posts\/357415\/revisions"}],"wp:featuredmedia":[{"embeddable":true,"href":"https:\/\/www.europesays.com\/fr\/wp-json\/wp\/v2\/media\/357416"}],"wp:attachment":[{"href":"https:\/\/www.europesays.com\/fr\/wp-json\/wp\/v2\/media?parent=357415"}],"wp:term":[{"taxonomy":"category","embeddable":true,"href":"https:\/\/www.europesays.com\/fr\/wp-json\/wp\/v2\/categories?post=357415"},{"taxonomy":"post_tag","embeddable":true,"href":"https:\/\/www.europesays.com\/fr\/wp-json\/wp\/v2\/tags?post=357415"}],"curies":[{"name":"wp","href":"https:\/\/api.w.org\/{rel}","templated":true}]}}