{"id":357417,"date":"2025-09-01T01:45:40","date_gmt":"2025-09-01T01:45:40","guid":{"rendered":"https:\/\/www.europesays.com\/fr\/357417\/"},"modified":"2025-09-01T01:45:40","modified_gmt":"2025-09-01T01:45:40","slug":"ligue-2-lasse-accrochee-par-grenoble","status":"publish","type":"post","link":"https:\/\/www.europesays.com\/fr\/357417\/","title":{"rendered":"Ligue 2 : l\u2019ASSE accroch\u00e9e par Grenoble"},"content":{"rendered":"<p>Pas de vainqueur dans le derby entre l\u2019ASSE et <a href=\"https:\/\/www.footmercato.net\/club\/grenoble-foot-38\/\" rel=\"nofollow noopener\" target=\"_blank\">Grenoble<\/a>. \u00c0 l\u2019occasion de la 4e journ\u00e9e de <a href=\"https:\/\/www.footmercato.net\/france\/ligue-2\/calendrier\/\" rel=\"nofollow noopener\" target=\"_blank\">Ligue 2<\/a>, les deux formations n\u2019ont pas \u00e9t\u00e9 en mesure de se d\u00e9partager ce samedi soir (1-1), \u00e0 Geoffroy-Guichard. Micka\u00ebl Nad\u00e9 avait ouvert le score pour les locaux avant la pause au bout d\u2019une partie de billard dans la surface grenobloise (36e).<\/p>\n<p>            La suite apr\u00e8s cette publicit\u00e9<\/p>\n<p>\n    Classement g\u00e9n\u00e9ral Ligue 2 BKT<\/p>\n<p>C\u2019est finalement Yadaly Diaby qui a \u00e9galis\u00e9 en fin de rencontre (77e), malgr\u00e9 une domination st\u00e9phanoise. Les hommes d\u2019Eirik Horneland ne sont pas parvenus \u00e0 faire la d\u00e9cision malgr\u00e9 l\u2019expulsion de Mouyokolo (90+5e). Ce point permet tout de m\u00eame \u00e0 l\u2019ASSE de reprendre la t\u00eate du championnat, aux c\u00f4t\u00e9s de Nancy et Pau. Grenoble ne gagne toujours pas et pointe \u00e0 la <a href=\"https:\/\/www.footmercato.net\/france\/ligue-2\/classement\" rel=\"nofollow noopener\" target=\"_blank\">16e place<\/a>.<\/p>\n<p>\n    Pub. le 30\/08\/2025 22:02<br \/>\n            &#8211; MAJ le 31\/08\/2025 15:06\n    <\/p>\n","protected":false},"excerpt":{"rendered":"Pas de vainqueur dans le derby entre l\u2019ASSE et Grenoble. \u00c0 l\u2019occasion de la 4e journ\u00e9e de Ligue&hellip;\n","protected":false},"author":2,"featured_media":108285,"comment_status":"","ping_status":"","sticky":false,"template":"","format":"standard","meta":{"footnotes":""},"categories":[9566],"tags":[1111,11,2430,1777,674,1011,27,2731,12,25],"class_list":{"0":"post-357417","1":"post","2":"type-post","3":"status-publish","4":"format-standard","5":"has-post-thumbnail","7":"category-grenoble","8":"tag-actu","9":"tag-actualites","10":"tag-auvergne-rhone-alpes","11":"tag-eu","12":"tag-europe","13":"tag-fr","14":"tag-france","15":"tag-grenoble","16":"tag-news","17":"tag-republique-francaise"},"share_on_mastodon":{"url":"https:\/\/pubeurope.com\/@fr\/115126516001743979","error":""},"_links":{"self":[{"href":"https:\/\/www.europesays.com\/fr\/wp-json\/wp\/v2\/posts\/357417","targetHints":{"allow":["GET"]}}],"collection":[{"href":"https:\/\/www.europesays.com\/fr\/wp-json\/wp\/v2\/posts"}],"about":[{"href":"https:\/\/www.europesays.com\/fr\/wp-json\/wp\/v2\/types\/post"}],"author":[{"embeddable":true,"href":"https:\/\/www.europesays.com\/fr\/wp-json\/wp\/v2\/users\/2"}],"replies":[{"embeddable":true,"href":"https:\/\/www.europesays.com\/fr\/wp-json\/wp\/v2\/comments?post=357417"}],"version-history":[{"count":0,"href":"https:\/\/www.europesays.com\/fr\/wp-json\/wp\/v2\/posts\/357417\/revisions"}],"wp:featuredmedia":[{"embeddable":true,"href":"https:\/\/www.europesays.com\/fr\/wp-json\/wp\/v2\/media\/108285"}],"wp:attachment":[{"href":"https:\/\/www.europesays.com\/fr\/wp-json\/wp\/v2\/media?parent=357417"}],"wp:term":[{"taxonomy":"category","embeddable":true,"href":"https:\/\/www.europesays.com\/fr\/wp-json\/wp\/v2\/categories?post=357417"},{"taxonomy":"post_tag","embeddable":true,"href":"https:\/\/www.europesays.com\/fr\/wp-json\/wp\/v2\/tags?post=357417"}],"curies":[{"name":"wp","href":"https:\/\/api.w.org\/{rel}","templated":true}]}}