{"id":357418,"date":"2025-09-01T01:47:13","date_gmt":"2025-09-01T01:47:13","guid":{"rendered":"https:\/\/www.europesays.com\/fr\/357418\/"},"modified":"2025-09-01T01:47:13","modified_gmt":"2025-09-01T01:47:13","slug":"rennes-a-boucle-larrivee-de-breel-embolo-pour-15-me","status":"publish","type":"post","link":"https:\/\/www.europesays.com\/fr\/357418\/","title":{"rendered":"Rennes a boucl\u00e9 l\u2019arriv\u00e9e de Breel Embolo pour 15 M\u20ac"},"content":{"rendered":"<p>\u00c0 la recherche d\u2019un attaquant de pointe pour \u00e9pauler Est\u00e9ban Lepaul, le Stade Rennais, qui a subi plusieurs \u00e9checs ces derniers jours, a enfin trouv\u00e9 son attaquant avec <a href=\"https:\/\/www.footmercato.net\/joueur\/breel-embolo\/\" rel=\"nofollow noopener\" target=\"_blank\">Breel Embolo<\/a>. L\u2019attaquant international suisse de 28 ans, qui voulait quitter la cit\u00e9 mon\u00e9gasque cet \u00e9t\u00e9, a longtemps esp\u00e9r\u00e9 rejoindre le Moyen-Orient. <\/p>\n<p>            La suite apr\u00e8s cette publicit\u00e9<\/p>\n<p>Mais faute de v\u00e9ritable proposition, l\u2019attaquant mon\u00e9gasque, qui a marqu\u00e9 22 buts et d\u00e9livr\u00e9 13 passes d\u00e9cisives en 89 matches toutes comp\u00e9titions confondues sur le Rocher, a \u00e9cout\u00e9 le march\u00e9 et s\u2019est trouv\u00e9 sur les tablettes de l\u2019AS Roma et surtout du Stade Rennais qui a fait tout ce qui \u00e9tait en son pouvoir ces derniers jours pour convaincre le joueur de rejoindre la Bretagne. Lo\u00efc D\u00e9sir\u00e9 et m\u00eame Habib Beye n\u2019ont pas m\u00e9nag\u00e9 leurs efforts. Et ceux-ci sont sur le point d\u2019\u00eatre exauc\u00e9s puisqu\u2019un accord a \u00e9t\u00e9 trouv\u00e9 entre les deux clubs pour un montant avoisinant les 15 M\u20ac selon nos informations. Sauf \u00e9norme retournement de situation, <a href=\"https:\/\/www.footmercato.net\/club\/stade-rennais-fc\/\" rel=\"nofollow noopener\" target=\"_blank\">Rennes<\/a> va enfin s\u2019offrir l\u2019attaquant qui lui manquait quasiment sur le gong.<\/p>\n<p>\n    Pub. le 31\/08\/2025 22:54<br \/>\n            &#8211; MAJ le 01\/09\/2025 00:29\n    <\/p>\n","protected":false},"excerpt":{"rendered":"\u00c0 la recherche d\u2019un attaquant de pointe pour \u00e9pauler Est\u00e9ban Lepaul, le Stade Rennais, qui a subi plusieurs&hellip;\n","protected":false},"author":2,"featured_media":357419,"comment_status":"","ping_status":"","sticky":false,"template":"","format":"standard","meta":{"footnotes":""},"categories":[2821],"tags":[1111,11,829,1777,674,1011,27,12,584,25],"class_list":{"0":"post-357418","1":"post","2":"type-post","3":"status-publish","4":"format-standard","5":"has-post-thumbnail","7":"category-rennes","8":"tag-actu","9":"tag-actualites","10":"tag-bretagne","11":"tag-eu","12":"tag-europe","13":"tag-fr","14":"tag-france","15":"tag-news","16":"tag-rennes","17":"tag-republique-francaise"},"share_on_mastodon":{"url":"https:\/\/pubeurope.com\/@fr\/115126524050462276","error":""},"_links":{"self":[{"href":"https:\/\/www.europesays.com\/fr\/wp-json\/wp\/v2\/posts\/357418","targetHints":{"allow":["GET"]}}],"collection":[{"href":"https:\/\/www.europesays.com\/fr\/wp-json\/wp\/v2\/posts"}],"about":[{"href":"https:\/\/www.europesays.com\/fr\/wp-json\/wp\/v2\/types\/post"}],"author":[{"embeddable":true,"href":"https:\/\/www.europesays.com\/fr\/wp-json\/wp\/v2\/users\/2"}],"replies":[{"embeddable":true,"href":"https:\/\/www.europesays.com\/fr\/wp-json\/wp\/v2\/comments?post=357418"}],"version-history":[{"count":0,"href":"https:\/\/www.europesays.com\/fr\/wp-json\/wp\/v2\/posts\/357418\/revisions"}],"wp:featuredmedia":[{"embeddable":true,"href":"https:\/\/www.europesays.com\/fr\/wp-json\/wp\/v2\/media\/357419"}],"wp:attachment":[{"href":"https:\/\/www.europesays.com\/fr\/wp-json\/wp\/v2\/media?parent=357418"}],"wp:term":[{"taxonomy":"category","embeddable":true,"href":"https:\/\/www.europesays.com\/fr\/wp-json\/wp\/v2\/categories?post=357418"},{"taxonomy":"post_tag","embeddable":true,"href":"https:\/\/www.europesays.com\/fr\/wp-json\/wp\/v2\/tags?post=357418"}],"curies":[{"name":"wp","href":"https:\/\/api.w.org\/{rel}","templated":true}]}}