{"id":357420,"date":"2025-09-01T01:48:33","date_gmt":"2025-09-01T01:48:33","guid":{"rendered":"https:\/\/www.europesays.com\/fr\/357420\/"},"modified":"2025-09-01T01:48:33","modified_gmt":"2025-09-01T01:48:33","slug":"notre-selection-culturelle-de-la-rentree","status":"publish","type":"post","link":"https:\/\/www.europesays.com\/fr\/357420\/","title":{"rendered":"notre s\u00e9lection culturelle de la rentr\u00e9e"},"content":{"rendered":"<p class=\"wp-block-post-excerpt__excerpt\">Les Biblioth\u00e8ques id\u00e9ales, le Festival europ\u00e9en du film fantastique et les Journ\u00e9es du patrimoine font leur grand retour mais ils ne sont pas les seuls. Entre mini festival \u00e9lectro, performances circassiennes et s\u00e9ances de cin\u00e9ma \u00e0 5\u20ac, voici une s\u00e9lection de sorties \u00e0 ne pas rater en septembre. <\/p>\n<p class=\"font-sans\">\n\t\t\tCet article est en acc\u00e8s libre. Pour soutenir Rue89 Strasbourg,<br \/>\n\t\t\t<a class=\"underline\" href=\"https:\/\/www.rue89strasbourg.com\/abonnement\" target=\"_blank\" rel=\"noopener\">abonnez-vous<\/a>.\n\t\t<\/p>\n<p>Jeanne-Esther Eichenlaub<\/p>\n<p>Publi\u00e9 le 31 ao\u00fbt 2025\u00a0\u00a0\u00b7\u00a0\u00a0<\/p>\n<p>Imprim\u00e9 le 1er septembre 2025 \u00e0 03h12\u00a0\u00a0\u00b7\u00a0\u00a0<\/p>\n<p>\t\t\t\t\t6\u00a0minutes\n<\/p>\n<p>T-shirts de la sc\u00e8ne musicale locale \u00e0 la m\u00e9diath\u00e8que Olympe de Gouges<\/p>\n<p>Fais p\u00e9ter les ouates est une exposition de t-shirts de concerts organis\u00e9e par les m\u00e9diath\u00e9caires Rapha\u00ebl Pancella et Mathieu Le Digabel tous les ans depuis 2021. Ces deux grands amateurs de musique live en ont toute une collection. \u00ab\u00a0Cette ann\u00e9e, on a voulu faire jouer le territoire, valoriser la sc\u00e8ne locale\u00a0\u00bb, expose Mathieu Le Digabel. Les t-shirts, cette fois, ne leur appartiennent pas, ce sont ceux du label strasbourgeois October Tone. Ce label produit des artistes locaux comme le groupe de rock pop psych\u00e9d\u00e9lique BBCC (Bang Bang Coq Coq), le groupe indie Hermetic Delight ou encore le DJ Rachid Bowie.<\/p>\n<p>\u00ab\u00a0\u00c7a donne une opportunit\u00e9 au public de les d\u00e9couvrir\u00a0\u00bb, explique le m\u00e9diath\u00e9caire d\u2019Olympe de Gouges, ou de les red\u00e9couvrir pour les connaisseurs. Sous chaque t-shirt, un cartel donne des pr\u00e9cisions sur le groupe, la date du concert et une anecdote. Des affiches, cassettes et CDs promos ainsi que des costumes de sc\u00e8ne compl\u00e8tent l\u2019exposition. L\u2019exposition commencera d\u00e8s le 2 septembre, mais l\u2019inauguration aura lieu le samedi 5 septembre \u00e0 15h en pr\u00e9sence de membres du label October Tone.<\/p>\n<p>Y <strong>aller<\/strong><\/p>\n<p><a href=\"https:\/\/www.rue89strasbourg.com\/abonnement\/paiement?sub=3&amp;discount=ete2025\" target=\"_blank\" rel=\"noopener\"><img loading=\"lazy\" decoding=\"async\" width=\"970\" height=\"250\" src=\"https:\/\/www.europesays.com\/fr\/wp-content\/uploads\/2025\/07\/bannie\u0300re-site-desktop-anime\u0301e.gif\" alt=\"\" class=\"wp-image-350811\" style=\"width:792px;height:auto\"\/><\/a><\/p>\n<p><a href=\"https:\/\/www.rue89strasbourg.com\/abonnement\/paiement?sub=3&amp;discount=ete2025\" target=\"_blank\" rel=\"noopener\"><img loading=\"lazy\" decoding=\"async\" width=\"300\" height=\"300\" src=\"https:\/\/www.europesays.com\/fr\/wp-content\/uploads\/2025\/07\/bannie\u0300re-pub-mobile-anime\u0301e.gif\" alt=\"\" class=\"wp-image-350815\"\/><\/a><\/p>\n<p>Eh bien, dansez maintenant\u00a0!<\/p>\n<p>La claque party revient pour une deuxi\u00e8me \u00e9dition, samedi 13 septembre au Phare Citadelle. \u00ab\u00a0C\u2019est un \u00e9v\u00e9nement de lancement pour d\u00e9velopper le spectacle vivant au Phare Citadelle et au quartier des Deux rives\u00a0\u00bb, explique Louis Gillard, danseur associ\u00e9 au TJP et organisateur de l\u2019\u00e9v\u00e9nement. Au programme\u00a0: du cirque, de la danse et de la musique. \u00ab\u00a0Une s\u00e9rie de performances qui durent entre 10 et 20 minutes\u00a0\u00bb, explique-t-il. La soir\u00e9e se divise en trois parties, de 19h \u00e0 20h30 les performances sont tout public, de 21h \u00e0 22h30 elles sont destin\u00e9es \u00e0 un public plus adulte et la soir\u00e9e se termine avec un DJ-set. Parmi les spectacles : des num\u00e9ros de funambule, du cirque contemporain avec ou sans agr\u00e8s et une performance interactive o\u00f9 il faudra \u00e9viter 100 balles rebondissantes. La soir\u00e9e est d\u00e9ambulatoire\u00a0: \u00ab\u00a0On bouge avec ses chaises et son canap\u2019\u00a0\u00bb, pr\u00e9cise Louis Gillard.<\/p>\n<p><img loading=\"lazy\" decoding=\"async\" width=\"792\" height=\"445\" data-id=\"357213\" src=\"https:\/\/www.europesays.com\/fr\/wp-content\/uploads\/2025\/09\/img-5002-1-792x445.jpg\" alt=\"\" class=\"wp-image-357213\"  \/><\/p>\n<p><img loading=\"lazy\" decoding=\"async\" width=\"792\" height=\"446\" data-id=\"357212\" src=\"https:\/\/www.europesays.com\/fr\/wp-content\/uploads\/2025\/09\/img-4999-1-792x446.jpg\" alt=\"\" class=\"wp-image-357212\"  \/><\/p>\n<p>Y <strong>aller<\/strong><\/p>\n<p><strong>La claque party<\/strong>, samedi 13 septembre de 19h \u00e0 minuit au Phare Citadelle\u00a0: 13 rue de Nantes, Strasbourg \u2013 Citadelle. Entr\u00e9e libre, sans r\u00e9servation.<\/p>\n<p>\t\tSorties cin\u00e9 et avant-premi\u00e8res \u00e0 5\u20ac<\/p>\n<p>Du 17 au 21 septembre, les cin\u00e9mas du Grand Est proposent des sorties \u00ab\u00a0cin\u00e9-cool\u00a0\u00bb. Pendant ces cinq jours, toutes les places de cin\u00e9ma sont \u00e0 5\u20ac. En plus des s\u00e9ances classiques, 40 films seront propos\u00e9s en avant-premi\u00e8re dans la r\u00e9gion. Parmi elles, il y aura le film La petite derni\u00e8re, tir\u00e9 du livre \u00e9ponyme de Fatima Daas. L\u2019\u0153uvre revient sur l\u2019histoire de Fatima, 17 ans, qui s\u2019\u00e9mancipe de sa famille traditionnelle en s\u2019installant \u00e0 Paris pour ses \u00e9tudes. La projection se fera en pr\u00e9sence de la r\u00e9alisatrice Hafsia Herzi et de l\u2019actrice Nadia Melliti. Le film a \u00e9t\u00e9 r\u00e9compens\u00e9 par deux prix \u00e0 Cannes : le prix d\u2019interpr\u00e9tation f\u00e9minine pour Nadia Melliti et la \u00ab\u00a0Queer palm\u00a0\u00bb du meilleur film LGBTQIA+. Le film M\u00e9t\u00e9ors d\u2019Hubert Charruel, quant \u00e0 lui, se penche sur l\u2019histoire de trois amis, vivotant dans la diagonale du vide, \u00e0 la lisi\u00e8re de l\u2019ennui, de la d\u00e9linquance et de la r\u00e9ussite. La projection sera suivie d\u2019un d\u00e9bat avec le r\u00e9alisateur.<\/p>\n<\/p>\n<p>Y <strong>aller<\/strong><\/p>\n<p><strong>Cin\u00e9 cool,<\/strong> du mercredi 17 au dimanche 21 septembre, s\u00e9ances au tarif unique de 5 \u20ac. Le Cosmos, le Vox, le Star, le Star St Ex et l\u2019UGC Cin\u00e9-Cit\u00e9 participent \u00e0 ce dispositif. La liste de tous les cin\u00e9mas participants dans le Grand Est est \u00e0 retrouver <a href=\"https:\/\/www.cine-cool.com\/\" target=\"_blank\" rel=\"noreferrer noopener\">ici<\/a>.<\/p>\n<p><strong>Avant-premi\u00e8re de La petite derni\u00e8re<\/strong>, le jeudi 18 septembre, \u00e0 19h30, au cin\u00e9ma Star Saint-Exup\u00e9ry, <a href=\"https:\/\/www.google.com\/maps\/place\/Le+Star+Saint-Exup%C3%A9ry\/@48.5827647,7.7422565,17z\/data=!3m1!4b1!4m6!3m5!1s0x4796c84c7016df4d:0x71c029577dbdcb45!8m2!3d48.5827647!4d7.7422565!16s%2Fg%2F113h9d77l?entry=ttu&amp;g_ep=EgoyMDI1MDgyNS4wIKXMDSoASAFQAw%3D%3D\" target=\"_blank\" rel=\"noreferrer noopener\">18 rue du 22 Novembre<\/a>, Strasbourg \u2013 centre. R\u00e9servation conseill\u00e9e sur leur <a href=\"https:\/\/www.cinema-star.com\/\" target=\"_blank\" rel=\"noreferrer noopener\">site.<\/a><\/p>\n<p><strong>Avant-premi\u00e8re de M\u00e9t\u00e9ors<\/strong>, le samedi 20 septembre, \u00e0 20h15, au Star Saint-Exup\u00e9ry, 18 rue du 22 Novembre, Strasbourg \u2013 centre. R\u00e9servation conseill\u00e9e sur leur <a href=\"https:\/\/www.cinema-star.com\/\" target=\"_blank\" rel=\"noreferrer noopener\">site.<\/a><\/p>\n<p>Quelle saison choisir \u00e0 la rentr\u00e9e ?<\/p>\n<p>Pour celles et ceux qui se posent la question, <strong>Strasculture<\/strong> a sans doute la r\u00e9ponse. Le samedi 6 septembre, place du ch\u00e2teau, 120 structures culturelles, post\u00e9es sous des tonnelles, proposent des activit\u00e9s ou des sorties \u00e0 venir pour l\u2019ann\u00e9e 2025-2026. Un coin lecture et un espace jeux de soci\u00e9t\u00e9 seront install\u00e9s pour faire de ce rendez-vous un moment convivial, et des spectacles se d\u00e9rouleront toute la journ\u00e9e. <\/p>\n<p>Place du ch\u00e2teau, le public pourra assister \u00e0 des performances circassiennes, th\u00e9\u00e2trales et dans\u00e9es. Cour du Palais Rohan, place \u00e0 la musique avec des orchestres et des chorales de styles et r\u00e9pertoires vari\u00e9s. Entre P\u00e9licanto et musique celtique, le spectre musical pr\u00e9sent\u00e9 sera large. Dans la cour du 5e lieu et sur la terrasse du Palais Rohan, il y aura d\u2019autres spectacles de chant, danse ou cirque. Enfin, ce jour-l\u00e0, l\u2019entr\u00e9e des quatre mus\u00e9es de la Ville situ\u00e9s aux abords du ch\u00e2teau (Mus\u00e9e de l\u2019\u0153uvre Notre-Dame, mus\u00e9e Arch\u00e9ologique, mus\u00e9e des Beaux-Arts et mus\u00e9e des Arts d\u00e9coratifs) sera gratuite.<\/p>\n<p><img loading=\"lazy\" decoding=\"async\" width=\"792\" height=\"528\" data-id=\"357377\" src=\"https:\/\/www.europesays.com\/fr\/wp-content\/uploads\/2025\/09\/strasculture-philippestirnweiss-5-792x528.jpg\" alt=\"\" class=\"wp-image-357377\"  \/><\/p>\n<p><img loading=\"lazy\" decoding=\"async\" width=\"792\" height=\"528\" data-id=\"357383\" src=\"https:\/\/www.europesays.com\/fr\/wp-content\/uploads\/2025\/09\/strasculture-philippestirnweiss-11-792x528.jpg\" alt=\"\" class=\"wp-image-357383\"  \/><\/p>\n<p><img loading=\"lazy\" decoding=\"async\" width=\"792\" height=\"528\" data-id=\"357384\" src=\"https:\/\/www.europesays.com\/fr\/wp-content\/uploads\/2025\/09\/strasculture-philippestirnweiss-12-792x528.jpg\" alt=\"\" class=\"wp-image-357384\"  \/><\/p>\n<p>Y <strong>aller<\/strong><\/p>\n<p><strong>Strasculture<\/strong>, samedi 6 septembre de 10h \u00e0 19h, place du ch\u00e2teau, Strasbourg \u2013 centre. Gratuit. Tout le programme des animations est consultable <a href=\"http:\/\/culture.strasbourg.eu\/sortir\/strasculture\/\" target=\"_blank\" rel=\"noreferrer noopener\">ici<\/a>.<\/p>\n<p>Les samedis, c\u2019est mini festival \u00e9lectro<\/p>\n<p>En septembre, Strasbourg vibre aussi au rythme de l\u2019\u00e9lectro. Les samedis 6, 13, 20 et 27 septembre, de 13h \u00e0 22h, Park\u2019N\u2019Sound fera r\u00e9sonner de la house, de l\u2019\u00e9lectro classic, de l\u2019indie dance ou encore de l\u2019Afro House au pied de la Cath\u00e9drale\u2026 Des activit\u00e9s, comme du basket, le molkky, du badminton ou du minigolf seront propos\u00e9es. La restauration \u00e0 base de tartes flamb\u00e9es et knacks frites privil\u00e9giera le bio et le fait maison. L\u2019acc\u00e8s sera gratuit et ouvert \u00e0 tous, et les enfants seront les bienvenus.<\/p>\n<p>Aller <strong>plus loin<\/strong><\/p>\n<p><strong>Park\u2019N\u2019Sound, <\/strong>samedi 6 septembre de 13 \u00e0 22h, place de la Cath\u00e9drale \u00e0 Strasbourg \u2013 centre. Samedis 13, 20 et 27 septembre de 13 \u00e0 22h, place du Ch\u00e2teau \u00e0 Strasbourg \u2013 centre. Gratuit.<\/p>\n<p>Les incontournables : BI, FEFFS, JEP<\/p>\n<p>Difficile de faire une s\u00e9lection culturelle en septembre sans \u00e9voquer trois \u00e9v\u00e9nements incontournables de la rentr\u00e9e strasbourgeoise : les Biblioth\u00e8ques id\u00e9ales, les Journ\u00e9es du patrimoine (JEP) et le Festival europ\u00e9en du film fantastique (FEFFS). <\/p>\n<p>Les Biblioth\u00e8ques id\u00e9ales se d\u00e9rouleront du 19 septembre au 5 octobre. Ce sont plus de 70 rencontres litt\u00e9raires qui se tiendront dans les librairies, l\u2019\u00e9glise Saint-Guillaume ou le Parlement europ\u00e9en. Pour ne citer que quelques noms, Fatou Diom, Kamel Daoud, Christophe Ono-dit-Biot et Laurent Gaud\u00e9 participeront \u00e0 cette \u00e9dition 2025.<\/p>\n<p>Les Journ\u00e9es europ\u00e9ennes du patrimoine auront lieu le week-end du 19 au 21 septembre. Le th\u00e8me cette ann\u00e9e est l\u2019architecture. Ce sera l\u2019occasion de d\u00e9couvrir des \u00e9difices d\u2019ordinaire ferm\u00e9s au public comme le Palais du Rhin, le palais du gouverneur ou le Palais \u00e9piscopal. Le matrimoine ne sera pas en reste puisque l\u2019association Osez le f\u00e9minisme 67 organise une visite guid\u00e9e de la ville pour \u00ab\u00a0d\u00e9couvrir l\u2019h\u00e9ritage culturel des femmes alsaciennes\u00a0\u00bb.<\/p>\n<p>Le Festival europ\u00e9en du film de genre se tiendra du 26 septembre au 5 octobre. Des projections seront organis\u00e9es dans tous les cin\u00e9mas de la ville. Au programme, une r\u00e9trospective d\u00e9di\u00e9e \u00e0 la \u00ab\u00a0FasciFiction\u00a0\u00bb (dystopies imaginant des r\u00e9gimes autoritaires), avec la projection de Farenheit 451 de Truffaut et de La Ferme des animaux de John Halas et Joy Batchelor, adapt\u00e9 du livre de Georges Orwell. L\u2019invit\u00e9 d\u2019honneur sera Alexandre Aja, r\u00e9alisateur de films d\u2019horreur. Il a notamment r\u00e9alis\u00e9 un remake du film de Wes Craven La colline a des yeux.<\/p>\n<p>Y <strong>aller<\/strong><\/p>\n<p><strong>Biblioth\u00e8ques id\u00e9ales,<\/strong> du 19 septembre au 5 octobre, dans plusieurs librairies et lieux embl\u00e9matiques de la ville. Les rencontres litt\u00e9raires sont gratuites. Certains concerts sont payants. Le programme complet est \u00e0 retrouver <a href=\"https:\/\/biblideales.fr\/\" target=\"_blank\" rel=\"noreferrer noopener\">ici<\/a>.<\/p>\n<p><strong>Journ\u00e9es europ\u00e9ennes du patrimoine,<\/strong> du 19 au 21 septembre\u00a0: pour d\u00e9couvrir tous les lieux \u00e0 visiter \u00e0 Strasbourg et alentours, cliquez <a href=\"https:\/\/openagenda.com\/en\/jep-2025-grand-est?adminLevel3%5B0%5D=Eurom%C3%A9tropole%20de%20Strasbourg\" target=\"_blank\" rel=\"noopener\">ici.<\/a> \u00c9v\u00e9nement gratuit, pas de r\u00e9servation au pr\u00e9alable mais s\u2019armer de patience une fois sur place. <\/p>\n<p><strong>La visite comment\u00e9e du matrimoine<\/strong> a lieu les samedi 20 et dimanche 21 septembre, \u00e0 14h, devant la manufacture des tabacs. La visite, gratuite et sans inscription, dure 1h30.<\/p>\n<p><strong>Festival europ\u00e9en du film fantastique de Strasbourg<\/strong>, du 26 septembre au 5 octobre. S\u00e9lection \u00e9clectique de films de genre, longs ou courts-m\u00e9trage, ainsi que rediffusion de classiques. <a href=\"https:\/\/strasbourgfestival.com\/fr\/\" target=\"_blank\" rel=\"noopener\">Programme complet disponible ici<\/a>, <strong>\u00e0 partir de mardi 2 septembre<\/strong>. Le <strong>Pass festival<\/strong> \u00e0 15\u20ac donne acc\u00e8s \u00e0 un tarif de 7\u20ac la place de cin\u00e9ma avec coupe-file. Sans le pass, le tarif des s\u00e9ances est le tarif en vigueur dans les cin\u00e9mas.<\/p>\n","protected":false},"excerpt":{"rendered":"Les Biblioth\u00e8ques id\u00e9ales, le Festival europ\u00e9en du film fantastique et les Journ\u00e9es du patrimoine font leur grand retour&hellip;\n","protected":false},"author":2,"featured_media":357421,"comment_status":"","ping_status":"","sticky":false,"template":"","format":"standard","meta":{"footnotes":""},"categories":[2820],"tags":[1111,11,251,1777,674,1011,27,775,873,12,25,8441,640],"class_list":{"0":"post-357420","1":"post","2":"type-post","3":"status-publish","4":"format-standard","5":"has-post-thumbnail","7":"category-strasbourg","8":"tag-actu","9":"tag-actualites","10":"tag-culture","11":"tag-eu","12":"tag-europe","13":"tag-fr","14":"tag-france","15":"tag-grand-est","16":"tag-musique","17":"tag-news","18":"tag-republique-francaise","19":"tag-spectacle-vivant","20":"tag-strasbourg"},"share_on_mastodon":{"url":"https:\/\/pubeurope.com\/@fr\/115126528270927575","error":""},"_links":{"self":[{"href":"https:\/\/www.europesays.com\/fr\/wp-json\/wp\/v2\/posts\/357420","targetHints":{"allow":["GET"]}}],"collection":[{"href":"https:\/\/www.europesays.com\/fr\/wp-json\/wp\/v2\/posts"}],"about":[{"href":"https:\/\/www.europesays.com\/fr\/wp-json\/wp\/v2\/types\/post"}],"author":[{"embeddable":true,"href":"https:\/\/www.europesays.com\/fr\/wp-json\/wp\/v2\/users\/2"}],"replies":[{"embeddable":true,"href":"https:\/\/www.europesays.com\/fr\/wp-json\/wp\/v2\/comments?post=357420"}],"version-history":[{"count":0,"href":"https:\/\/www.europesays.com\/fr\/wp-json\/wp\/v2\/posts\/357420\/revisions"}],"wp:featuredmedia":[{"embeddable":true,"href":"https:\/\/www.europesays.com\/fr\/wp-json\/wp\/v2\/media\/357421"}],"wp:attachment":[{"href":"https:\/\/www.europesays.com\/fr\/wp-json\/wp\/v2\/media?parent=357420"}],"wp:term":[{"taxonomy":"category","embeddable":true,"href":"https:\/\/www.europesays.com\/fr\/wp-json\/wp\/v2\/categories?post=357420"},{"taxonomy":"post_tag","embeddable":true,"href":"https:\/\/www.europesays.com\/fr\/wp-json\/wp\/v2\/tags?post=357420"}],"curies":[{"name":"wp","href":"https:\/\/api.w.org\/{rel}","templated":true}]}}