{"id":357438,"date":"2025-09-01T01:59:17","date_gmt":"2025-09-01T01:59:17","guid":{"rendered":"https:\/\/www.europesays.com\/fr\/357438\/"},"modified":"2025-09-01T01:59:17","modified_gmt":"2025-09-01T01:59:17","slug":"le-losc-humilie-lorient-et-prend-la-tete","status":"publish","type":"post","link":"https:\/\/www.europesays.com\/fr\/357438\/","title":{"rendered":"le LOSC humilie Lorient et prend la t\u00eate"},"content":{"rendered":"<p>Deux \u00e9quipes en forme et d\u00e9j\u00e0 spectaculaires se retrouvaient sous la pluie du Moustoir. C\u2019est sur cette m\u00eame pelouse que <a href=\"https:\/\/www.footmercato.net\/club\/fc-lorient\/\" rel=\"nofollow noopener\" target=\"_blank\">Lorient<\/a> a humili\u00e9 des Rennais r\u00e9duits \u00e0 neuf le week-end dernier et qui voulait confirmer lors de la r\u00e9ception du LOSC, vainqueur au forceps de Monaco pour le premier choc du haut de tableau de la saison. Cette fois, les Lillois allaient devoir se passer des services de Giroud, bless\u00e9 sans gravit\u00e9 de derni\u00e8re minute. C\u2019est donc Fernandez-Pardo qui occupait la pointe, soutenu par Broholm, Haraldsson et Correia. Le 3-4-3 des Merlus, o\u00f9 seul Faye rempla\u00e7ait Mendy en d\u00e9fense par rapport \u00e0 il y a une semaine, ne donnait pas la m\u00eame impression sur le terrain.<\/p>\n<p>            La suite apr\u00e8s cette publicit\u00e9<\/p>\n<p>\n    Classement g\u00e9n\u00e9ral Ligue 2 BKT<\/p>\n<p>Sans doute g\u00ean\u00e9es par une pluie qui redoublait d\u2019intensit\u00e9 au fur et \u00e0 mesure de cette premi\u00e8re p\u00e9riode, les deux \u00e9quipes avaient du mal \u00e0 mettre du rythme. Elles encha\u00eenaient plut\u00f4t les contacts et les fautes, \u00e0 l\u2019image de Katseris fautif sur Perraud mais bien oblig\u00e9 de sortir, touch\u00e9 \u00e0 la cuisse (15e). Il y avait \u00e0 peine de quoi se nourrir sur cette frayeur de Kamara, un peu l\u00e9ger sur le pressing de Fernandez-Pardo (22e). La mi-temps a au moins eu le m\u00e9rite de r\u00e9veiller les deux acteurs pr\u00e9sents sur la pelouse, l\u2019entr\u00e9e de la nouvelle recrue lilloise Igamane \u00e9galement. D\u00e8s la reprise, Perraud profitait d\u2019un d\u00e9doublement avec F\u00e9lix Correia pour ouvrir le score (0-1, 46e). <\/p>\n<p>        D\u00e9monstration lilloise<\/p>\n<p>Mais la joie fut de tr\u00e8s courte dur\u00e9e pour le gaucher, coupable dans la foul\u00e9e d\u2019une main sur ce centre d\u2019Igor Silva (50e). L\u2019arbitre indiquait le point de penalty\u2026 avant d\u2019\u00eatre appel\u00e9 par la VAR. Il y avait bien un l\u00e9ger hors-jeu du lat\u00e9ral lorientais. Il y avait d\u00e9j\u00e0 eu plus de spectacles en 4 minutes que sur l\u2019ensemble de la premi\u00e8re p\u00e9riode, et nous \u00e9tions encore loin d\u2019en avoir fini. Le LOSC reprenait sa marche en avant avec un nouveau but sign\u00e9 Fernandez-Pardo cette fois, parfaitement en r\u00e9ussite sur cette action avec Igamane puis Correia (0-2, 53e). Il n\u2019\u00e9tait pas loin du doubl\u00e9 non plus mais perdait son duel contre Kamara (55e). Lorient n\u2019a pas c\u00e9d\u00e9 non plus et obtenait un penalty sur l\u2019une de ses rares incursions. \u00d6zer partait du bon c\u00f4t\u00e9 mais Soumano tentait une seconde fois, sans plus de r\u00e9ussite, et finissait par s\u2019en sortir gr\u00e2ce \u00e0 Tosin, plus prompte \u00e0 envoyer le cuir au fond (1-2, 66e).<\/p>\n<p>            La suite apr\u00e8s cette publicit\u00e9<\/p>\n<p>La tension montait d\u2019un cran dans ce match compl\u00e8tement relanc\u00e9. Les Merlus, emmen\u00e9s par un excellent Kouassi sur le c\u00f4t\u00e9 gauche, donnaient tout pour revenir. <a href=\"https:\/\/www.footmercato.net\/club\/losc\/\" rel=\"nofollow noopener\" target=\"_blank\">Lille<\/a> ne reculait pas non plus et encaissait sans broncher les attaques adverses. Ce dernier quart d\u2019heure a finalement bascul\u00e9 sur une erreur de\u2026 Kouassi. Tentant de remettre vers l\u2019arri\u00e8re en direction de sa d\u00e9fense sur ce long d\u00e9gagement d\u2019\u00d6zer, Fernandez-Pardo prenait tout le monde de vitesse pour marquer son doubl\u00e9 (1-3, 77e). Un vrai coup de bambou dont Lorient ne se remettait pas. Quelques instants plus tard, Igamane r\u00e9alisait un num\u00e9ro depuis le milieu de terrain que Fernandez-Pardo \u00e9chouait \u00e0 conclure mais le tir sur la barre profitait au Marocain (1-4, 80e). Cette fois, la messe \u00e9tait dite, d\u2019autant qu\u2019Haraldsson participait \u00e0 la f\u00eate (1-5, 87e), puis Igamane pour le doubl\u00e9 (1-6, 90e+3) et m\u00eame l\u2019entrant Sahraoui (1-7, 90e+5). Le LOSC n\u2019esp\u00e9rait sans doute pas tant de ce d\u00e9placement mais <a href=\"https:\/\/www.footmercato.net\/france\/ligue-1\/classement\" rel=\"nofollow noopener\" target=\"_blank\">le voil\u00e0 leader<\/a> en plus de ce tr\u00e8s large succ\u00e8s.<\/p>\n<p>\n    Pub. le 30\/08\/2025 18:56<br \/>\n            &#8211; MAJ le 31\/08\/2025 22:35\n    <\/p>\n","protected":false},"excerpt":{"rendered":"Deux \u00e9quipes en forme et d\u00e9j\u00e0 spectaculaires se retrouvaient sous la pluie du Moustoir. C\u2019est sur cette m\u00eame&hellip;\n","protected":false},"author":2,"featured_media":22154,"comment_status":"","ping_status":"","sticky":false,"template":"","format":"standard","meta":{"footnotes":""},"categories":[2815],"tags":[1111,11,1777,674,1011,27,811,1307,12,25],"class_list":{"0":"post-357438","1":"post","2":"type-post","3":"status-publish","4":"format-standard","5":"has-post-thumbnail","7":"category-lille","8":"tag-actu","9":"tag-actualites","10":"tag-eu","11":"tag-europe","12":"tag-fr","13":"tag-france","14":"tag-hauts-de-france","15":"tag-lille","16":"tag-news","17":"tag-republique-francaise"},"share_on_mastodon":{"url":"https:\/\/pubeurope.com\/@fr\/115126571063071796","error":""},"_links":{"self":[{"href":"https:\/\/www.europesays.com\/fr\/wp-json\/wp\/v2\/posts\/357438","targetHints":{"allow":["GET"]}}],"collection":[{"href":"https:\/\/www.europesays.com\/fr\/wp-json\/wp\/v2\/posts"}],"about":[{"href":"https:\/\/www.europesays.com\/fr\/wp-json\/wp\/v2\/types\/post"}],"author":[{"embeddable":true,"href":"https:\/\/www.europesays.com\/fr\/wp-json\/wp\/v2\/users\/2"}],"replies":[{"embeddable":true,"href":"https:\/\/www.europesays.com\/fr\/wp-json\/wp\/v2\/comments?post=357438"}],"version-history":[{"count":0,"href":"https:\/\/www.europesays.com\/fr\/wp-json\/wp\/v2\/posts\/357438\/revisions"}],"wp:featuredmedia":[{"embeddable":true,"href":"https:\/\/www.europesays.com\/fr\/wp-json\/wp\/v2\/media\/22154"}],"wp:attachment":[{"href":"https:\/\/www.europesays.com\/fr\/wp-json\/wp\/v2\/media?parent=357438"}],"wp:term":[{"taxonomy":"category","embeddable":true,"href":"https:\/\/www.europesays.com\/fr\/wp-json\/wp\/v2\/categories?post=357438"},{"taxonomy":"post_tag","embeddable":true,"href":"https:\/\/www.europesays.com\/fr\/wp-json\/wp\/v2\/tags?post=357438"}],"curies":[{"name":"wp","href":"https:\/\/api.w.org\/{rel}","templated":true}]}}