{"id":357439,"date":"2025-09-01T02:00:12","date_gmt":"2025-09-01T02:00:12","guid":{"rendered":"https:\/\/www.europesays.com\/fr\/357439\/"},"modified":"2025-09-01T02:00:12","modified_gmt":"2025-09-01T02:00:12","slug":"previsions-du-lundi-1-septembre-2025-9","status":"publish","type":"post","link":"https:\/\/www.europesays.com\/fr\/357439\/","title":{"rendered":"pr\u00e9visions du lundi 1 septembre 2025"},"content":{"rendered":"<p>\u00c0 Marseille, les valeurs s&rsquo;\u00e9chelonneront entre 20\u00b0C et 24\u00b0C dans la journ\u00e9e. Une brise de sud-est soufflera doucement. Encore de la grisaille le matin. Les nuages vont s&rsquo;attarder. Faites attention, des orages de faible intensit\u00e9 vont gronder. Les temp\u00e9ratures afficheront entre 22 et 24\u00b0C. De petites averses rendront l&rsquo;apr\u00e8s-midi morose. Les valeurs iront de 21 \u00e0 24\u00b0C. Dans la soir\u00e9e, des pluies \u00e9parses sont pr\u00e9vues. Les temp\u00e9ratures seront de 20\u00b0C. Une nuit claire vous attendra entre lundi et mardi.<\/p>\n<p>Demain, les Marseillais vont pouvoir profiter d&rsquo;un soleil radieux. Les temp\u00e9ratures vont descendre de quelques degr\u00e9s. Les valeurs seront comprises entre 18 et 23\u00b0C. Un vent de nord-ouest soufflera \u00e0 27 km\/h. Les valeurs seront de 18\u00b0C au plus bas et de 22\u00b0C au plus haut la matin\u00e9e. Demain apr\u00e8s-midi, le thermom\u00e8tre affichera 23\u00b0C en moyenne. Les maximales iront jusqu&rsquo;\u00e0 23\u00b0C dans la soir\u00e9e alors que les minimales seront de 22\u00b0C.<\/p>\n<p>Le temps restera inchang\u00e9 les jours \u00e0 venir. Une m\u00e9t\u00e9o ensoleill\u00e9e, avec des temp\u00e9ratures de 25\u00b0C en moyenne, est pr\u00e9vue.<\/p>\n<p><\/p>\n","protected":false},"excerpt":{"rendered":"\u00c0 Marseille, les valeurs s&rsquo;\u00e9chelonneront entre 20\u00b0C et 24\u00b0C dans la journ\u00e9e. Une brise de sud-est soufflera doucement.&hellip;\n","protected":false},"author":2,"featured_media":357440,"comment_status":"","ping_status":"","sticky":false,"template":"","format":"standard","meta":{"footnotes":""},"categories":[2814],"tags":[1111,11,885,1777,674,1011,27,884,12,883,2119,882,25],"class_list":{"0":"post-357439","1":"post","2":"type-post","3":"status-publish","4":"format-standard","5":"has-post-thumbnail","7":"category-marseille","8":"tag-actu","9":"tag-actualites","10":"tag-bouches-du-rhone","11":"tag-eu","12":"tag-europe","13":"tag-fr","14":"tag-france","15":"tag-marseille","16":"tag-news","17":"tag-paca","18":"tag-previsions-meteo","19":"tag-provence-alpes-cote-dazur","20":"tag-republique-francaise"},"share_on_mastodon":{"url":"https:\/\/pubeurope.com\/@fr\/115126575123286313","error":""},"_links":{"self":[{"href":"https:\/\/www.europesays.com\/fr\/wp-json\/wp\/v2\/posts\/357439","targetHints":{"allow":["GET"]}}],"collection":[{"href":"https:\/\/www.europesays.com\/fr\/wp-json\/wp\/v2\/posts"}],"about":[{"href":"https:\/\/www.europesays.com\/fr\/wp-json\/wp\/v2\/types\/post"}],"author":[{"embeddable":true,"href":"https:\/\/www.europesays.com\/fr\/wp-json\/wp\/v2\/users\/2"}],"replies":[{"embeddable":true,"href":"https:\/\/www.europesays.com\/fr\/wp-json\/wp\/v2\/comments?post=357439"}],"version-history":[{"count":0,"href":"https:\/\/www.europesays.com\/fr\/wp-json\/wp\/v2\/posts\/357439\/revisions"}],"wp:featuredmedia":[{"embeddable":true,"href":"https:\/\/www.europesays.com\/fr\/wp-json\/wp\/v2\/media\/357440"}],"wp:attachment":[{"href":"https:\/\/www.europesays.com\/fr\/wp-json\/wp\/v2\/media?parent=357439"}],"wp:term":[{"taxonomy":"category","embeddable":true,"href":"https:\/\/www.europesays.com\/fr\/wp-json\/wp\/v2\/categories?post=357439"},{"taxonomy":"post_tag","embeddable":true,"href":"https:\/\/www.europesays.com\/fr\/wp-json\/wp\/v2\/tags?post=357439"}],"curies":[{"name":"wp","href":"https:\/\/api.w.org\/{rel}","templated":true}]}}