{"id":357441,"date":"2025-09-01T02:01:22","date_gmt":"2025-09-01T02:01:22","guid":{"rendered":"https:\/\/www.europesays.com\/fr\/357441\/"},"modified":"2025-09-01T02:01:22","modified_gmt":"2025-09-01T02:01:22","slug":"leonardo-balerdi-fait-son-mea-culpa","status":"publish","type":"post","link":"https:\/\/www.europesays.com\/fr\/357441\/","title":{"rendered":"Leonardo Balerdi fait son mea culpa"},"content":{"rendered":"<p>En zone mixte, <a href=\"https:\/\/www.footmercato.net\/joueur\/leonardo-balerdi\/\" rel=\"nofollow noopener\" target=\"_blank\">Leonardo Balerdi<\/a> a assum\u00e9 apr\u00e8s <a href=\"https:\/\/www.footmercato.net\/a3367147456344887668-ol-om-les-notes-du-match\" rel=\"nofollow noopener\" target=\"_blank\">la d\u00e9faite de l\u2019OM face \u00e0 l\u2019OL<\/a> (1-0) durant laquelle il n\u2019a pas \u00e9t\u00e9 au top de sa forme. Conscient de cela, il s\u2019est exprim\u00e9 face \u00e0 la presse. <\/p>\n<p>            La suite apr\u00e8s cette publicit\u00e9<\/p>\n<p>\u00abC\u2019est tr\u00e8s dur. On \u00e9tait venu chercher les trois points. Apr\u00e8s l\u2019erreur, je prends la responsabilit\u00e9 de l\u2019expulsion de CJ. C\u2019est moi qui ai commenc\u00e9. C\u2019\u00e9tait triste comme soir\u00e9e. C\u2019est une d\u00e9faite, c\u2019est dur. Il faudra r\u00e9fl\u00e9chir \u00e0 ce qu\u2019on a fait de mal pour repartir. Mais aujourd\u2019hui, c\u2019est tr\u00e8s dur (\u2026) Il faut se tranquilliser, car une d\u00e9faite comme \u00e7a, c\u2019est tr\u00e8s dur pour la t\u00eate. Il faut profiter de la tr\u00eave, rester humbles. On a fait de bonnes choses mais ce soir (hier, ndlr), ce n\u2019\u00e9tait pas le cas. On a un long chemin.\u00bb En effet, entre la <a href=\"https:\/\/www.footmercato.net\/france\/ligue-1\/\" rel=\"nofollow noopener\" target=\"_blank\">Ligue 1<\/a> et la Champions League, l\u2019OM aura du pain sur la planche apr\u00e8s la tr\u00eave internationale. <\/p>\n<p>\n    Pub. le 01\/09\/2025 00:54<br \/>\n            &#8211; MAJ le 01\/09\/2025 03:50\n    <\/p>\n","protected":false},"excerpt":{"rendered":"En zone mixte, Leonardo Balerdi a assum\u00e9 apr\u00e8s la d\u00e9faite de l\u2019OM face \u00e0 l\u2019OL (1-0) durant laquelle&hellip;\n","protected":false},"author":2,"featured_media":340616,"comment_status":"","ping_status":"","sticky":false,"template":"","format":"standard","meta":{"footnotes":""},"categories":[2814],"tags":[1111,11,1777,674,1011,27,884,12,882,25],"class_list":{"0":"post-357441","1":"post","2":"type-post","3":"status-publish","4":"format-standard","5":"has-post-thumbnail","7":"category-marseille","8":"tag-actu","9":"tag-actualites","10":"tag-eu","11":"tag-europe","12":"tag-fr","13":"tag-france","14":"tag-marseille","15":"tag-news","16":"tag-provence-alpes-cote-dazur","17":"tag-republique-francaise"},"share_on_mastodon":{"url":"https:\/\/pubeurope.com\/@fr\/115126578960224990","error":""},"_links":{"self":[{"href":"https:\/\/www.europesays.com\/fr\/wp-json\/wp\/v2\/posts\/357441","targetHints":{"allow":["GET"]}}],"collection":[{"href":"https:\/\/www.europesays.com\/fr\/wp-json\/wp\/v2\/posts"}],"about":[{"href":"https:\/\/www.europesays.com\/fr\/wp-json\/wp\/v2\/types\/post"}],"author":[{"embeddable":true,"href":"https:\/\/www.europesays.com\/fr\/wp-json\/wp\/v2\/users\/2"}],"replies":[{"embeddable":true,"href":"https:\/\/www.europesays.com\/fr\/wp-json\/wp\/v2\/comments?post=357441"}],"version-history":[{"count":0,"href":"https:\/\/www.europesays.com\/fr\/wp-json\/wp\/v2\/posts\/357441\/revisions"}],"wp:featuredmedia":[{"embeddable":true,"href":"https:\/\/www.europesays.com\/fr\/wp-json\/wp\/v2\/media\/340616"}],"wp:attachment":[{"href":"https:\/\/www.europesays.com\/fr\/wp-json\/wp\/v2\/media?parent=357441"}],"wp:term":[{"taxonomy":"category","embeddable":true,"href":"https:\/\/www.europesays.com\/fr\/wp-json\/wp\/v2\/categories?post=357441"},{"taxonomy":"post_tag","embeddable":true,"href":"https:\/\/www.europesays.com\/fr\/wp-json\/wp\/v2\/tags?post=357441"}],"curies":[{"name":"wp","href":"https:\/\/api.w.org\/{rel}","templated":true}]}}